{"id":24257,"date":"2025-06-04T07:00:40","date_gmt":"2025-06-04T05:00:40","guid":{"rendered":"https:\/\/www.generationsanstabac.org\/?post_type=actualites&#038;p=24257"},"modified":"2025-06-02T13:54:21","modified_gmt":"2025-06-02T11:54:21","slug":"lutte-antitabac-une-priorite-de-la-prochaine-reunion-de-lonu-sur-les-maladies-non-transmissibles","status":"publish","type":"actualites","link":"https:\/\/www.generationsanstabac.org\/fr\/actualites\/lutte-antitabac-une-priorite-de-la-prochaine-reunion-de-lonu-sur-les-maladies-non-transmissibles\/","title":{"rendered":"Lutte antitabac : une priorit\u00e9 de la prochaine r\u00e9union de l\u2019ONU sur les maladies non transmissibles"},"content":{"rendered":"<p style=\"text-align: justify\"><em>Alors que se profile la 4e R\u00e9union de haut niveau des Nations Unies sur les maladies non transmissibles (MNT), pr\u00e9vue en septembre 2025 \u00e0 New York, les acteurs de la lutte antitabac appellent \u00e0 renforcer les engagements internationaux. Le projet de d\u00e9claration politique (\u00ab <\/em><a href=\"https:\/\/www.un.org\/pga\/wp-content\/uploads\/sites\/109\/2025\/05\/Zero-Draft-PD-on-NCDs-and-Mental-Health-13-May_.pdf\"><em>Zero Draft<\/em><\/a><em> \u00bb), en cours de n\u00e9gociation, constitue une opportunit\u00e9 d\u00e9cisive pour faire avancer la mise en \u0153uvre de la Convention-cadre de l\u2019OMS pour la lutte antitabac (CCLAT), vingt ans apr\u00e8s son adoption.<\/em><\/p>\n<h2 style=\"text-align: justify\"><strong>Une cible mondiale ambitieuse : 150 millions de fumeurs en moins d\u2019ici 2030<\/strong><\/h2>\n<p style=\"text-align: justify\">Le tabac est aujourd\u2019hui responsable de plus de 8 millions de d\u00e9c\u00e8s chaque ann\u00e9e dans le monde, dont une large part pourrait \u00eatre \u00e9vit\u00e9e. Il constitue l\u2019un des principaux facteurs de risque des maladies chroniques telles que les cancers, les maladies cardiovasculaires, les accidents vasculaires c\u00e9r\u00e9braux et les pathologies respiratoires. Le <em>Zero Draft<\/em> rappelle que 1,3 milliard de personnes consomment encore du tabac dans le monde et fixe un objectif mondial ambitieux : r\u00e9duire de 150 millions le nombre de fumeurs d\u2019ici 2030. Cette cible s\u2019inscrit dans une strat\u00e9gie plus large visant \u00e0 r\u00e9duire d\u2019un tiers la mortalit\u00e9 pr\u00e9matur\u00e9e li\u00e9e aux MNT d\u2019ici 2030, conform\u00e9ment \u00e0 l\u2019Objectif de d\u00e9veloppement durable 3.4, et \u00e0 mettre en \u0153uvre pleinement la Convention-cadre de l\u2019OMS pour la lutte antitabac (CCLAT), cit\u00e9e dans l\u2019ODD 3.a.<\/p>\n<h2 style=\"text-align: justify\"><strong>Un appel \u00e0 renforcer les mesures de sant\u00e9 publique<\/strong><\/h2>\n<p style=\"text-align: justify\">Pour atteindre ces objectifs, les \u00c9tats sont appel\u00e9s \u00e0 acc\u00e9l\u00e9rer l\u2019application des mesures les plus efficaces en mati\u00e8re de r\u00e9duction de la demande. Le projet de d\u00e9claration appelle notamment \u00e0 g\u00e9n\u00e9raliser les avertissements sanitaires graphiques et le paquet neutre sur les produits du tabac, \u00e0 interdire toute forme de publicit\u00e9, de promotion ou de parrainage, y compris dans les environnements num\u00e9riques, et \u00e0 garantir la protection des citoyens contre l\u2019exposition \u00e0 la fum\u00e9e dans tous les lieux publics ferm\u00e9s, les espaces professionnels et les transports. Une attention particuli\u00e8re est port\u00e9e \u00e0 la fiscalit\u00e9 : le texte recommande que d\u2019ici 2030, au moins 80 % des pays appliquent une taxation du tabac conforme aux recommandations de l\u2019OMS, soit une taxation repr\u00e9sentant au minimum 75 % du prix de vente au d\u00e9tail. Le <em>Zero Draft<\/em> appelle \u00e9galement \u00e0 une r\u00e9glementation plus stricte des nouveaux produits de la nicotine, en particulier les dispositifs \u00e9lectroniques de vapotage souvent promus aupr\u00e8s des jeunes comme des produits inoffensifs ou de substitution.<\/p>\n<h2 style=\"text-align: justify\"><strong>Une approche int\u00e9gr\u00e9e de la sant\u00e9, de la justice sociale et du d\u00e9veloppement<\/strong><\/h2>\n<p style=\"text-align: justify\">La lutte antitabac est \u00e9galement inscrite dans une perspective plus large de justice sociale et de d\u00e9veloppement durable. Le projet de d\u00e9claration souligne que les MNT et leurs facteurs de risque affectent de mani\u00e8re disproportionn\u00e9e les populations les plus pauvres et les plus vuln\u00e9rables. Il reconna\u00eet l\u2019impact du tabagisme sur les in\u00e9galit\u00e9s de sant\u00e9, notamment en milieu urbain, dans les \u00c9tats insulaires, chez les jeunes, les femmes et les personnes vivant dans des contextes de crise ou d\u2019instabilit\u00e9 \u00e9conomique. L\u2019int\u00e9gration des services de sevrage tabagique dans les soins de sant\u00e9 primaires est pr\u00e9sent\u00e9e comme une priorit\u00e9, de m\u00eame que le renforcement des programmes d\u2019information et de pr\u00e9vention \u00e0 destination du grand public, notamment des enfants et des adolescents, dans les \u00e9tablissements scolaires et communautaires.<\/p>\n<h2 style=\"text-align: justify\"><strong>Mieux encadrer les d\u00e9terminants commerciaux de la sant\u00e9<\/strong><\/h2>\n<p style=\"text-align: justify\">Le texte appelle \u00e9galement \u00e0 mieux prendre en compte les d\u00e9terminants commerciaux de la sant\u00e9. Bien que cette notion ne soit pas explicitement formul\u00e9e dans la version actuelle du <em>Zero Draft<\/em>, elle est largement \u00e9voqu\u00e9e \u00e0 travers les recommandations relatives \u00e0 la fiscalit\u00e9, \u00e0 la r\u00e9glementation du marketing, \u00e0 la lutte contre la d\u00e9sinformation et \u00e0 la n\u00e9cessit\u00e9 de cr\u00e9er des environnements favorables \u00e0 la sant\u00e9. Le rapport du Secr\u00e9taire g\u00e9n\u00e9ral des Nations Unies publi\u00e9 en janvier 2025 (A\/79\/762) insiste pourtant sur ces d\u00e9terminants. Celui-ci souligne combien les strat\u00e9gies commerciales et les pratiques des grandes industries, notamment du tabac, constituent des freins majeurs aux progr\u00e8s sanitaires. Dans cette perspective, la Global Alliance for Tobacco Control (GATC) appelle \u00e0 inclure explicitement dans la version finale de la d\u00e9claration des engagements visant \u00e0 encadrer les pratiques commerciales nocives et \u00e0 prot\u00e9ger les politiques de sant\u00e9 publique des int\u00e9r\u00eats industriels.<\/p>\n<h2 style=\"text-align: justify\"><strong>Prot\u00e9ger les politiques publiques de l\u2019influence de l\u2019industrie<\/strong><\/h2>\n<p style=\"text-align: justify\">La question de l\u2019ing\u00e9rence de l\u2019industrie du tabac fait \u00e9galement partie des pr\u00e9occupations majeures. Bien que l\u2019article 5.3 de la CCLAT ne soit pas explicitement nomm\u00e9 dans le texte actuel, la n\u00e9cessit\u00e9 de garantir la transparence des politiques publiques et de pr\u00e9venir les conflits d\u2019int\u00e9r\u00eats est clairement affirm\u00e9e. La GATC plaide pour que la version finale du texte inclue un engagement pr\u00e9cis \u00e0 mettre en \u0153uvre cet article, afin de prot\u00e9ger les processus d\u00e9cisionnels contre l\u2019influence directe ou indirecte des fabricants de produits du tabac et de nicotine.<\/p>\n<p style=\"text-align: justify\">Enfin, le projet pointe la n\u00e9cessit\u00e9 d\u2019un financement durable pour atteindre les cibles fix\u00e9es. Il encourage les \u00c9tats \u00e0 augmenter les ressources budg\u00e9taires allou\u00e9es \u00e0 la lutte contre les MNT, \u00e0 travers une meilleure gouvernance financi\u00e8re et des taxes cibl\u00e9es sur les produits nocifs comme le tabac. Il invite \u00e9galement les bailleurs internationaux, notamment le Fonds mondial, \u00e0 soutenir les politiques de pr\u00e9vention, dont celles ax\u00e9es sur la lutte antitabac. L\u2019objectif est clair : faire en sorte qu\u2019au moins 80 % des pays disposent d\u2019un syst\u00e8me de sant\u00e9 couvrant les soins, les diagnostics et les m\u00e9dicaments li\u00e9s aux MNT d\u2019ici 2030.<\/p>\n<p style=\"text-align: justify\"><strong style=\"text-align: justify\"><a href=\"https:\/\/www.generationsanstabac.org\/\">\u00a9G\u00e9n\u00e9ration Sans Tabac<\/a><\/strong><\/p>\n<p style=\"text-align: right\"><em><strong>AE<\/strong><\/em><\/p>\n<hr \/>\n<p><strong style=\"color: #999999\"><a style=\"color: #999999\" href=\"http:\/\/www.cnct.fr\/\" target=\"_blank\" rel=\"noopener noreferrer\">Comit\u00e9 national contre le tabagisme |<\/a><\/strong><\/p>\n","protected":false},"excerpt":{"rendered":"<p>Alors que se profile la 4e R\u00e9union de haut niveau des Nations Unies sur les maladies non transmissibles (MNT), pr\u00e9vue en septembre 2025 \u00e0 New York, les acteurs de la lutte antitabac appellent \u00e0 renforcer les engagements internationaux. Le projet de d\u00e9claration politique (\u00ab Zero Draft \u00bb), en cours de n\u00e9gociation, constitue une opportunit\u00e9 d\u00e9cisive pour faire avancer la mise en \u0153uvre de la Convention-cadre de l\u2019OMS pour la lutte antitabac (CCLAT), vingt ans apr\u00e8s son adoption.<\/p>\n","protected":false},"featured_media":24260,"template":"","tags":[],"thematique":[491,474],"class_list":["post-24257","actualites","type-actualites","status-publish","has-post-thumbnail","hentry","thematique-politiques-publiques","thematique-sante"],"acf":[],"_links":{"self":[{"href":"https:\/\/www.generationsanstabac.org\/fr\/wp-json\/wp\/v2\/actualites\/24257","targetHints":{"allow":["GET"]}}],"collection":[{"href":"https:\/\/www.generationsanstabac.org\/fr\/wp-json\/wp\/v2\/actualites"}],"about":[{"href":"https:\/\/www.generationsanstabac.org\/fr\/wp-json\/wp\/v2\/types\/actualites"}],"version-history":[{"count":1,"href":"https:\/\/www.generationsanstabac.org\/fr\/wp-json\/wp\/v2\/actualites\/24257\/revisions"}],"predecessor-version":[{"id":24261,"href":"https:\/\/www.generationsanstabac.org\/fr\/wp-json\/wp\/v2\/actualites\/24257\/revisions\/24261"}],"wp:featuredmedia":[{"embeddable":true,"href":"https:\/\/www.generationsanstabac.org\/fr\/wp-json\/wp\/v2\/media\/24260"}],"wp:attachment":[{"href":"https:\/\/www.generationsanstabac.org\/fr\/wp-json\/wp\/v2\/media?parent=24257"}],"wp:term":[{"taxonomy":"post_tag","embeddable":true,"href":"https:\/\/www.generationsanstabac.org\/fr\/wp-json\/wp\/v2\/tags?post=24257"},{"taxonomy":"thematique","embeddable":true,"href":"https:\/\/www.generationsanstabac.org\/fr\/wp-json\/wp\/v2\/thematique?post=24257"}],"curies":[{"name":"wp","href":"https:\/\/api.w.org\/{rel}","templated":true}]}}