{"id":24181,"date":"2025-05-25T07:00:46","date_gmt":"2025-05-25T05:00:46","guid":{"rendered":"https:\/\/www.generationsanstabac.org\/?post_type=actualites&#038;p=24181"},"modified":"2025-05-28T11:28:24","modified_gmt":"2025-05-28T09:28:24","slug":"france-nuances-socioeconomiques-et-territoriales-de-la-consommation-de-tabac-et-de-vapotage-en-france","status":"publish","type":"actualites","link":"https:\/\/www.generationsanstabac.org\/fr\/actualites\/france-nuances-socioeconomiques-et-territoriales-de-la-consommation-de-tabac-et-de-vapotage-en-france\/","title":{"rendered":"France : nuances socio\u00e9conomiques et territoriales de la consommation de tabac et de vapotage"},"content":{"rendered":"<p style=\"text-align: justify\"><em>En 2023, un \u00e9chantillon repr\u00e9sentatif de 14\u00a0984 adultes \u00e2g\u00e9s de 18 \u00e0 75 ans vivant en France hexagonale a \u00e9t\u00e9 interrog\u00e9 dans le cadre de l\u2019Enqu\u00eate sur les repr\u00e9sentations, opinions et perceptions sur les psychotropes (EROPP) conduite par l\u2019Observatoire fran\u00e7ais des drogues et des tendances\u00a0addictives (OFDT) depuis 1999<a href=\"#_ftn1\" name=\"_ftnref1\"><strong>[1]<\/strong><\/a>. L\u2019OFDT,\u00a0en partenariat avec Sant\u00e9 publique France, a d\u00e9voil\u00e9 les niveaux de consommation de tabac par r\u00e9gion au sein de la population adulte de France m\u00e9tropolitaine<a href=\"#_ftn2\" name=\"_ftnref2\"><strong>[2]<\/strong><\/a>. Cette \u00e9tude compl\u00e8te les r\u00e9sultats de l\u2019enqu\u00eate nationale de l\u2019OFDT\u00a0publi\u00e9s en novembre 2024\u00a0en d\u00e9taillant \u00e9galement les niveaux de consommation du tabagisme en fonction des principaux facteurs socio\u00e9conomiques. Elle r\u00e9v\u00e8le notamment que moins d\u2019un Fran\u00e7ais sur quatre fume quotidiennement, la plus faible proportion depuis plus de 30 ans mais qui demeure \u00e0 un niveau particuli\u00e8rement \u00e9lev\u00e9 par comparaison avec la plupart des pays. Le vapotage est en hausse mais sa consommation reste plus limit\u00e9e.<\/em><\/p>\n<h2 style=\"text-align: justify\">Recul du tabagisme, progression du vapotage et fortes disparit\u00e9s sociales<\/h2>\n<p style=\"text-align: justify\">Entre 2021 et 2023, le tabagisme quotidien a diminu\u00e9, avec 23,1\u00a0% de fumeurs quotidiens en 2023 contre 25,3\u00a0% en 2021. \u00c0 cela s\u2019ajoutent 8 % de la population des 18-75 ans qui fument occasionnellement. C\u2019est la proportion de fumeurs quotidiens la plus basse depuis la fin des ann\u00e9es 1990. N\u00e9anmoins, par rapport \u00e0 la pr\u00e9valence tabagique mondiale, comprenant fumeurs quotidiens et occasionnels, de 21,7 % en 2020<a href=\"#_ftn3\" name=\"_ftnref3\">[3]<\/a>, le probl\u00e8me du tabagisme en France demeure majeur.<\/p>\n<p style=\"text-align: justify\">Les cigarettes manufactur\u00e9es restent les plus fum\u00e9es devant les cigarettes \u00e0 rouler. Les cigarillos, les cigares ou la chicha sont beaucoup moins consomm\u00e9s, avec moins de 5 % d\u2019usagers, dont tr\u00e8s peu de fa\u00e7on quotidienne<a href=\"#_ftn4\" name=\"_ftnref4\">[4]<\/a>.<\/p>\n<p style=\"text-align: justify\">La r\u00e9cente baisse du tabagisme quotidien est plus marqu\u00e9e chez les ch\u00f4meurs. Par rapport \u00e0 2021, la proportion de fumeurs quotidiens parmi les personnes au ch\u00f4mage a baiss\u00e9 de 10 points, passant de 45,8 % (contre 20 % chez les actifs occup\u00e9s) \u00e0 35,7 %.<\/p>\n<p style=\"text-align: justify\">Les personnes sans dipl\u00f4me ou ayant un dipl\u00f4me inf\u00e9rieur au baccalaur\u00e9at fument beaucoup plus (28,9\u00a0%) que celles d\u00e9clarant un dipl\u00f4me sup\u00e9rieur au baccalaur\u00e9at (16,6\u00a0%). La pr\u00e9valence du tabagisme quotidien est presque deux fois plus \u00e9lev\u00e9e parmi les personnes d\u00e9clarant des revenus inf\u00e9rieurs \u00e0 1 160 euros (30,3 %) que parmi celles dont le revenu est sup\u00e9rieur \u00e0 2 510 euros (17 %).<\/p>\n<p style=\"text-align: justify\">La part des fumeurs quotidiens diminue nettement avec l\u2019\u00e2ge jusqu\u2019\u00e0 atteindre une personne sur dix entre 65 et 75 ans. En revanche, le tabagisme culmine entre 25 et 44 ans, o\u00f9 il concerne trois personnes sur dix<em>. <\/em>Les hommes restent plus nombreux \u00e0 fumer quotidiennement que les femmes, 25,4\u00a0% contre 20,9\u00a0%.<\/p>\n<p style=\"text-align: justify\">Concernant le vapotage, la proportion d\u2019adultes d\u00e9clarant avoir d\u00e9j\u00e0 vapot\u00e9 au cours de leur vie a presque doubl\u00e9 en neuf ans, passant de 25,7 % en 2014 \u00e0 41,8 % en 2023. En 2023, le vapotage actuel concerne 8,3 % des 18-75 ans. Il s\u2019agit le plus souvent d\u2019un usage quotidien (6,1 % des 18-75 ans) qui touche toutes les cat\u00e9gories de la population fran\u00e7aise adulte. Les hommes sont plus nombreux \u00e0 vapoter quotidiennement (6,8 %) que les femmes (5,4 %).<\/p>\n<p style=\"text-align: justify\">Enfin, 4,8 % des adultes disent \u00e0 la fois fumer du tabac et vapoter, la moiti\u00e9 d&rsquo;entre eux de mani\u00e8re quotidienne, soit 2,1 % des 18-75 ans. Le vapotage quotidien est presque aussi r\u00e9pandu parmi les fumeurs occasionnels (11,2 %) que parmi les fumeurs quotidiens (9,1 %).<\/p>\n<h2 style=\"text-align: justify\">L\u2019\u00e9tude r\u00e9v\u00e8le \u00e9galement des diff\u00e9rences territoriales du tabagisme et du vapotage<\/h2>\n<p style=\"text-align: justify\">Quatre r\u00e9gions se distinguent concernant le pourcentage de fumeurs quotidiens. L\u2019\u00cele-de-France (19,6 %) et la Bretagne (19,5 %) sont les deux r\u00e9gions o\u00f9 le tabagisme quotidien est relativement plus faible que celui de la France m\u00e9tropolitaine. \u00a0Les r\u00e9gions Provence-Alpes-C\u00f4te d&rsquo;Azur (26,5 %) et Bourgogne-Franche-Comt\u00e9 (26,8 %) affichent les taux les plus \u00e9lev\u00e9s avec un \u00e9cart d\u2019environ 7 points. En 2023, le vapotage quotidien est plus fr\u00e9quent dans deux r\u00e9gions de France hexagonale que sont la Bretagne (8,5 %) et la Normandie (8,1 %).<\/p>\n<p style=\"text-align: justify\">Entre 2021 et 2023, la Bretagne, l\u2019\u00cele-de-France et la r\u00e9gion Auvergne-Rh\u00f4ne-Alpes sont celles qui ont connu la baisse la plus significative de la pr\u00e9valence du tabagisme quotidien. En 2021, la Bretagne avait une pr\u00e9valence de 23,1 % et l\u2019\u00cele-de-France de 22,4 %. En 2023, ces chiffres ont diminu\u00e9 respectivement \u00e0 19,5 % et 19,6 %. La r\u00e9gion Auvergne-Rh\u00f4ne-Alpes a \u00e9galement enregistr\u00e9 une baisse notable, passant de 24,9 % en 2021 \u00e0 21,6 % en 2023, soit une diminution d\u2019environ 3,3 points.<\/p>\n<p style=\"text-align: justify\">Bien que certaines sp\u00e9cificit\u00e9s r\u00e9gionales puissent exister, plusieurs facteurs peuvent contribuer \u00e0 les expliquer. Ces facteurs peuvent \u00eatre culturels, comme la perception des usages <a href=\"https:\/\/www.generationsanstabac.org\/fr\/actualites\/lalliance-contre-le-tabac-alerte-sur-la-presence-de-la-cigarette-dans-le-cinema-et-les-series\/\">influenc\u00e9e par la repr\u00e9sentation du tabac \u00e0 l\u2019\u00e9cran<\/a> ou <a href=\"https:\/\/www.generationsanstabac.org\/fr\/decryptages\/megothon-une-mobilisation-citoyenne-instrumentalisee-par-lindustrie-du-tabac\/\">l\u2019implication de l\u2019industrie du tabac dans les actions locales<\/a>. Ils peuvent aussi \u00eatre socio-\u00e9conomiques, li\u00e9s aux conditions de vie ou aux modes d\u2019approvisionnement. Enfin, les politiques locales de lutte et de pr\u00e9vention contre le tabagisme jouent \u00e9galement un r\u00f4le important.<\/p>\n<p style=\"text-align: justify\"><strong style=\"text-align: justify\"><a href=\"https:\/\/www.generationsanstabac.org\/\">\u00a9G\u00e9n\u00e9ration Sans Tabac<\/a><\/strong><\/p>\n<p style=\"text-align: right\"><em><strong>AD<\/strong><\/em><\/p>\n<hr \/>\n<p style=\"text-align: justify\"><a href=\"#_ftnref1\" name=\"_ftn1\">[1]<\/a>Le N\u00e9zet O., Pasquereau A., Guignard R. Philippon A., Nguyen-Thanh V., Spilka S., \u00ab\u00a0Tabagisme et vapotage parmi les 18-75 ans en 2023\u00a0\u00bb, Tendances, OFDT, 2025, n\u00b0 168, <a href=\"https:\/\/www.ofdt.fr\/sites\/ofdt\/files\/2025-05\/tendances_168_0.pdf\">https:\/\/www.ofdt.fr\/sites\/ofdt\/files\/2025-05\/tendances_168_0.pdf<\/a><\/p>\n<p style=\"text-align: justify\"><a href=\"#_ftnref2\" name=\"_ftn2\">[2]<\/a>Observatoire fran\u00e7ais des drogues et des tendances addictives, <a href=\"https:\/\/www.ofdt.fr\/communique-de-presse\/tabagisme-et-vapotage-parmi-les-18-75-ans-en-2023-2525\">Tabagisme et vapotage parmi les 18-75 ans en 2023<\/a>, publi\u00e9 le 20 mai 2025, consult\u00e9 le 20 mai 2025<\/p>\n<p style=\"text-align: justify\"><a href=\"#_ftnref3\" name=\"_ftn3\">[3]<\/a>G\u00e9n\u00e9ration sans tabac, <a href=\"https:\/\/www.generationsanstabac.org\/fr\/fiches\/evolution-de-la-consommation-tabagique-dans-le-monde-2000-2030\/#:~:text=Un%20recul%20de%20la%20pr%C3%A9valence,21%2C7%25%20en%202020.\">Evolution de la consommation tabagique dans le monde (2000-2030)<\/a>, publi\u00e9 le 25 janvier 2024, consult\u00e9 le 21 mai 2025<\/p>\n<p style=\"text-align: justify\"><a href=\"#_ftnref4\" name=\"_ftn4\">[4]<\/a>De La Chesnais \u00c9ric, <a href=\"https:\/\/www.lefigaro.fr\/actualite-france\/la-consommation-de-cigarettes-continue-de-chuter-20250520\">La consommation de cigarettes continue de chuter<\/a>, Le Figaro, publi\u00e9 le 20 mai 2025, consult\u00e9 le 20 mai 2025<\/p>\n<p style=\"text-align: justify\"><strong style=\"color: #999999\"><a style=\"color: #999999\" href=\"http:\/\/www.cnct.fr\/\" target=\"_blank\" rel=\"noopener noreferrer\">Comit\u00e9 national contre le tabagisme |<\/a><\/strong><\/p>\n","protected":false},"excerpt":{"rendered":"<p>En 2023, un \u00e9chantillon repr\u00e9sentatif de 14\u00a0984 adultes \u00e2g\u00e9s de 18 \u00e0 75 ans vivant en France hexagonale a \u00e9t\u00e9 interrog\u00e9 dans le cadre de l\u2019Enqu\u00eate sur les repr\u00e9sentations, opinions et perceptions sur les psychotropes (EROPP) conduite par l\u2019Observatoire fran\u00e7ais des drogues et des tendances\u00a0addictives (OFDT) depuis 1999. L\u2019OFDT,\u00a0en partenariat avec Sant\u00e9 publique France, a d\u00e9voil\u00e9 les niveaux de consommation de tabac par r\u00e9gion au sein de la population adulte de France m\u00e9tropolitaine. Cette \u00e9tude compl\u00e8te les r\u00e9sultats de l\u2019enqu\u00eate nationale de l\u2019OFDT\u00a0publi\u00e9s en novembre 2024\u00a0en d\u00e9taillant \u00e9galement les niveaux de consommation du tabagisme en fonction des principaux facteurs socio\u00e9conomiques. Elle r\u00e9v\u00e8le notamment que moins d\u2019un Fran\u00e7ais sur quatre fume quotidiennement, la plus faible proportion depuis plus de 30 ans mais qui demeure \u00e0 un niveau particuli\u00e8rement \u00e9lev\u00e9 par comparaison avec la plupart des pays. Le vapotage est en hausse mais sa consommation reste plus limit\u00e9e.<\/p>\n","protected":false},"featured_media":24184,"template":"","tags":[],"thematique":[474],"class_list":["post-24181","actualites","type-actualites","status-publish","has-post-thumbnail","hentry","thematique-sante"],"acf":[],"_links":{"self":[{"href":"https:\/\/www.generationsanstabac.org\/fr\/wp-json\/wp\/v2\/actualites\/24181","targetHints":{"allow":["GET"]}}],"collection":[{"href":"https:\/\/www.generationsanstabac.org\/fr\/wp-json\/wp\/v2\/actualites"}],"about":[{"href":"https:\/\/www.generationsanstabac.org\/fr\/wp-json\/wp\/v2\/types\/actualites"}],"version-history":[{"count":5,"href":"https:\/\/www.generationsanstabac.org\/fr\/wp-json\/wp\/v2\/actualites\/24181\/revisions"}],"predecessor-version":[{"id":24245,"href":"https:\/\/www.generationsanstabac.org\/fr\/wp-json\/wp\/v2\/actualites\/24181\/revisions\/24245"}],"wp:featuredmedia":[{"embeddable":true,"href":"https:\/\/www.generationsanstabac.org\/fr\/wp-json\/wp\/v2\/media\/24184"}],"wp:attachment":[{"href":"https:\/\/www.generationsanstabac.org\/fr\/wp-json\/wp\/v2\/media?parent=24181"}],"wp:term":[{"taxonomy":"post_tag","embeddable":true,"href":"https:\/\/www.generationsanstabac.org\/fr\/wp-json\/wp\/v2\/tags?post=24181"},{"taxonomy":"thematique","embeddable":true,"href":"https:\/\/www.generationsanstabac.org\/fr\/wp-json\/wp\/v2\/thematique?post=24181"}],"curies":[{"name":"wp","href":"https:\/\/api.w.org\/{rel}","templated":true}]}}