{"id":24167,"date":"2025-05-24T07:00:32","date_gmt":"2025-05-24T05:00:32","guid":{"rendered":"https:\/\/www.generationsanstabac.org\/?post_type=actualites&#038;p=24167"},"modified":"2025-05-20T14:30:52","modified_gmt":"2025-05-20T12:30:52","slug":"nepal-les-avertissements-sanitaires-couvrent-la-totalite-des-paquets-de-tabac-dans-un-conditionnement-neutre","status":"publish","type":"actualites","link":"https:\/\/www.generationsanstabac.org\/fr\/actualites\/nepal-les-avertissements-sanitaires-couvrent-la-totalite-des-paquets-de-tabac-dans-un-conditionnement-neutre\/","title":{"rendered":"N\u00e9pal : les avertissements sanitaires couvrent la totalit\u00e9 des paquets de tabac dans un conditionnement neutre"},"content":{"rendered":"<p style=\"text-align: justify\"><em>\u00c0 compter du 17 ao\u00fbt 2025, 100 % de la surface des emballages de produits du tabac au N\u00e9pal seront consacr\u00e9s aux messages et visuels d\u2019avertissement sanitaires, selon les nouvelles directives du gouvernement<a href=\"#_ftn1\" name=\"_ftnref1\"><strong>[1]<\/strong><\/a>. Ce changement marque une \u00e9volution par rapport \u00e0 la pr\u00e9c\u00e9dente r\u00e9glementation, qui exigeait une couverture de 90 % de la surface. Le gouvernement n\u00e9palais r\u00e9fl\u00e9chit aussi \u00e0 instaurer des paquets neutres.<\/em><\/p>\n<h2 style=\"text-align: justify\">Une nouvelle r\u00e9glementation impose des emballages 100 % couverts d\u2019avertissements<\/h2>\n<p style=\"text-align: justify\">Le minist\u00e8re de la Sant\u00e9 et de la Population a valid\u00e9 officiellement les lignes directrices de 2024 pour l&rsquo;impression des avertissements sur les paquets, cartouches, emballages et caisses de tabac. Selon cette directive, 80 % des faces avant et arri\u00e8re des produits (cigarettes, khaini, gutkha, bidis, etc.) devront afficher des visuels en couleur repr\u00e9sentant les cons\u00e9quences graves de l\u2019usage du tabac : cancer de la bouche, maladies cardiaques, cancer des poumons, etc. Les 20 % restants seront r\u00e9serv\u00e9s au message \u00e9crit combin\u00e9 au visuel, tels que \u00ab\u00a0La consommation de produits du tabac est pr\u00e9judiciable \u00e0 la sant\u00e9\u00a0\u00bb en langue n\u00e9palaise<a href=\"#_ftn2\" name=\"_ftnref2\">[2]<\/a>.<\/p>\n<p style=\"text-align: justify\">Ces mesures s\u2019inscrivent dans un effort plus large pour r\u00e9duire le taux de tabagisme par des images dissuasives et marquantes. Le N\u00e9pal est d\u00e9j\u00e0 reconnu comme l\u2019un des pays les plus stricts au monde en mati\u00e8re d\u2019avertissements sanitaires sur les produits du tabac. L\u2019enjeu des politiques de lutte contre le tabagisme dans le pays est important avec 28 % des hommes et 5 % des femmes qui consomment du tabac, selon le dernier rapport de l&rsquo;enqu\u00eate d\u00e9mographique et sanitaire du N\u00e9pal de 2022.<\/p>\n<h2 style=\"text-align: justify\">Le paquet neutre est \u00e9galement envisag\u00e9<\/h2>\n<p style=\"text-align: justify\">Pour renforcer cette lutte, le gouvernement envisage \u00e9galement l\u2019instauration du paquet neutre. Cette mesure supprimerait toute r\u00e9f\u00e9rence publicitaire \u00e0 la marque qu\u2019il s\u2019agisse de son logo, des couleurs ou typographies distinctives. Seul serait conserv\u00e9 le nom de la marque appos\u00e9 de mani\u00e8re standardis\u00e9e, dans un conditionnement exclusivement d\u00e9di\u00e9 aux avertissements sanitaires obligatoires.<\/p>\n<p style=\"text-align: justify\">Selon le Dr Bhakta Bahadur KC, responsable de l\u2019information au minist\u00e8re de la Sant\u00e9, les entreprises continuent de d\u00e9tourner la zone des 20 % de texte actuellement disponibles sur les conditionnements \u00e0 des fins de marketing. L\u2019instauration du paquet enti\u00e8rement neutre, sans aucun signe distinctif s\u2019inscrit donc dans cette perspective de pr\u00e9venir l\u2019utilisation du paquet comme support publicitaire et de mise en exergue des avertissements. Il pr\u00e9cise aussi que tous les emballages devront \u00eatre imprim\u00e9s dans la couleur Pantone 448 C, jug\u00e9e la plus repoussante au monde, afin de rendre les produits visuellement peu attrayants.<\/p>\n<p style=\"text-align: justify\">Des pays comme l\u2019Australie, la France, le Royaume-Uni, la Belgique ou encore la Turquie ont d\u00e9j\u00e0 adopt\u00e9 cette mesure.<\/p>\n<h2 style=\"text-align: justify\">Vers une r\u00e9forme l\u00e9gislative pour encadrer les nouveaux dispositifs<\/h2>\n<p style=\"text-align: justify\">Pour mettre en \u0153uvre le paquet neutre, une modification de la loi sur les produits du tabac de 2011 est en pr\u00e9paration. Un groupe de travail, dirig\u00e9 par le secr\u00e9taire adjoint du minist\u00e8re de la Sant\u00e9 et de la population, Rishiraj Acharya, et compos\u00e9 de repr\u00e9sentants du Cabinet du Premier ministre, du minist\u00e8re de la Justice, et de l\u2019Industrie, a \u00e9t\u00e9 form\u00e9 \u00e0 cet effet.<\/p>\n<p style=\"text-align: justify\">Gopi Krishna Regmi, sous-secr\u00e9taire au minist\u00e8re de la Sant\u00e9 et secr\u00e9taire du Fonds pour la taxe sant\u00e9, pr\u00e9cise que ce projet sera pr\u00e9sent\u00e9 lors de la prochaine session parlementaire. Il confirme que \u00ab <em>De nombreux pays ont d\u00e9j\u00e0 appliqu\u00e9 cette politique. Le N\u00e9pal est pr\u00eat \u00e0 suivre cette voie.<\/em> \u00bb<\/p>\n<p style=\"text-align: justify\">Enfin, le Dr Prakash Budhathoki, porte-parole du minist\u00e8re, rappelle que ces mesures visent \u00e0 long terme \u00e0 r\u00e9duire le nombre de fumeurs et ainsi faire reculer les maladies li\u00e9es au tabac, notamment les cancers. Malgr\u00e9 les politiques ant\u00e9rieures, la consommation de tabac reste \u00e9lev\u00e9e, en grande partie du fait des strat\u00e9gies marketing attractives des marques. Le gouvernement esp\u00e8re qu\u2019en combinant images fortes et paquet neutre, une telle politique contribuera \u00e0 dissuader l\u2019entr\u00e9e des jeunes dans le tabagisme et renforcera les fumeurs dans leurs intentions d\u2019arr\u00eat.<\/p>\n<p style=\"text-align: justify\">\u00c0 l&rsquo;occasion de la Journ\u00e9e mondiale sans tabac 2025, le minist\u00e8re n\u00e9palais de la sant\u00e9 et de la population a re\u00e7u le prix sp\u00e9cial de reconnaissance du directeur g\u00e9n\u00e9ral de l&rsquo;OMS, aux c\u00f4t\u00e9s d&rsquo;un certain nombre d&rsquo;autres institutions et personnes du monde entier<a href=\"#_ftn3\" name=\"_ftnref3\">[3]<\/a>. Le directeur g\u00e9n\u00e9ral de l&rsquo;OMS, le Dr Tedros Adhanom Ghebreyesus, a remis ce prix au ministre n\u00e9palais de la sant\u00e9 et de la population, Pradeep Paudel. \u00c0 cette occasion, il a salu\u00e9 cette d\u00e9cision du gouvernement n\u00e9palais et a l\u2019a qualifi\u00e9e de contribution extraordinaire \u00e0 la sant\u00e9 publique.<\/p>\n<p style=\"text-align: justify\">Toutefois, d\u2019autres politiques n\u00e9cessitent d\u2019\u00eatre mises en \u0153uvre selon les experts pour r\u00e9duire la pr\u00e9valence actuelle. En particulier les niveaux de taxation demeurent trop faibles avec des produits financi\u00e8rement tr\u00e8s abordables. En outre, l\u2019influence de l\u2019industrie du tabac dont les int\u00e9r\u00eats sont reconnus comme \u00e9tant inconciliables avec ceux de la sant\u00e9 publique, demeure pr\u00e9gnante.<\/p>\n<p style=\"text-align: justify\"><strong style=\"text-align: justify\"><a href=\"https:\/\/www.generationsanstabac.org\/\">\u00a9G\u00e9n\u00e9ration Sans Tabac<\/a><\/strong><\/p>\n<p style=\"text-align: right\"><em><strong>AD<\/strong><\/em><\/p>\n<hr \/>\n<p style=\"text-align: justify\"><a href=\"#_ftnref1\" name=\"_ftn1\">[1]<\/a>Khabarhub, <a href=\"https:\/\/english.khabarhub.com\/2025\/19\/468611\/\">Govt to enforce 100% graphic warnings on tobacco products from August<\/a>, publi\u00e9 le 19 mai 2025, consult\u00e9 le 20 mai 2025<\/p>\n<p style=\"text-align: justify\"><a href=\"#_ftnref2\" name=\"_ftn2\">[2]<\/a>The Rising Nepal, <a href=\"https:\/\/risingnepaldaily.com\/news\/62173\">Whole area on tobacco boxes, packets and wrappers to contain shocking pictures, warning<\/a>, publi\u00e9 le 19 mai 2025, consult\u00e9 le 20 mai 2025<\/p>\n<p style=\"text-align: justify\"><a href=\"#_ftnref3\" name=\"_ftn3\">[3]<\/a>The Kathmandu Post, <a href=\"https:\/\/kathmandupost.com\/health\/2025\/05\/19\/who-honours-nepal-for-outstanding-contribution-to-tobacco-control\">WHO honours Nepal for \u2018outstanding contribution\u2019 to tobacco control<\/a>, publi\u00e9 le 19 mai 2025, consult\u00e9 le 20 mai 2025<\/p>\n<p style=\"text-align: justify\"><strong style=\"color: #999999\"><a style=\"color: #999999\" href=\"http:\/\/www.cnct.fr\/\" target=\"_blank\" rel=\"noopener noreferrer\">Comit\u00e9 national contre le tabagisme |<\/a><\/strong><\/p>\n","protected":false},"excerpt":{"rendered":"<p>\u00c0 compter du 17 ao\u00fbt 2025, 100 % de la surface des emballages de produits du tabac au N\u00e9pal seront consacr\u00e9s aux messages et visuels d\u2019avertissement sanitaires, selon les nouvelles directives du gouvernement. Ce changement marque une \u00e9volution par rapport \u00e0 la pr\u00e9c\u00e9dente r\u00e9glementation, qui exigeait une couverture de 90 % de la surface. Le gouvernement n\u00e9palais r\u00e9fl\u00e9chit aussi \u00e0 instaurer des paquets neutres.<\/p>\n","protected":false},"featured_media":24176,"template":"","tags":[],"thematique":[491],"class_list":["post-24167","actualites","type-actualites","status-publish","has-post-thumbnail","hentry","thematique-politiques-publiques"],"acf":[],"_links":{"self":[{"href":"https:\/\/www.generationsanstabac.org\/fr\/wp-json\/wp\/v2\/actualites\/24167","targetHints":{"allow":["GET"]}}],"collection":[{"href":"https:\/\/www.generationsanstabac.org\/fr\/wp-json\/wp\/v2\/actualites"}],"about":[{"href":"https:\/\/www.generationsanstabac.org\/fr\/wp-json\/wp\/v2\/types\/actualites"}],"version-history":[{"count":1,"href":"https:\/\/www.generationsanstabac.org\/fr\/wp-json\/wp\/v2\/actualites\/24167\/revisions"}],"predecessor-version":[{"id":24178,"href":"https:\/\/www.generationsanstabac.org\/fr\/wp-json\/wp\/v2\/actualites\/24167\/revisions\/24178"}],"wp:featuredmedia":[{"embeddable":true,"href":"https:\/\/www.generationsanstabac.org\/fr\/wp-json\/wp\/v2\/media\/24176"}],"wp:attachment":[{"href":"https:\/\/www.generationsanstabac.org\/fr\/wp-json\/wp\/v2\/media?parent=24167"}],"wp:term":[{"taxonomy":"post_tag","embeddable":true,"href":"https:\/\/www.generationsanstabac.org\/fr\/wp-json\/wp\/v2\/tags?post=24167"},{"taxonomy":"thematique","embeddable":true,"href":"https:\/\/www.generationsanstabac.org\/fr\/wp-json\/wp\/v2\/thematique?post=24167"}],"curies":[{"name":"wp","href":"https:\/\/api.w.org\/{rel}","templated":true}]}}