{"id":24143,"date":"2025-05-21T07:00:20","date_gmt":"2025-05-21T05:00:20","guid":{"rendered":"https:\/\/www.generationsanstabac.org\/?post_type=actualites&#038;p=24143"},"modified":"2025-05-21T16:53:03","modified_gmt":"2025-05-21T14:53:03","slug":"une-enquete-sur-le-vapotage-en-irlande-du-nord-revele-lampleur-du-probleme-chez-les-jeunes","status":"publish","type":"actualites","link":"https:\/\/www.generationsanstabac.org\/fr\/actualites\/une-enquete-sur-le-vapotage-en-irlande-du-nord-revele-lampleur-du-probleme-chez-les-jeunes\/","title":{"rendered":"Une enqu\u00eate sur le vapotage en Irlande du Nord r\u00e9v\u00e8le l&rsquo;ampleur du probl\u00e8me chez les jeunes"},"content":{"rendered":"<p style=\"text-align: justify\"><em>Une nouvelle \u00e9tude r\u00e9v\u00e8le qu\u2019en Irlande du Nord, pr\u00e8s de la moiti\u00e9 des \u00e9l\u00e8ves de terminale vapotent. Cette enqu\u00eate, men\u00e9e par l\u2019Agence de sant\u00e9 publique (Public Health Agency &#8211; PHA), a port\u00e9 sur plus de 7 500 jeunes \u00e2g\u00e9s de 11 \u00e0 18 ans, dans 91 \u00e9tablissements du secondaire. Les autorit\u00e9s de la PHA qualifient d\u00e9sormais ce ph\u00e9nom\u00e8ne de \u00ab probl\u00e8me de sant\u00e9 publique urgent \u00bb. Les auteurs du rapport, intitul\u00e9 \u00ab\u00a0Comportements li\u00e9s au vapotage chez les jeunes en Irlande du Nord\u00a0\u00bb, se sont pench\u00e9s sur l\u2019utilisation des cigarettes \u00e9lectroniques, les perceptions des jeunes \u00e0 leur sujet, et ont \u00e9galement int\u00e9gr\u00e9 des donn\u00e9es sur la consommation du tabac<a href=\"#_ftn1\" name=\"_ftnref1\"><strong>[1]<\/strong><\/a>.<\/em><\/p>\n<h2 style=\"text-align: justify\">En Irlande du Nord, un tiers des \u00e9tudiants vapoteurs se mettent ensuite \u00e0 la cigarette<\/h2>\n<p style=\"text-align: justify\">L\u2019\u00e9tude r\u00e9v\u00e8le que 98 % des jeunes interrog\u00e9s connaissent le vapotage, 15 % vapotent actuellement, dont 46 % des \u00e9l\u00e8ves de Terminale, contre 4 % en 5<sup>e<\/sup>. 76 % des vapoteurs n\u2019avaient jamais fum\u00e9 auparavant et 33 % de ces non-fumeurs ont ensuite essay\u00e9 la cigarette. 75 % des e-cigarettes sont partag\u00e9es<a href=\"#_ftn2\" name=\"_ftnref2\">[2]<\/a>.<\/p>\n<p style=\"text-align: justify\">Si 40 % des jeunes vapoteurs ont signal\u00e9 des effets secondaires (maux de t\u00eate, vertiges, essoufflement, toux, baisse de la condition physique, anxi\u00e9t\u00e9\/stress, naus\u00e9es, acc\u00e9l\u00e9ration du rythme cardiaque, fatigue), 64 % ont tent\u00e9 d\u2019arr\u00eater, 55 % ont r\u00e9ussi temporairement, 35 % souhaitent arr\u00eater et 14 % aimeraient un accompagnement.<\/p>\n<p style=\"text-align: justify\">Concernant le tabagisme, 9 % des \u00e9l\u00e8ves ont d\u00e9clar\u00e9 avoir fum\u00e9 une cigarette &#8211; 5 % des r\u00e9pondants \u00e9taient des fumeurs au moment de l\u2019enqu\u00eate et parmi eux, 26 % ont d\u00e9clar\u00e9 fumer quotidiennement. 46 % \u00e9taient des fumeurs r\u00e9guliers, 16 % des fumeurs occasionnels et 39 % des fumeurs exp\u00e9rimentaux.<\/p>\n<p style=\"text-align: justify\">Le tabagisme est plus pr\u00e9sent au lyc\u00e9e (17 %) qu\u2019au coll\u00e8ge (5 %), plus courant dans les zones d\u00e9favoris\u00e9es (12 %) que favoris\u00e9es (7 %). 51 % des jeunes ont d\u00e9clar\u00e9 qu&rsquo;un membre de leur famille imm\u00e9diate avait d\u00e9j\u00e0 fum\u00e9 des cigarettes. Pour la grande majorit\u00e9 des fumeurs, l&rsquo;exp\u00e9rience de la cigarette a commenc\u00e9 \u00e0 l&rsquo;adolescence, mais 14 % ont essay\u00e9 leur premi\u00e8re cigarette \u00e0 l&rsquo;\u00e2ge de 10 ans ou moins.<\/p>\n<h2 style=\"text-align: justify\">Les acteurs de sant\u00e9 se disent pr\u00e9occup\u00e9s par la situation nord-irlandaise<\/h2>\n<p style=\"text-align: justify\">Elaine Wilmot, responsable de la veille sanitaire \u00e0 la PHA, a expliqu\u00e9 que le vapotage chez les jeunes est principalement expliqu\u00e9 par la curiosit\u00e9, l\u2019effet de groupe ou la popularit\u00e9 pour \u00ab avoir l\u2019air cool \u00bb. Les jeunes obtiennent facilement des vapes, souvent par l\u2019interm\u00e9diaire de leurs amis ou de leur famille.<\/p>\n<p style=\"text-align: justify\">Bien qu\u2019ils soient conscients de certains risques \u00e0 court terme (tels que la toux, une g\u00eane respiratoire, des maux de t\u00eate, des vertiges\u2026), beaucoup sous-estiment les effets de la nicotine, notamment le risque de d\u00e9pendance ou d\u2019aggravation de troubles de sant\u00e9 mentale comme l\u2019anxi\u00e9t\u00e9 et la d\u00e9pression.<\/p>\n<p style=\"text-align: justify\">La pr\u00e9sence du vapotage \u00e0 l\u2019\u00e9cole, en particulier dans les toilettes, rend le ph\u00e9nom\u00e8ne difficile \u00e0 contr\u00f4ler et contribue \u00e0 le banaliser. Les r\u00e9seaux sociaux jouent \u00e9galement un r\u00f4le majeur, en pr\u00e9sentant le vapotage comme une activit\u00e9 attrayante, souvent mise en sc\u00e8ne par des influenceurs ou c\u00e9l\u00e9brit\u00e9s, au d\u00e9triment d\u2019une information claire sur les dangers li\u00e9s \u00e0 la nicotine.<\/p>\n<p style=\"text-align: justify\">Colette Rogers, responsable de la strat\u00e9gie de lutte contre le tabac \u00e0 la PHA, rappelle l\u2019importance de sensibiliser les familles et la communaut\u00e9 \u00e9ducative<a href=\"#_ftn3\" name=\"_ftnref3\">[3]<\/a>. Elle insiste sur le r\u00f4le fondamental des parents et tuteurs, qui doivent engager des discussions ouvertes et pr\u00e9coces avec les jeunes sur les risques du vapotage, sans attendre que des probl\u00e8mes apparaissent. Elle souligne \u00e9galement qu\u2019\u00ab <em>Il est important d&rsquo;informer les jeunes qu&rsquo;ind\u00e9pendamment de ce qui leur a \u00e9t\u00e9 dit, m\u00eame par un ami proche, le vapotage n&rsquo;est pas cool et qu&rsquo;ils ne devraient pas commencer \u00e0 utiliser ces produits car les effets \u00e0 long terme sur la sant\u00e9 ne sont pas encore totalement connus. Ces r\u00e9sultats nous aideront \u00e9galement \u00e0 aborder la question du vapotage en Irlande du Nord et des services mis en place pour aider les gens \u00e0 arr\u00eater [de fumer et vapoter<\/em><em>].<\/em>\u00a0\u00bb.<\/p>\n<p style=\"text-align: justify\">Cette \u00e9tude intervient quelques semaines avant l&rsquo;entr\u00e9e en vigueur, le 1<sup>er<\/sup> juin 2025, de l&rsquo;interdiction de la vente et de l&rsquo;offre de produits de vapotage \u00e0 usage unique en Irlande du Nord. Andrew Muir, ministre de l\u2019Environnement et de l&rsquo;am\u00e9nagement du territoire, avait annonc\u00e9 cette date en d\u00e9cembre 2024 afin de la faire co\u00efncider avec <a href=\"https:\/\/www.generationsanstabac.org\/fr\/actualites\/royaume-uni-stagnation-du-vapotage-a-lapproche-de-linterdiction-des-dispositifs-jetables\/\">une interdiction similaire dans le reste du Royaume-Uni.<\/a><\/p>\n<p style=\"text-align: justify\"><strong style=\"text-align: justify\"><a href=\"https:\/\/www.generationsanstabac.org\/\">\u00a9G\u00e9n\u00e9ration Sans Tabac<\/a><\/strong><\/p>\n<p style=\"text-align: right\"><em><strong>AD<\/strong><\/em><\/p>\n<hr \/>\n<p style=\"text-align: justify\"><a href=\"#_ftnref1\" name=\"_ftn1\">[1]<\/a>Wilmot E, Hagan A, \u201cPHA publishes youth vaping research\u201d, Health Intelligence Unit, Public Health Agency, avril 2025, <a href=\"https:\/\/www.publichealth.hscni.net\/sites\/default\/files\/2025-05\/Behavioural%20Insights%20into%20Youth%20Vaping%20in%20NI_0.pdf\">https:\/\/www.publichealth.hscni.net\/sites\/default\/files\/2025-05\/Behavioural%20Insights%20into%20Youth%20Vaping%20in%20NI_0.pdf<\/a><\/p>\n<p style=\"text-align: justify\"><a href=\"#_ftnref2\" name=\"_ftn2\">[2]<\/a>Public Health Agency, <a href=\"https:\/\/www.publichealth.hscni.net\/news\/pha-publishes-youth-vaping-research\">PHA publishes youth vaping research<\/a>, publi\u00e9 le 15 mai 2025, consult\u00e9 le 16 mai 2025<\/p>\n<p style=\"text-align: justify\"><a href=\"#_ftnref3\" name=\"_ftn3\">[3]<\/a>Fitzmaurice Maurice, <a href=\"https:\/\/www.belfastlive.co.uk\/news\/health\/northern-ireland-vaping-survey-lifts-31649064\">Northern Ireland vaping survey lifts lid on scale of problem among young people<\/a>, Belfast Live, publi\u00e9 le 15 mai 2025, consult\u00e9 le 16 mai 2025<\/p>\n<p style=\"text-align: justify\"><strong style=\"color: #999999\"><a style=\"color: #999999\" href=\"http:\/\/www.cnct.fr\/\" target=\"_blank\" rel=\"noopener noreferrer\">Comit\u00e9 national contre le tabagisme |<\/a><\/strong><\/p>\n","protected":false},"excerpt":{"rendered":"<p>Une nouvelle \u00e9tude r\u00e9v\u00e8le qu\u2019en Irlande du Nord, pr\u00e8s de la moiti\u00e9 des \u00e9l\u00e8ves de terminale vapotent. Cette enqu\u00eate, men\u00e9e par l\u2019Agence de sant\u00e9 publique (Public Health Agency &#8211; PHA), a port\u00e9 sur plus de 7 500 jeunes \u00e2g\u00e9s de 11 \u00e0 18 ans, dans 91 \u00e9tablissements du secondaire. Les autorit\u00e9s de la PHA qualifient d\u00e9sormais ce ph\u00e9nom\u00e8ne de \u00ab probl\u00e8me de sant\u00e9 publique urgent \u00bb. Les auteurs du rapport, intitul\u00e9 \u00ab\u00a0Comportements li\u00e9s au vapotage chez les jeunes en Irlande du Nord\u00a0\u00bb, se sont pench\u00e9s sur l\u2019utilisation des cigarettes \u00e9lectroniques, les perceptions des jeunes \u00e0 leur sujet, et ont \u00e9galement int\u00e9gr\u00e9 des donn\u00e9es sur la consommation du tabac.<\/p>\n","protected":false},"featured_media":24147,"template":"","tags":[],"thematique":[474],"class_list":["post-24143","actualites","type-actualites","status-publish","has-post-thumbnail","hentry","thematique-sante"],"acf":[],"_links":{"self":[{"href":"https:\/\/www.generationsanstabac.org\/fr\/wp-json\/wp\/v2\/actualites\/24143","targetHints":{"allow":["GET"]}}],"collection":[{"href":"https:\/\/www.generationsanstabac.org\/fr\/wp-json\/wp\/v2\/actualites"}],"about":[{"href":"https:\/\/www.generationsanstabac.org\/fr\/wp-json\/wp\/v2\/types\/actualites"}],"version-history":[{"count":2,"href":"https:\/\/www.generationsanstabac.org\/fr\/wp-json\/wp\/v2\/actualites\/24143\/revisions"}],"predecessor-version":[{"id":24148,"href":"https:\/\/www.generationsanstabac.org\/fr\/wp-json\/wp\/v2\/actualites\/24143\/revisions\/24148"}],"wp:featuredmedia":[{"embeddable":true,"href":"https:\/\/www.generationsanstabac.org\/fr\/wp-json\/wp\/v2\/media\/24147"}],"wp:attachment":[{"href":"https:\/\/www.generationsanstabac.org\/fr\/wp-json\/wp\/v2\/media?parent=24143"}],"wp:term":[{"taxonomy":"post_tag","embeddable":true,"href":"https:\/\/www.generationsanstabac.org\/fr\/wp-json\/wp\/v2\/tags?post=24143"},{"taxonomy":"thematique","embeddable":true,"href":"https:\/\/www.generationsanstabac.org\/fr\/wp-json\/wp\/v2\/thematique?post=24143"}],"curies":[{"name":"wp","href":"https:\/\/api.w.org\/{rel}","templated":true}]}}