{"id":24109,"date":"2025-05-19T07:00:04","date_gmt":"2025-05-19T05:00:04","guid":{"rendered":"https:\/\/www.generationsanstabac.org\/?post_type=actualites&#038;p=24109"},"modified":"2025-05-14T16:26:56","modified_gmt":"2025-05-14T14:26:56","slug":"le-montenegro-plaide-en-faveur-dune-lutte-antitabac-plus-forte-dans-les-balkans-occidentaux","status":"publish","type":"actualites","link":"https:\/\/www.generationsanstabac.org\/fr\/actualites\/le-montenegro-plaide-en-faveur-dune-lutte-antitabac-plus-forte-dans-les-balkans-occidentaux\/","title":{"rendered":"Le Mont\u00e9n\u00e9gro plaide en faveur d&rsquo;une lutte antitabac plus forte dans les Balkans occidentaux"},"content":{"rendered":"<p style=\"text-align: justify\"><em>Le tabac provoque chaque ann\u00e9e 1,1 million de d\u00e9c\u00e8s dans la r\u00e9gion europ\u00e9enne de l\u2019OMS, dont plus de 50 000 dans les Balkans occidentaux<a href=\"#_ftn1\" name=\"_ftnref1\"><strong>[1]<\/strong><\/a>. Ce fardeau sanitaire co\u00fbte jusqu\u2019\u00e0 5 % du PIB \u00e0 ces pays, en raison des pertes humaines pr\u00e9matur\u00e9es et des d\u00e9penses m\u00e9dicales. La r\u00e9gion est confront\u00e9e \u00e0 deux d\u00e9fis majeurs, une consommation \u00e9lev\u00e9e de tabac et un commerce illicite florissant, qui nuit \u00e0 la sant\u00e9 publique et prive les \u00c9tats de revenus essentiels. En r\u00e9ponse, le Mont\u00e9n\u00e9gro a accueilli en mars 2025 plusieurs r\u00e9unions techniques et politiques de haut niveau, r\u00e9unissant d\u00e9cideurs, experts, ONG et repr\u00e9sentants d\u2019organisations internationales. L\u2019objectif est de renforcer la coop\u00e9ration r\u00e9gionale, acc\u00e9l\u00e9rer la ratification du Protocole de l\u2019OMS pour \u00e9liminer le commerce illicite des produits du tabac et lutter contre l\u2019ing\u00e9rence de l\u2019industrie du tabac.<\/em><\/p>\n<h2 style=\"text-align: justify\">Lutter contre le tabac dans les Balkans occidentaux, un enjeu de sant\u00e9 publique et de stabilit\u00e9 financi\u00e8re<\/h2>\n<p style=\"text-align: justify\">Les 12 et 13 mars 2025, des ministres des Finances d\u2019Albanie, de Bosnie-Herz\u00e9govine, de Mac\u00e9doine du Nord, du Mont\u00e9n\u00e9gro et de Serbie se sont engag\u00e9s \u00e0 renforcer la fiscalit\u00e9 antitabac et \u00e0 combattre le commerce illicite, ces pays ayant ratifi\u00e9 la Convention-cadre de l\u2019OMS pour la lutte antitabac (CCLAT) entre 2006 et 2009. \u00ab <em>L&rsquo;\u00e9limination du commerce illicite des produits du tabac n&rsquo;est pas facultative, c&rsquo;est une priorit\u00e9. Il sape l&rsquo;\u00c9tat de droit, affaiblit le syst\u00e8me et met en danger la jeunesse. <\/em>\u00bb, a d\u00e9clar\u00e9 le ministre mont\u00e9n\u00e9grin des Finances, Novica Vukovi\u0107.<\/p>\n<p style=\"text-align: justify\">\u00ab <em>L&rsquo;industrie du tabac affirme souvent que des taxes plus \u00e9lev\u00e9es sur le tabac favorisent le commerce illicite, utilisant ce discours pour retarder ou affaiblir la r\u00e9forme de la fiscalit\u00e9 du tabac. Cependant, comme l&rsquo;ont soulign\u00e9 l&rsquo;OMS et des chercheurs internationaux, les faits montrent le contraire : les pays dot\u00e9s d&rsquo;une gouvernance et d&rsquo;une administration fiscale solides peuvent augmenter les taxes sur le tabac tout en r\u00e9duisant le commerce illicite<\/em> \u00bb, a expliqu\u00e9 le Dr. Mina Brajovic, chef du bureau de pays de l&rsquo;OMS au Mont\u00e9n\u00e9gro.<\/p>\n<p style=\"text-align: justify\">Le commerce illicite des produits du tabac est avant tout un probl\u00e8me qui concerne l\u2019offre. Le Protocole de l\u2019OMS propose des mesures concr\u00e8tes comme la tra\u00e7abilit\u00e9 des produits de leur fabrication jusqu\u2019\u00e0 la vente au d\u00e9tail de ceux-ci, le renforcement des contr\u00f4les int\u00e9grant un syst\u00e8me de licences, de tenues de registres, et de contr\u00f4les par les douanes ainsi qu\u2019une coop\u00e9ration internationale.<\/p>\n<h2 style=\"text-align: justify\">Une mobilisation parlementaire pour un avenir sans tabac<\/h2>\n<p style=\"text-align: justify\">Les 25 et 26 mars 2025, un sommet parlementaire sur la lutte antitabac s\u2019est tenu \u00e0 Budva, au Mont\u00e9n\u00e9gro, avec des \u00e9lus de la r\u00e9gion. Ils ont r\u00e9affirm\u00e9 leur engagement \u00e0 prot\u00e9ger les jeunes contre la d\u00e9pendance \u00e0 la nicotine et ont reconnu que la lutte antitabac est aussi un enjeu \u00e9conomique, social et environnemental.<\/p>\n<p style=\"text-align: justify\">Parmi les mesures prioritaires propos\u00e9es figurent l\u2019interdiction des ar\u00f4mes, l\u2019instauration de paquets neutres pour les produits du tabac, une hausse r\u00e9guli\u00e8re des taxes, une r\u00e9glementation stricte des nouveaux produits nicotin\u00e9s et des espaces int\u00e9rieurs enti\u00e8rement sans tabac dans les lieux publics. \u00ab <em>Ces mesures sont r\u00e9alisables, fond\u00e9es sur des donn\u00e9es probantes et rentables. La volont\u00e9 politique et le leadership parlementaire sont essentiels pour prot\u00e9ger la sant\u00e9, sauver des vies et assurer un avenir sans tabac \u00e0 la prochaine g\u00e9n\u00e9ration.<\/em> \u00bb, a affirm\u00e9 le Dr. Mina Brajovic.<\/p>\n<p style=\"text-align: justify\">En 2021, les premiers ministres des pays des Balkans occidentaux avaient approuv\u00e9 la \u00ab Feuille de route pour la sant\u00e9 et le bien-\u00eatre dans les Balkans occidentaux, 2021-2025 \u00bb. Cette feuille de route sert de fondement \u00e0 l&rsquo;inscription de la sant\u00e9 \u00e0 l&rsquo;ordre du jour politique et \u00e0 la mise en \u0153uvre concert\u00e9e d&rsquo;initiatives efficaces.<\/p>\n<p style=\"text-align: justify\">Ces initiatives s\u2019inscrivent \u00e9galement dans un contexte de pr\u00e9valence tabagique alarmante en Europe de l\u2019Est. Cette derni\u00e8re reste la plus \u00e9lev\u00e9e du continent. En Serbie, Bosnie-Herz\u00e9govine, Lettonie, Gr\u00e8ce ou encore en Bulgarie, plus de 30 % des hommes adultes \u00e9taient fumeurs en 2020<a href=\"#_ftn2\" name=\"_ftnref2\">[2]<\/a>.<\/p>\n<p style=\"text-align: justify\"><strong style=\"text-align: justify\"><a href=\"https:\/\/www.generationsanstabac.org\/\">\u00a9G\u00e9n\u00e9ration Sans Tabac<\/a><\/strong><\/p>\n<p style=\"text-align: right\"><em><strong>AD<\/strong><\/em><\/p>\n<hr \/>\n<p style=\"text-align: justify\"><a href=\"#_ftnref1\" name=\"_ftn1\">[1]<\/a>World Health Organization, <a href=\"https:\/\/www.who.int\/europe\/news\/item\/13-05-2025-montenegro-pushes-for-stronger-action-to-advance-tobacco-control-in-the-western-balkans\">Montenegro pushes for stronger action to advance tobacco control in the Western Balkans<\/a>, publi\u00e9 le 13 mai 2025, consult\u00e9 le 14 mai 2025<\/p>\n<p style=\"text-align: justify\"><a href=\"#_ftnref2\" name=\"_ftn2\">[2]<\/a>G\u00e9n\u00e9ration sans tabac, <a href=\"https:\/\/www.generationsanstabac.org\/fr\/actualites\/oms-la-prevalence-tabagique-en-baisse-en-europe\/\">OMS : la pr\u00e9valence tabagique en baisse en Europe<\/a>, publi\u00e9 le 1 juillet 2020, consult\u00e9 le 14 mai 2025<\/p>\n<p style=\"text-align: justify\"><strong style=\"color: #999999\"><a style=\"color: #999999\" href=\"http:\/\/www.cnct.fr\/\" target=\"_blank\" rel=\"noopener noreferrer\">Comit\u00e9 national contre le tabagisme |<\/a><\/strong><\/p>\n","protected":false},"excerpt":{"rendered":"<p>Le tabac provoque chaque ann\u00e9e 1,1 million de d\u00e9c\u00e8s dans la r\u00e9gion europ\u00e9enne de l\u2019OMS, dont plus de 50 000 dans les Balkans occidentaux. Ce fardeau sanitaire co\u00fbte jusqu\u2019\u00e0 5 % du PIB \u00e0 ces pays, en raison des pertes humaines pr\u00e9matur\u00e9es et des d\u00e9penses m\u00e9dicales. La r\u00e9gion est confront\u00e9e \u00e0 deux d\u00e9fis majeurs, une consommation \u00e9lev\u00e9e de tabac et un commerce illicite florissant, qui nuit \u00e0 la sant\u00e9 publique et prive les \u00c9tats de revenus essentiels. En r\u00e9ponse, le Mont\u00e9n\u00e9gro a accueilli en mars 2025 plusieurs r\u00e9unions techniques et politiques de haut niveau, r\u00e9unissant d\u00e9cideurs, experts, ONG et repr\u00e9sentants d\u2019organisations internationales. L\u2019objectif est de renforcer la coop\u00e9ration r\u00e9gionale, acc\u00e9l\u00e9rer la ratification du Protocole de l\u2019OMS pour \u00e9liminer le commerce illicite des produits du tabac et lutter contre l\u2019ing\u00e9rence de l\u2019industrie du tabac.<\/p>\n","protected":false},"featured_media":24112,"template":"","tags":[],"thematique":[491],"class_list":["post-24109","actualites","type-actualites","status-publish","has-post-thumbnail","hentry","thematique-politiques-publiques"],"acf":[],"_links":{"self":[{"href":"https:\/\/www.generationsanstabac.org\/fr\/wp-json\/wp\/v2\/actualites\/24109","targetHints":{"allow":["GET"]}}],"collection":[{"href":"https:\/\/www.generationsanstabac.org\/fr\/wp-json\/wp\/v2\/actualites"}],"about":[{"href":"https:\/\/www.generationsanstabac.org\/fr\/wp-json\/wp\/v2\/types\/actualites"}],"version-history":[{"count":2,"href":"https:\/\/www.generationsanstabac.org\/fr\/wp-json\/wp\/v2\/actualites\/24109\/revisions"}],"predecessor-version":[{"id":24114,"href":"https:\/\/www.generationsanstabac.org\/fr\/wp-json\/wp\/v2\/actualites\/24109\/revisions\/24114"}],"wp:featuredmedia":[{"embeddable":true,"href":"https:\/\/www.generationsanstabac.org\/fr\/wp-json\/wp\/v2\/media\/24112"}],"wp:attachment":[{"href":"https:\/\/www.generationsanstabac.org\/fr\/wp-json\/wp\/v2\/media?parent=24109"}],"wp:term":[{"taxonomy":"post_tag","embeddable":true,"href":"https:\/\/www.generationsanstabac.org\/fr\/wp-json\/wp\/v2\/tags?post=24109"},{"taxonomy":"thematique","embeddable":true,"href":"https:\/\/www.generationsanstabac.org\/fr\/wp-json\/wp\/v2\/thematique?post=24109"}],"curies":[{"name":"wp","href":"https:\/\/api.w.org\/{rel}","templated":true}]}}