{"id":24065,"date":"2025-05-13T07:00:59","date_gmt":"2025-05-13T05:00:59","guid":{"rendered":"https:\/\/www.generationsanstabac.org\/?post_type=actualites&#038;p=24065"},"modified":"2025-05-13T09:35:33","modified_gmt":"2025-05-13T07:35:33","slug":"au-nigeria-une-coalition-appelle-a-reglementer-fortement-les-produits-du-vapotage","status":"publish","type":"actualites","link":"https:\/\/www.generationsanstabac.org\/fr\/actualites\/au-nigeria-une-coalition-appelle-a-reglementer-fortement-les-produits-du-vapotage\/","title":{"rendered":"Au Nig\u00e9ria, une coalition appelle \u00e0 r\u00e9glementer fortement les produits du vapotage"},"content":{"rendered":"<p style=\"text-align: justify\"><em>Des parents et des acteurs de sant\u00e9 engag\u00e9s pour la protection de la jeunesse face au tabac tirent la sonnette d\u2019alarme face \u00e0 la forte augmentation de l\u2019usage des produits de vapotage aromatis\u00e9s chez les adolescents au Nig\u00e9ria<a href=\"#_ftn1\" name=\"_ftnref1\"><strong>[1]<\/strong><\/a>. La coalition Voices for Tobacco Control appelle le gouvernement f\u00e9d\u00e9ral \u00e0 agir d\u2019urgence contre cette tendance pr\u00e9occupante.<\/em><\/p>\n<h2 style=\"text-align: justify\">L\u2019appel de m\u00e8res et d\u2019acteurs de sant\u00e9 pour lutter contre le vapotage des jeunes<\/h2>\n<p style=\"text-align: justify\">Lors d\u2019une conf\u00e9rence de presse, Kenneth Kenas Anetor, porte-parole de Voices for Tobacco Control, a alert\u00e9 sur la prolif\u00e9ration de produits de vapotage attractifs pour les jeunes, comme les e-cigarettes aux ar\u00f4mes de fraise, de menthe ou de mangue. \u00ab <em>Malgr\u00e9 leur aspect attrayant, ces produits sont loin d&rsquo;\u00eatre s\u00fbrs. Ils contiennent des substances nocives comme la nicotine et le formald\u00e9hyde qui augmentent le risque de maladies cardiaques et pulmonaires.<\/em> \u00bb, a d\u00e9clar\u00e9 Anetor<a href=\"#_ftn2\" name=\"_ftnref2\">[2]<\/a>.<\/p>\n<p style=\"text-align: justify\">Il a \u00e9galement pr\u00e9cis\u00e9 qu\u2019\u00e0 l\u2019occasion de la campagne de la Journ\u00e9e mondiale sans tabac 2025, sign\u00e9e d\u00e9but mai \u00e0 Abuja, la capitale, plus de 300 Nig\u00e9rians ont sign\u00e9 une p\u00e9tition intitul\u00e9e \u00ab\u00a0Prot\u00e9gez les enfants nig\u00e9rians du vapotage\u00a0\u00bb, adress\u00e9e au minist\u00e8re f\u00e9d\u00e9ral de la Sant\u00e9 et \u00e0 la Commission f\u00e9d\u00e9rale de la concurrence et de la protection des consommateurs (FCCPC).<\/p>\n<p style=\"text-align: justify\">Cette Journ\u00e9e, dont le th\u00e8me est \u00ab D\u00e9masquer l&rsquo;attrait \u00bb (\u00ab\u00a0Unmasking the Appeal\u00a0\u00bb), souligne la mani\u00e8re dont les industries du tabac et de la nicotine ciblent les jeunes, en utilisant des designs de produits attrayants, des ar\u00f4mes et des tactiques de marketing qui masquent les dangers de l&rsquo;accoutumance et de la d\u00e9pendance<a href=\"#_ftn3\" name=\"_ftnref3\">[3]<\/a>.<\/p>\n<p style=\"text-align: justify\">Les membres de cette coalition d\u00e9noncent la facilit\u00e9 avec laquelle les jeunes, parfois \u00e2g\u00e9s de seulement 10 \u00e0 14 ans, acc\u00e8dent \u00e0 ces produits malgr\u00e9 la l\u00e9gislation qui interdit leur vente aux moins de 18 ans. Selon leurs recherches, cinq millions de jeunes Nig\u00e9rians seraient d\u00e9j\u00e0 d\u00e9pendants du tabac, et 25 000 d\u2019entre eux commenceraient \u00e0 fumer chaque jour.<\/p>\n<h2 style=\"text-align: justify\">Les revendications pour un encadrement plus strict<\/h2>\n<p style=\"text-align: justify\">Les acteurs de sant\u00e9 de cette coalition r\u00e9clament des mesures concr\u00e8tes et imm\u00e9diates\u00a0: application claire de l\u2019interdiction de vente de produits de vapotage aromatis\u00e9s ou non aux mineurs, r\u00e9glementation stricte de leur commercialisation et de leur distribution, ainsi que des sanctions s\u00e9v\u00e8res pour les contrevenants.<\/p>\n<p style=\"text-align: justify\">Nimat Labaika, pr\u00e9sidente de la F\u00e9d\u00e9ration des associations de femmes musulmanes du Nig\u00e9ria (FOMWAN), dans l&rsquo;\u00c9tat de Kwara, a rappel\u00e9 que les compagnies de tabac visent d\u00e9lib\u00e9r\u00e9ment les enfants pour p\u00e9renniser leurs ventes. Elle a appel\u00e9 la FCCPC \u00e0 \u00e9tablir des directives claires et contraignantes pour mettre fin \u00e0 la vente de tabac aux mineurs.<\/p>\n<p style=\"text-align: justify\">Fumi Oseigbu, fondatrice de l\u2019organisation Bundies Care Initiative, a insist\u00e9 sur la n\u00e9cessit\u00e9 que FCCPC non seulement \u00e9labore des politiques, mais qu\u2019elle les fasse aussi appliquer. Selon elle, l\u2019inaction des autorit\u00e9s met en danger toute une g\u00e9n\u00e9ration.<\/p>\n<p style=\"text-align: justify\">Les membres de la coalition ont \u00e9galement soulign\u00e9 l\u2019absence de r\u00e9glementation compl\u00e8te pour encadrer la vente et la publicit\u00e9 des e-cigarettes au Nig\u00e9ria. Corporate Accountability and Public Participation Africa (CAPPA), une ONG locale, a rappel\u00e9 que Nollywood, l\u2019industrie du cin\u00e9ma nig\u00e9rienne, est encore tr\u00e8s cibl\u00e9e par l\u2019industrie du tabac<a href=\"#_ftn4\" name=\"_ftnref4\">[4]<\/a> pour promouvoir par ce biais ses produits.<\/p>\n<p style=\"text-align: justify\">Ils appellent \u00e0 l\u2019implication coordonn\u00e9e de plusieurs institutions cl\u00e9s, notamment les minist\u00e8res de la Sant\u00e9, le Conseil national de la protection de l\u2019environnement et le Parlement, pour \u00e9tablir des espaces publics sans tabac et promulguer des lois efficaces et appliqu\u00e9es.<\/p>\n<p style=\"text-align: justify\">L\u2019application des dispositions de lutte contre le tabagisme pr\u00e9vues dans le trait\u00e9 international de l\u2019OMS, la Convention cadre pour la lutte antitabac, demeure encore insuffisante et l\u2019OMS appelle r\u00e9guli\u00e8rement les gouvernements \u00e0 prendre des mesures dans ce domaine et \u00e0 les appliquer. \u00c0 cela s\u2019ajoute l\u2019adaptation des l\u00e9gislations aux nouveaux produits \u00e0 la nicotine mis sur le march\u00e9.<\/p>\n<p style=\"text-align: justify\">L&rsquo;OMS appelle les gouvernements \u00e0 prendre des mesures plus \u00e9nergiques contre les produits du tabac et aussi du vapotage : \u00e0 r\u00e9glementer l&#8217;emballage et la conception des produits, \u00e0 interdire strictement la publicit\u00e9, \u00e0 soutenir l&rsquo;arr\u00eat du tabac et \u00e0 augmenter les taxes afin de prot\u00e9ger les g\u00e9n\u00e9rations futures de la d\u00e9pendance \u00e0 la nicotine et de ses cons\u00e9quences sur la sant\u00e9 et les finances.<\/p>\n<p style=\"text-align: justify\"><strong style=\"text-align: justify\"><a href=\"https:\/\/www.generationsanstabac.org\/\">\u00a9G\u00e9n\u00e9ration Sans Tabac<\/a><\/strong><\/p>\n<p style=\"text-align: right\"><em><strong>AD<\/strong><\/em><\/p>\n<hr \/>\n<p style=\"text-align: justify\"><a href=\"#_ftnref1\" name=\"_ftn1\">[1]<\/a>Anofi Dele, <a href=\"https:\/\/thenationonlineng.net\/tobacco-mothers-advocates-seek-tougher-laws-on-youth-vaping\/\">Tobacco: Mothers, advocates seek tougher laws on youth vaping<\/a>, The Nation, publi\u00e9 le 7 mai 2025, consult\u00e9 le 7 mai 2025<\/p>\n<p style=\"text-align: justify\"><a href=\"#_ftnref2\" name=\"_ftn2\">[2]<\/a>Tope SUNDAY, <a href=\"https:\/\/thewhistler.ng\/stakeholders-express-concerns-over-rising-use-of-e-cigarettes-among-teenagers\/\">Stakeholders Express Concerns Over Rising Use Of E-Cigarettes Among Teenagers<\/a>, The Whistler, publi\u00e9 le 6 mai 2025, consult\u00e9 le 7 mai 2025<\/p>\n<p style=\"text-align: justify\"><a href=\"#_ftnref3\" name=\"_ftn3\">[3]<\/a>Guardian NG, <a href=\"https:\/\/guardian.ng\/news\/coalition-flays-fccpc-over-teens-rising-access-to-nicotine-products\/\">Coalition flays FCCPC over teens\u2019 rising access to nicotine products<\/a>, publi\u00e9 le 7 mai 2025, consult\u00e9 le 7 mai 2025<\/p>\n<p style=\"text-align: justify\"><a href=\"#_ftnref4\" name=\"_ftn4\">[4]<\/a>G\u00e9n\u00e9ration sans tabac, <a href=\"https:\/\/www.generationsanstabac.org\/fr\/actualites\/nigeria-le-tabac-toujours-trop-present-dans-le-cinema-selon-une-ong\/\">Nig\u00e9ria : le tabac toujours trop pr\u00e9sent dans le cin\u00e9ma selon une ONG<\/a>, publi\u00e9 le 26 ao\u00fbt 2024, consult\u00e9 le 7 mai 2025<\/p>\n<p style=\"text-align: justify\"><strong style=\"color: #999999\"><a style=\"color: #999999\" href=\"http:\/\/www.cnct.fr\/\" target=\"_blank\" rel=\"noopener noreferrer\">Comit\u00e9 national contre le tabagisme |<\/a><\/strong><\/p>\n","protected":false},"excerpt":{"rendered":"<p>Des parents et des acteurs de sant\u00e9 engag\u00e9s pour la protection de la jeunesse face au tabac tirent la sonnette d\u2019alarme face \u00e0 la forte augmentation de l\u2019usage des produits de vapotage aromatis\u00e9s chez les adolescents au Nig\u00e9ria. La coalition Voices for Tobacco Control appelle le gouvernement f\u00e9d\u00e9ral \u00e0 agir d\u2019urgence contre cette tendance pr\u00e9occupante.<\/p>\n","protected":false},"featured_media":24068,"template":"","tags":[],"thematique":[491],"class_list":["post-24065","actualites","type-actualites","status-publish","has-post-thumbnail","hentry","thematique-politiques-publiques"],"acf":[],"_links":{"self":[{"href":"https:\/\/www.generationsanstabac.org\/fr\/wp-json\/wp\/v2\/actualites\/24065","targetHints":{"allow":["GET"]}}],"collection":[{"href":"https:\/\/www.generationsanstabac.org\/fr\/wp-json\/wp\/v2\/actualites"}],"about":[{"href":"https:\/\/www.generationsanstabac.org\/fr\/wp-json\/wp\/v2\/types\/actualites"}],"version-history":[{"count":1,"href":"https:\/\/www.generationsanstabac.org\/fr\/wp-json\/wp\/v2\/actualites\/24065\/revisions"}],"predecessor-version":[{"id":24069,"href":"https:\/\/www.generationsanstabac.org\/fr\/wp-json\/wp\/v2\/actualites\/24065\/revisions\/24069"}],"wp:featuredmedia":[{"embeddable":true,"href":"https:\/\/www.generationsanstabac.org\/fr\/wp-json\/wp\/v2\/media\/24068"}],"wp:attachment":[{"href":"https:\/\/www.generationsanstabac.org\/fr\/wp-json\/wp\/v2\/media?parent=24065"}],"wp:term":[{"taxonomy":"post_tag","embeddable":true,"href":"https:\/\/www.generationsanstabac.org\/fr\/wp-json\/wp\/v2\/tags?post=24065"},{"taxonomy":"thematique","embeddable":true,"href":"https:\/\/www.generationsanstabac.org\/fr\/wp-json\/wp\/v2\/thematique?post=24065"}],"curies":[{"name":"wp","href":"https:\/\/api.w.org\/{rel}","templated":true}]}}