{"id":24061,"date":"2025-05-12T09:27:52","date_gmt":"2025-05-12T07:27:52","guid":{"rendered":"https:\/\/www.generationsanstabac.org\/?post_type=actualites&#038;p=24061"},"modified":"2025-05-12T09:27:52","modified_gmt":"2025-05-12T07:27:52","slug":"inclusion-des-sachets-de-nicotine-dans-la-legislation-britannique-sur-la-generation-sans-tabac","status":"publish","type":"actualites","link":"https:\/\/www.generationsanstabac.org\/fr\/actualites\/inclusion-des-sachets-de-nicotine-dans-la-legislation-britannique-sur-la-generation-sans-tabac\/","title":{"rendered":"Inclusion des sachets de nicotine dans la l\u00e9gislation britannique sur la g\u00e9n\u00e9ration sans tabac"},"content":{"rendered":"<p style=\"text-align: justify\"><em>Le Royaume-Uni renforce encore davantage sa l\u00e9gislation de sant\u00e9 publique en int\u00e9grant les sachets de nicotine dans son projet de loi visant \u00e0 cr\u00e9er une g\u00e9n\u00e9ration sans tabac. Cette d\u00e9cision s\u2019inscrit dans une r\u00e9ponse ferme aux pr\u00e9occupations croissantes concernant l\u2019essor de produits nicotin\u00e9s pris\u00e9s par les jeunes, jusque-l\u00e0 faiblement encadr\u00e9s. Le gouvernement entend ainsi limiter leur accessibilit\u00e9, pr\u00e9venir les risques d\u2019addiction et renforcer la coh\u00e9rence de ses politiques de lutte contre le tabagisme et le vapotage<a href=\"#_ftn1\" name=\"_ftnref1\"><strong>[1]<\/strong><\/a>.<\/em><\/p>\n<h2 style=\"text-align: justify\"><strong>Les sachets de nicotine vis\u00e9s par la nouvelle l\u00e9gislation<\/strong><\/h2>\n<p style=\"text-align: justify\">Le gouvernement britannique a confirm\u00e9 l\u2019int\u00e9gration des sachets de nicotine, parfois improprement appel\u00e9s \u00ab snus \u00bb bien qu\u2019ils ne contiennent pas de tabac, dans le champ d\u2019application de sa l\u00e9gislation sur la g\u00e9n\u00e9ration sans tabac<a href=\"#_ftn2\" name=\"_ftnref2\">[2]<\/a>. Ces produits, con\u00e7us pour lib\u00e9rer de la nicotine par voie orale lorsqu\u2019ils sont plac\u00e9s entre la l\u00e8vre et la gencive, font d\u00e9sormais l\u2019objet de restrictions similaires \u00e0 celles encadrant les produits du tabac. L\u2019annonce intervient apr\u00e8s des pol\u00e9miques suscit\u00e9es par des campagnes de distribution gratuite dans l\u2019espace public, notamment dans la gare de Waverley \u00e0 \u00c9dimbourg, qui ont provoqu\u00e9 l\u2019indignation de plusieurs \u00e9lus \u00e9cossais. La ministre de la Sant\u00e9 publique, Jenni Minto, a pr\u00e9cis\u00e9 que le projet de loi actuellement d\u00e9battu couvre \u00e9galement les produits du tabac chauff\u00e9 et les sachets de nicotine, afin de freiner leur usage chez les plus jeunes. Le snus traditionnel, contenant du tabac, demeure interdit au Royaume-Uni et dans l\u2019ensemble de l\u2019Union Europ\u00e9enne \u00e0 l\u2019exception de la Su\u00e8de, mais les alternatives sans tabac connaissent un essor pr\u00e9occupant. Des sp\u00e9cialistes de sant\u00e9 publique ont soulign\u00e9 leur potentiel addictif et les risques pour la sant\u00e9 bucco-dentaire. Ils saluent l\u2019extension de cette l\u00e9gislation \u00e0 des produits jusqu\u2019alors en dehors du cadre r\u00e9glementaire.<\/p>\n<h2 style=\"text-align: justify\"><strong>Un projet de loi pour une g\u00e9n\u00e9ration sans tabac<\/strong><\/h2>\n<p style=\"text-align: justify\">Le \u00ab <a href=\"https:\/\/www.gov.uk\/government\/publications\/the-tobacco-and-vapes-bill-creating-a-smoke-free-uk-and-tackling-youth-vaping\/tobacco-and-vapes-bill-creating-a-smoke-free-uk-and-tackling-youth-vaping\">Tobacco and Vapes Bill<\/a> \u00bb, pr\u00e9sent\u00e9 comme une r\u00e9forme d\u2019envergure, vise \u00e0 instaurer progressivement une interdiction de vente des produits du tabac aux personnes n\u00e9es \u00e0 partir du 1er janvier 2009, pr\u00e9venant ainsi l\u00e9galement la vente de ces produits \u00e0 toute g\u00e9n\u00e9ration future. Il entend \u00e9galement r\u00e9glementer plus strictement l\u2019ensemble des produits nicotin\u00e9s, y compris les cigarettes \u00e9lectroniques avec ou sans nicotine et les sachets de nicotine. La loi donnera au gouvernement de nouveaux leviers pour restreindre la commercialisation de ces produits, notamment en mati\u00e8re d\u2019ar\u00f4mes, d\u2019emballage, d\u2019affichage et de publicit\u00e9. Le texte pr\u00e9voit aussi des mesures pour \u00e9tendre les restrictions li\u00e9es \u00e0 la fum\u00e9e dans l\u2019espace public, notamment aux abords des \u00e9coles. Ce projet s\u2019inscrit dans une strat\u00e9gie globale de pr\u00e9vention, en r\u00e9ponse \u00e0 la progression inqui\u00e9tante du vapotage chez les jeunes et \u00e0 la diversification des produits nicotin\u00e9s mis \u00e0 leur disposition.<\/p>\n<h2 style=\"text-align: justify\"><strong>Alerte sur les sachets de nicotine \u00e0 haute teneur<\/strong><\/h2>\n<p style=\"text-align: justify\">Parall\u00e8lement aux discussions l\u00e9gislatives, les autorit\u00e9s sanitaires britanniques ont r\u00e9cemment lanc\u00e9 une alerte sur la pr\u00e9sence croissante de sachets de nicotine \u00e0 tr\u00e8s forte concentration, parfois jusqu\u2019\u00e0 150 mg par unit\u00e9<a href=\"#_ftn3\" name=\"_ftnref3\">[3]<\/a>. Pr\u00e9sent\u00e9s dans des emballages color\u00e9s et souvent aromatis\u00e9s, ces produits sont largement diffus\u00e9s via Internet et dans les commerces, parfois sans contr\u00f4le d\u2019\u00e2ge effectif. Plusieurs cas d\u2019intoxication et d\u2019hospitalisation ont \u00e9t\u00e9 rapport\u00e9s, notamment chez des adolescents ayant consomm\u00e9 plusieurs de ces produits ou par erreur. Une enqu\u00eate men\u00e9e aupr\u00e8s de 2 100 jeunes \u00e2g\u00e9s de 15 \u00e0 18 ans a r\u00e9v\u00e9l\u00e9 que pr\u00e8s de la moiti\u00e9 d\u2019entre eux identifiait les sachets de nicotine comme un produit tr\u00e8s r\u00e9pandu parmi leurs pairs, juste apr\u00e8s les cigarettes \u00e9lectroniques. Face \u00e0 cette prolif\u00e9ration, les autorit\u00e9s ont renforc\u00e9 les contr\u00f4les et saisi plus de 12 000 sachets non conformes depuis 2023. L\u2019int\u00e9gration de ces produits \u00e0 la nouvelle loi vise ainsi \u00e0 pallier l\u2019absence de cadre r\u00e9glementaire strict et \u00e0 mieux prot\u00e9ger les jeunes contre les effets nocifs d\u2019une exposition pr\u00e9coce \u00e0 la nicotine.<\/p>\n<p style=\"text-align: justify\"><strong style=\"text-align: justify\"><a href=\"https:\/\/www.generationsanstabac.org\/\">\u00a9G\u00e9n\u00e9ration Sans Tabac<\/a><\/strong><\/p>\n<p style=\"text-align: right\"><em><strong>AE<\/strong><\/em><\/p>\n<hr \/>\n<p style=\"text-align: justify\"><a href=\"#_ftnref1\" name=\"_ftn1\">[1]<\/a> <a href=\"https:\/\/www.upday.com\/uk\/snus-style-pouches-will-be-banned-under-smokefree-generation-law-says-minister\">Snus-style pouches will be banned under \u2018smokefree generation\u2019 law, says minister<\/a>, Up day News, publi\u00e9 le 6 mai 2025, consult\u00e9 le 7 mai 2025<\/p>\n<p style=\"text-align: justify\"><a href=\"#_ftnref2\" name=\"_ftn2\">[2]<\/a> Neil Pooran, <a href=\"https:\/\/www.independent.co.uk\/news\/uk\/home-news\/snus-illegal-vapes-smoking-law-b2745627.html\">Crackdown on snus-style nicotine pouches in \u2018smokefree generation\u2019 law<\/a>, The independant, publi\u00e9 le 6 mai 2025, consult\u00e9 le 7 mai 2025<\/p>\n<p style=\"text-align: justify\"><a href=\"#_ftnref3\" name=\"_ftn3\">[3]<\/a> G\u00e9n\u00e9ration sans tabac, <a href=\"https:\/\/www.generationsanstabac.org\/fr\/actualites\/sachets-de-nicotine-ultra-doses-les-autorites-britanniques-lancent-lalerte\/\">Sachets de nicotine ultra dos\u00e9s : les autorit\u00e9s britanniques lancent l\u2019alerte<\/a>, publi\u00e9 le 24 avril 2025, consult\u00e9 le 7 mai 2025<\/p>\n<p><strong style=\"color: #999999\"><a style=\"color: #999999\" href=\"http:\/\/www.cnct.fr\/\" target=\"_blank\" rel=\"noopener noreferrer\">Comit\u00e9 national contre le tabagisme |<\/a><\/strong><\/p>\n","protected":false},"excerpt":{"rendered":"<p>Le Royaume-Uni renforce encore davantage sa l\u00e9gislation de sant\u00e9 publique en int\u00e9grant les sachets de nicotine dans son projet de loi visant \u00e0 cr\u00e9er une g\u00e9n\u00e9ration sans tabac. Cette d\u00e9cision s\u2019inscrit dans une r\u00e9ponse ferme aux pr\u00e9occupations croissantes concernant l\u2019essor de produits nicotin\u00e9s pris\u00e9s par les jeunes, jusque-l\u00e0 faiblement encadr\u00e9s. Le gouvernement entend ainsi limiter leur accessibilit\u00e9, pr\u00e9venir les risques d\u2019addiction et renforcer la coh\u00e9rence de ses politiques de lutte contre le tabagisme et le vapotage.<\/p>\n","protected":false},"featured_media":23694,"template":"","tags":[],"thematique":[474],"class_list":["post-24061","actualites","type-actualites","status-publish","has-post-thumbnail","hentry","thematique-sante"],"acf":[],"_links":{"self":[{"href":"https:\/\/www.generationsanstabac.org\/fr\/wp-json\/wp\/v2\/actualites\/24061","targetHints":{"allow":["GET"]}}],"collection":[{"href":"https:\/\/www.generationsanstabac.org\/fr\/wp-json\/wp\/v2\/actualites"}],"about":[{"href":"https:\/\/www.generationsanstabac.org\/fr\/wp-json\/wp\/v2\/types\/actualites"}],"version-history":[{"count":1,"href":"https:\/\/www.generationsanstabac.org\/fr\/wp-json\/wp\/v2\/actualites\/24061\/revisions"}],"predecessor-version":[{"id":24064,"href":"https:\/\/www.generationsanstabac.org\/fr\/wp-json\/wp\/v2\/actualites\/24061\/revisions\/24064"}],"wp:featuredmedia":[{"embeddable":true,"href":"https:\/\/www.generationsanstabac.org\/fr\/wp-json\/wp\/v2\/media\/23694"}],"wp:attachment":[{"href":"https:\/\/www.generationsanstabac.org\/fr\/wp-json\/wp\/v2\/media?parent=24061"}],"wp:term":[{"taxonomy":"post_tag","embeddable":true,"href":"https:\/\/www.generationsanstabac.org\/fr\/wp-json\/wp\/v2\/tags?post=24061"},{"taxonomy":"thematique","embeddable":true,"href":"https:\/\/www.generationsanstabac.org\/fr\/wp-json\/wp\/v2\/thematique?post=24061"}],"curies":[{"name":"wp","href":"https:\/\/api.w.org\/{rel}","templated":true}]}}