{"id":24016,"date":"2025-05-05T07:00:39","date_gmt":"2025-05-05T05:00:39","guid":{"rendered":"https:\/\/www.generationsanstabac.org\/?post_type=actualites&#038;p=24016"},"modified":"2025-05-02T14:13:06","modified_gmt":"2025-05-02T12:13:06","slug":"en-slovenie-linterdiction-de-toutes-les-cigarettes-electroniques-aromatisees-est-entree-en-vigueur","status":"publish","type":"actualites","link":"https:\/\/www.generationsanstabac.org\/fr\/actualites\/en-slovenie-linterdiction-de-toutes-les-cigarettes-electroniques-aromatisees-est-entree-en-vigueur\/","title":{"rendered":"En Slov\u00e9nie, l&rsquo;interdiction de toutes les cigarettes \u00e9lectroniques aromatis\u00e9es est entr\u00e9e en vigueur"},"content":{"rendered":"<p style=\"text-align: justify\"><em>En Slov\u00e9nie, une nouvelle r\u00e9glementation est entr\u00e9e en vigueur, interdisant la vente de toutes les cigarettes \u00e9lectroniques et recharges aromatis\u00e9es, qu\u2019elles soient sucr\u00e9es, sal\u00e9es ou \u00e0 base de plantes, qu\u2019elles contiennent ou non de la nicotine<a href=\"#_ftn1\" name=\"_ftnref1\"><strong>[1]<\/strong><\/a>. Seules les saveurs de tabac sont d\u00e9sormais autoris\u00e9es, \u00e0 condition qu\u2019elles ne contiennent que l&rsquo;une des 16 substances approuv\u00e9es par le minist\u00e8re de la Sant\u00e9. Cette mesure d\u00e9coule d\u2019un texte l\u00e9gislatif interdisant les ar\u00f4mes dans les cigarettes \u00e9lectroniques et les produits du tabac \u00e0 chauffer, ainsi que les fumoirs dans les bars et a\u00e9roports, adopt\u00e9 en mai 2024 par l\u2019Assembl\u00e9e nationale slov\u00e8ne<a href=\"#_ftn2\" name=\"_ftnref2\"><strong>[2]<\/strong><\/a>.<\/em><\/p>\n<h2 style=\"text-align: justify\">L\u2019interdiction des cigarettes \u00e9lectroniques aromatis\u00e9es devient effective<\/h2>\n<p style=\"text-align: justify\">Cette initiative vise \u00e0 prot\u00e9ger la sant\u00e9 publique, en particulier celle des jeunes, puisque la consommation d\u2019e-cigarettes aromatis\u00e9es chez les mineurs a augment\u00e9 jusqu&rsquo;\u00e0 200 % en trois ans<a href=\"#_ftn3\" name=\"_ftnref3\">[3]<\/a>.<\/p>\n<p style=\"text-align: justify\">\u00ab <em>Des \u00e9tudes montrent que les cigarettes \u00e9lectroniques sont \u00e9galement utilis\u00e9es par les enfants de 9 \u00e0 11 ans. Il faut savoir qu&rsquo;elles sont nocives pour la sant\u00e9 et contiennent des compos\u00e9s canc\u00e9rig\u00e8nes. La principale substance est la nicotine, qui affecte le c\u0153ur, les vaisseaux sanguins, les poumons et le d\u00e9veloppement du cerveau, et cr\u00e9e \u00e9galement une d\u00e9pendance<\/em> \u00bb, a averti Vesna Marinko, directrice de la Direction de la sant\u00e9 publique.<\/p>\n<p style=\"text-align: justify\">Par cette mesure, la Slov\u00e9nie s\u2019aligne sur d&rsquo;autres pays de l\u2019Union europ\u00e9enne ayant d\u00e9j\u00e0 interdit ou restreint les produits du vapotage aromatis\u00e9s\u00a0: la Finlande, la Lettonie, la Lituanie, l&rsquo;Estonie, le Danemark, les Pays-Bas et la Hongrie.<\/p>\n<h2 style=\"text-align: justify\">Sanctions s\u00e9v\u00e8res et contr\u00f4les renforc\u00e9s<\/h2>\n<p style=\"text-align: justify\">La Slov\u00e9nie annonce \u00e9galement un renforcement important des contr\u00f4les pour faire respecter cette interdiction. Les inspections seront men\u00e9es par l\u2019Inspection sanitaire et l\u2019Administration financi\u00e8re, qui proc\u00e9deront \u00e0 des pr\u00e9l\u00e8vements d\u2019\u00e9chantillons, v\u00e9rifieront la conformit\u00e9 des produits et retireront du march\u00e9 ceux qui ne respectent pas la r\u00e9glementation.<\/p>\n<p style=\"text-align: justify\">Les sanctions sont s\u00e9v\u00e8res : toute personne ou entreprise qui vend ou offre gratuitement des produits interdits, y compris en ligne, s\u2019expose \u00e0 une amende allant de 3 000 \u00e0 5 000 euros. Les particuliers qui ach\u00e8tent ces produits en ligne peuvent \u00e9galement \u00eatre sanctionn\u00e9s d\u2019une amende comprise entre 125 et 5 000 euros.<\/p>\n<p style=\"text-align: justify\">Par ailleurs la Slov\u00e9nie est engag\u00e9e depuis ces derni\u00e8res ann\u00e9es dans une politique continue visant \u00e0 r\u00e9duire le tabagisme dans le pays. On estime qu\u2019avec pr\u00e8s d&rsquo;un quart, soit 24 % de la population adulte consommatrice de tabac, et 20 % des d\u00e9c\u00e8s chez les plus de 30 ans imputables au tabagisme, la Slov\u00e9nie comptabilise aujourd&rsquo;hui 427 000 fumeurs<a href=\"#_ftn4\" name=\"_ftnref5\">[4]<\/a>.<a href=\"#_ftn4\" name=\"_ftnref4\"><\/a><\/p>\n<p style=\"text-align: justify\">Le pays a d\u00e9cid\u00e9 de d\u00e9velopper ces actions de contr\u00f4le concernant les textes en vigueur. Ainsi le contr\u00f4le du respect de l\u2019interdiction de fumer dans les lieux publics ferm\u00e9s, les terrains de jeux et les espaces ouverts des \u00e9coles et jardins d\u2019enfants sera renforc\u00e9. Des inspections seront men\u00e9es dans les bus urbains, en coop\u00e9ration avec la police et les agents municipaux, avec l&rsquo;objectif d\u00e9clar\u00e9 de garantir une meilleure protection de la sant\u00e9 des citoyens.<\/p>\n<p style=\"text-align: justify\">Apr\u00e8s l\u2019adoption du paquet de cigarettes neutre le 1<sup>er<\/sup> janvier 2020<a href=\"#_ftn5\" name=\"_ftnref5\">[5]<\/a>, conform\u00e9ment aux directives d\u2019application de l&rsquo;article 11 et de l&rsquo;article 13 de la Convention-cadre de la lutte antitabac de l\u2019OMS (CCLAT), la Slov\u00e9nie fait aussi partie, avec quinze autres pays, des <a href=\"https:\/\/www.generationsanstabac.org\/fr\/actualites\/lespagne-met-en-place-une-taxe-sur-les-produits-du-vapotage-et-les-sachets-de-nicotine\/\">membres de l\u2019UE qui ont adress\u00e9 \u00e0 la Commission europ\u00e9enne une lettre l\u2019exhortant \u00e0 introduire une taxation des produits de vapotage<\/a> le 9 d\u00e9cembre 2024. Les signataires ont soulign\u00e9 l&rsquo;importance d&rsquo;une harmonisation fiscale au niveau europ\u00e9en pour pallier les disparit\u00e9s entre les \u00c9tats membres et renforcer la lutte contre le tabagisme et les produits du vapotage.<\/p>\n<p style=\"text-align: justify\"><strong style=\"text-align: justify\"><a href=\"https:\/\/www.generationsanstabac.org\/\">\u00a9G\u00e9n\u00e9ration Sans Tabac<\/a><\/strong><\/p>\n<p style=\"text-align: right\"><em><strong>AD<\/strong><\/em><\/p>\n<hr \/>\n<p style=\"text-align: justify\"><a href=\"#_ftnref1\" name=\"_ftn1\">[1]<\/a>Nova.rs, <a href=\"https:\/\/nova.rs\/magazin\/lifestyle\/slovenija-zabranila-aromatizovane-elektronske-cigarete\/\">U kom\u0161iluku stupila na snagu nova zabrana, najavljena stroga kontrola \u2013 za ovo je kazna i do 5.000 evra<\/a>, publi\u00e9 le 28 avril 2025, consult\u00e9 le 30 avril 2025<\/p>\n<p style=\"text-align: justify\"><a href=\"#_ftnref2\" name=\"_ftn2\">[2]<\/a>G\u00e9n\u00e9ration sans tabac, <a href=\"https:\/\/www.generationsanstabac.org\/fr\/actualites\/la-slovenie-interdit-les-aromes-pour-les-cigarettes-electroniques\/\">La Slov\u00e9nie interdit les ar\u00f4mes pour les cigarettes \u00e9lectroniques<\/a>, publi\u00e9 le 25 mai 2024, consult\u00e9 le 30 avril 2025<\/p>\n<p style=\"text-align: justify\"><a href=\"#_ftnref3\" name=\"_ftn3\">[3]<\/a>Tanjug, <a href=\"https:\/\/www.nin.rs\/magazin\/vesti\/75525\/za-kupovinu-i-prodaju-e-cigareta-s-aromama-u-sloveniji-kazna-i-do-5000-evra\">Za kupovinu i prodaju e-cigareta s aromama u Sloveniji kazna i do 5.000 evra<\/a>, nin.rs, publi\u00e9 le 28 avril 2025, consult\u00e9 le 30 avril 2025<\/p>\n<p style=\"text-align: justify\"><a href=\"#_ftnref4\" name=\"_ftn4\">[4]<\/a>G\u00e9n\u00e9ration sans tabac, <a href=\"https:\/\/www.generationsanstabac.org\/fr\/actualites\/focus-slovenie-activiste-dans-lutte-contre-le-tabac\/\">Focus sur la Slov\u00e9nie, activiste dans la lutte contre le tabac<\/a>, publi\u00e9 le 3 juillet 2020, consult\u00e9 le 30 avril 2025<\/p>\n<p style=\"text-align: justify\"><a href=\"#_ftnref5\" name=\"_ftn5\">[5]<\/a>G\u00e9n\u00e9ration sans tabac, <a href=\"https:\/\/www.generationsanstabac.org\/fr\/actualites\/le-laos-adopte-le-paquet-neutre-pour-les-cigarettes\/\">Le Laos adopte le paquet neutre pour les cigarettes<\/a>, publi\u00e9 le 9 octobre 2024, consult\u00e9 le 30 avril 2025<\/p>\n<p style=\"text-align: justify\"><strong style=\"color: #999999\"><a style=\"color: #999999\" href=\"http:\/\/www.cnct.fr\/\" target=\"_blank\" rel=\"noopener noreferrer\">Comit\u00e9 national contre le tabagisme |<\/a><\/strong><\/p>\n","protected":false},"excerpt":{"rendered":"<p>En Slov\u00e9nie, une nouvelle r\u00e9glementation est entr\u00e9e en vigueur, interdisant la vente de toutes les cigarettes \u00e9lectroniques et recharges aromatis\u00e9es, qu\u2019elles soient sucr\u00e9es, sal\u00e9es ou \u00e0 base de plantes, qu\u2019elles contiennent ou non de la nicotine. Seules les saveurs de tabac sont d\u00e9sormais autoris\u00e9es, \u00e0 condition qu\u2019elles ne contiennent que l&rsquo;une des 16 substances approuv\u00e9es par le minist\u00e8re de la Sant\u00e9. Cette mesure d\u00e9coule d\u2019un texte l\u00e9gislatif interdisant les ar\u00f4mes dans les cigarettes \u00e9lectroniques et les produits du tabac \u00e0 chauffer, ainsi que les fumoirs dans les bars et a\u00e9roports, adopt\u00e9 en mai 2024 par l\u2019Assembl\u00e9e nationale slov\u00e8ne.<\/p>\n","protected":false},"featured_media":24019,"template":"","tags":[],"thematique":[491],"class_list":["post-24016","actualites","type-actualites","status-publish","has-post-thumbnail","hentry","thematique-politiques-publiques"],"acf":[],"_links":{"self":[{"href":"https:\/\/www.generationsanstabac.org\/fr\/wp-json\/wp\/v2\/actualites\/24016","targetHints":{"allow":["GET"]}}],"collection":[{"href":"https:\/\/www.generationsanstabac.org\/fr\/wp-json\/wp\/v2\/actualites"}],"about":[{"href":"https:\/\/www.generationsanstabac.org\/fr\/wp-json\/wp\/v2\/types\/actualites"}],"version-history":[{"count":3,"href":"https:\/\/www.generationsanstabac.org\/fr\/wp-json\/wp\/v2\/actualites\/24016\/revisions"}],"predecessor-version":[{"id":24021,"href":"https:\/\/www.generationsanstabac.org\/fr\/wp-json\/wp\/v2\/actualites\/24016\/revisions\/24021"}],"wp:featuredmedia":[{"embeddable":true,"href":"https:\/\/www.generationsanstabac.org\/fr\/wp-json\/wp\/v2\/media\/24019"}],"wp:attachment":[{"href":"https:\/\/www.generationsanstabac.org\/fr\/wp-json\/wp\/v2\/media?parent=24016"}],"wp:term":[{"taxonomy":"post_tag","embeddable":true,"href":"https:\/\/www.generationsanstabac.org\/fr\/wp-json\/wp\/v2\/tags?post=24016"},{"taxonomy":"thematique","embeddable":true,"href":"https:\/\/www.generationsanstabac.org\/fr\/wp-json\/wp\/v2\/thematique?post=24016"}],"curies":[{"name":"wp","href":"https:\/\/api.w.org\/{rel}","templated":true}]}}