{"id":24003,"date":"2025-05-02T07:00:53","date_gmt":"2025-05-02T05:00:53","guid":{"rendered":"https:\/\/www.generationsanstabac.org\/?post_type=actualites&#038;p=24003"},"modified":"2025-04-29T15:27:07","modified_gmt":"2025-04-29T13:27:07","slug":"uruguay-une-etude-universitaire-analyse-les-effets-sur-la-consommation-dune-majoration-des-taxes-sur-le-tabac-pour-le-pays","status":"publish","type":"actualites","link":"https:\/\/www.generationsanstabac.org\/fr\/actualites\/uruguay-une-etude-universitaire-analyse-les-effets-sur-la-consommation-dune-majoration-des-taxes-sur-le-tabac-pour-le-pays\/","title":{"rendered":"Uruguay : une \u00e9tude universitaire analyse les effets sur la consommation d\u2019une majoration des taxes sur le tabac pour le pays"},"content":{"rendered":"<p style=\"text-align: justify\"><em>\u00c0 Montevideo, une \u00e9tude men\u00e9e par l\u2019Universidad de la Rep\u00fablica (Udelar) pr\u00e9voit qu&rsquo;une augmentation de 60 % des taxes entre 2025 et 2028,<\/em> <em>si celles-ci atteignent 75 % du prix de d\u00e9tail d&rsquo;un paquet de cigarettes, r\u00e9duirait le tabagisme de 18,65 %, emp\u00eacherait environ 49 000 personnes de commencer \u00e0 fumer et augmenterait les recettes fiscales de 24,35 %, en accord avec les recommandations de l&rsquo;OMS<a href=\"#_ftn1\" name=\"_ftnref1\"><strong>[1]<\/strong><\/a>. Le tabagisme est responsable de 15 % des d\u00e9c\u00e8s chez les adultes en Uruguay, il repr\u00e9sente 16,7 % des d\u00e9penses de sant\u00e9, et cause la mort pr\u00e9matur\u00e9e de 50 % des fumeurs. Selon l\u2019\u00e9tude, une hausse des taxes am\u00e9liorerait les r\u00e9sultats sanitaires tout en accroissant les revenus de l\u2019\u00c9tat, renfor\u00e7ant la position de l\u2019Uruguay en tant que pays avanc\u00e9 dans la lutte contre le tabac.<\/em><\/p>\n<h2 style=\"text-align: justify\">Une hausse des taxes sur le tabac pour am\u00e9liorer la sant\u00e9 publique et les finances en Uruguay<\/h2>\n<p style=\"text-align: justify\">Cette recherche, dirig\u00e9e par Patricia Triunfo et Zuleika Ferre, du D\u00e9partement d&rsquo;\u00c9conomie de la Facult\u00e9 des Sciences Sociales de l&rsquo;Universidad de la Rep\u00fablica, repose sur l\u2019analyse de donn\u00e9es couvrant la p\u00e9riode de 1997 \u00e0 2022. Elle confirme que les politiques antitabac mises en \u0153uvre depuis 2010 ont permis une r\u00e9duction significative de la consommation de tabac en Uruguay. L\u2019\u00e9lasticit\u00e9-prix estim\u00e9e \u00e0 -0,47 montre que les hausses de prix ont un effet notable sur la diminution de la demande, la hausse de 10 % du prix de vente d&rsquo;un paquet de cigarettes diminuant la demande de cigarettes de 4,7\u00a0%.<\/p>\n<p style=\"text-align: justify\">Actuellement, Triunfo et Ferre travaillent sur une nouvelle \u00e9tude \u00e0 partir des donn\u00e9es de l\u2019Institut national de la statistique (INE) afin d\u2019\u00e9valuer les diff\u00e9rences de consommation selon les niveaux socio-\u00e9conomiques. \u00ab <em>R\u00e9duire la consommation ne diminue pas les recettes fiscales <\/em>\u00bb, a pr\u00e9cis\u00e9 Ferre. Au contraire, malgr\u00e9 cette baisse des ventes estim\u00e9e \u00e0 18,65 %, le rapport indique que, \u00ab <em>d&rsquo;un point de vue fiscal, les recettes de l&rsquo;Imesi (imp\u00f4t sp\u00e9cifique sur la consommation en Uruguay) augmenteraient de 28,93 % et les recettes fiscales totales augmenteraient de 24,35 %<\/em> \u00bb. En effet, une hausse des taxes sur le tabac diminuerait les co\u00fbts de sant\u00e9 tout en finan\u00e7ant les syst\u00e8mes de sant\u00e9 publique.<\/p>\n<h2 style=\"text-align: justify\">D\u00e9fis m\u00e9thodologiques et limites du financement de la recherche<\/h2>\n<p style=\"text-align: justify\">Pour mener cette \u00e9tude, les chercheuses ont utilis\u00e9 des donn\u00e9es agr\u00e9g\u00e9es sur les ventes l\u00e9gales de cigarettes, en y int\u00e9grant des variables telles que les prix, les revenus et les mesures de r\u00e9gulation<a href=\"#_ftn2\" name=\"_ftnref2\">[2]<\/a>.<\/p>\n<p style=\"text-align: justify\">Ce travail a \u00e9t\u00e9 men\u00e9 en collaboration avec Jeffrey Harris du Massachusetts Institute of Technology (MIT), et a re\u00e7u un financement de la Fondation Bloomberg. En 2012, une publication parue dans <em>The Lancet<\/em> avait d\u00e9j\u00e0 analys\u00e9 la situation compar\u00e9e de l\u2019Uruguay et de l\u2019Argentine, montrant que les mesures uruguayennes avaient permis une r\u00e9duction \u00ab <em>substantielle et sans pr\u00e9c\u00e9dent<\/em> \u00bb de la consommation, contrairement \u00e0 l\u2019Argentine qui n\u2019avait adopt\u00e9 de politiques compl\u00e8tes qu\u2019en 2011.<\/p>\n<p style=\"text-align: justify\">Les m\u00eames chercheuses soulignent toutefois les d\u00e9fis li\u00e9s \u00e0 l\u2019\u00e9valuation des politiques publiques. \u00ab <em>\u00c9valuer une politique publique est difficile, notamment parce qu\u2019elles sont souvent mises en \u0153uvre de fa\u00e7on simultan\u00e9e et conjointement <\/em>\u00bb, a expliqu\u00e9 Patricia Triunfo.<\/p>\n<p style=\"text-align: justify\">En outre, elles pointent le manque d\u2019investissement dans la recherche scientifique, malgr\u00e9 un discours favorable \u00e0 la science. Triunfo explique que l\u2019investissement dans la recherche reste au point mort, ce qui limite la capacit\u00e9 \u00e0 produire des preuves utiles pour les politiques publiques.<\/p>\n<h2 style=\"text-align: justify\">D\u2019autres pistes pour acc\u00e9l\u00e9rer la lutte antitabac en Uruguay<\/h2>\n<p style=\"text-align: justify\">L\u2019\u00e9tude montre que le prix est un levier efficace pour r\u00e9duire la consommation, mais qu\u2019il doit \u00eatre int\u00e9gr\u00e9 \u00e0 une politique globale. Cela inclut notamment la lutte contre la contrebande, la r\u00e9glementation des nouveaux produits comme les cigarettes \u00e9lectroniques et les dispositifs de tabac chauff\u00e9, ainsi que la mise en place d\u2019une fiscalit\u00e9 harmonis\u00e9e pour \u00e9viter les substitutions entre produits. Une attention particuli\u00e8re doit aussi \u00eatre port\u00e9e \u00e0 la perception des risques, notamment chez les jeunes, expos\u00e9s \u00e0 des messages trompeurs de l\u2019industrie.<\/p>\n<p style=\"text-align: justify\">Les chercheuses appellent \u00e9galement \u00e0 renforcer les mesures fiscales par des politiques de prise en charge du sevrage tabagique mieux financ\u00e9es et plus accessibles, notamment pour les femmes. Elles plaident aussi pour une plus grande transparence dans les d\u00e9cisions politiques, entre sant\u00e9 publique et int\u00e9r\u00eats \u00e9conomiques. Enfin, elles rappellent que seule une recherche ind\u00e9pendante et bien soutenue peut garantir des politiques justes, face \u00e0 une industrie puissante qui essaie notamment de redorer son image. L\u2019ann\u00e9e derni\u00e8re, <a href=\"https:\/\/www.generationsanstabac.org\/fr\/actualites\/british-american-tobacco-a-achete-des-credits-carbones-fictifs-pour-compenser-ses-activites-de-rechauffement-climatique\/\">British American Tobacco a par exemple men\u00e9 une op\u00e9ration de greenwashing en Uruguay<\/a> en y achetant une exploitation d&rsquo;eucalyptus, au m\u00e9pris de l\u2019\u00e9cosyst\u00e8me local, afin d\u2019acheter des cr\u00e9dits carbones pour compenser les 130 000 tonnes d&rsquo;\u00e9missions de gaz \u00e0 effet de serre li\u00e9es \u00e0 la fabrication et \u00e0 la distribution de sa marque de cigarette \u00e9lectronique Vuse.<\/p>\n<p style=\"text-align: justify\"><strong style=\"text-align: justify\"><a href=\"https:\/\/www.generationsanstabac.org\/\">\u00a9G\u00e9n\u00e9ration Sans Tabac<\/a><\/strong><\/p>\n<p style=\"text-align: right\"><em><strong>AD<\/strong><\/em><\/p>\n<hr \/>\n<p style=\"text-align: justify\"><a href=\"#_ftnref1\" name=\"_ftn1\">[1]<\/a>MercoPress, <a href=\"https:\/\/en.mercopress.com\/2025\/04\/28\/uruguayan-university-study-favors-taxation-on-cigarettes\">Uruguayan university study favors taxation on cigarettes<\/a>, publi\u00e9 le 28 avril 2025, consult\u00e9 le 29 avril 2025<\/p>\n<p style=\"text-align: justify\"><a href=\"#_ftnref2\" name=\"_ftn2\">[2]<\/a>Lagos Leo, <a href=\"https:\/\/ladiaria.com.uy\/ciencia\/articulo\/2025\/4\/impuestos-a-los-cigarrillos-si-aumentaran-de-acuerdo-a-lo-que-recomienda-la-oms-para-2028-uruguay-tendria-49000-fumadores-menos\/\">Impuestos a los cigarrillos: si aumentaran de acuerdo a lo que recomienda la OMS, para 2028 Uruguay tendr\u00eda 49.000 fumadores menos<\/a>, La Diaria Ciencia, publi\u00e9 le 26 avril 2025, consult\u00e9 le 29 avril 2025<\/p>\n<p style=\"text-align: justify\"><strong style=\"color: #999999\"><a style=\"color: #999999\" href=\"http:\/\/www.cnct.fr\/\" target=\"_blank\" rel=\"noopener noreferrer\">Comit\u00e9 national contre le tabagisme |<\/a><\/strong><\/p>\n","protected":false},"excerpt":{"rendered":"<p>\u00c0 Montevideo, une \u00e9tude men\u00e9e par l\u2019Universidad de la Rep\u00fablica (Udelar) pr\u00e9voit qu&rsquo;une augmentation de 60 % des taxes entre 2025 et 2028, si celles-ci atteignent 75 % du prix de d\u00e9tail d&rsquo;un paquet de cigarettes, r\u00e9duirait le tabagisme de 18,65 %, emp\u00eacherait environ 49 000 personnes de commencer \u00e0 fumer et augmenterait les recettes fiscales de 24,35 %, en accord avec les recommandations de l&rsquo;OMS. Le tabagisme est responsable de 15 % des d\u00e9c\u00e8s chez les adultes en Uruguay, il repr\u00e9sente 16,7 % des d\u00e9penses de sant\u00e9, et cause la mort pr\u00e9matur\u00e9e de 50 % des fumeurs. Selon l\u2019\u00e9tude, une hausse des taxes am\u00e9liorerait les r\u00e9sultats sanitaires tout en accroissant les revenus de l\u2019\u00c9tat, renfor\u00e7ant la position de l\u2019Uruguay en tant que pays avanc\u00e9 dans la lutte contre le tabac.<\/p>\n","protected":false},"featured_media":24006,"template":"","tags":[],"thematique":[491],"class_list":["post-24003","actualites","type-actualites","status-publish","has-post-thumbnail","hentry","thematique-politiques-publiques"],"acf":[],"_links":{"self":[{"href":"https:\/\/www.generationsanstabac.org\/fr\/wp-json\/wp\/v2\/actualites\/24003","targetHints":{"allow":["GET"]}}],"collection":[{"href":"https:\/\/www.generationsanstabac.org\/fr\/wp-json\/wp\/v2\/actualites"}],"about":[{"href":"https:\/\/www.generationsanstabac.org\/fr\/wp-json\/wp\/v2\/types\/actualites"}],"version-history":[{"count":2,"href":"https:\/\/www.generationsanstabac.org\/fr\/wp-json\/wp\/v2\/actualites\/24003\/revisions"}],"predecessor-version":[{"id":24008,"href":"https:\/\/www.generationsanstabac.org\/fr\/wp-json\/wp\/v2\/actualites\/24003\/revisions\/24008"}],"wp:featuredmedia":[{"embeddable":true,"href":"https:\/\/www.generationsanstabac.org\/fr\/wp-json\/wp\/v2\/media\/24006"}],"wp:attachment":[{"href":"https:\/\/www.generationsanstabac.org\/fr\/wp-json\/wp\/v2\/media?parent=24003"}],"wp:term":[{"taxonomy":"post_tag","embeddable":true,"href":"https:\/\/www.generationsanstabac.org\/fr\/wp-json\/wp\/v2\/tags?post=24003"},{"taxonomy":"thematique","embeddable":true,"href":"https:\/\/www.generationsanstabac.org\/fr\/wp-json\/wp\/v2\/thematique?post=24003"}],"curies":[{"name":"wp","href":"https:\/\/api.w.org\/{rel}","templated":true}]}}