{"id":23973,"date":"2025-04-27T07:00:16","date_gmt":"2025-04-27T05:00:16","guid":{"rendered":"https:\/\/www.generationsanstabac.org\/?post_type=actualites&#038;p=23973"},"modified":"2025-04-29T15:37:11","modified_gmt":"2025-04-29T13:37:11","slug":"vietnam-plus-de-45-millions-de-personnes-sont-exposes-aux-maladies-liees-au-tabac","status":"publish","type":"actualites","link":"https:\/\/www.generationsanstabac.org\/fr\/actualites\/vietnam-plus-de-45-millions-de-personnes-sont-exposes-aux-maladies-liees-au-tabac\/","title":{"rendered":"Vietnam : plus de 45 millions de personnes sont expos\u00e9s aux maladies li\u00e9es au tabac"},"content":{"rendered":"<p style=\"text-align: justify\"><em>Plus de 45 % des 100 millions de Vietnamiens <\/em><em>sont expos\u00e9s aux risques de maladies graves et de d\u00e9c\u00e8s pr\u00e9matur\u00e9 \u00e0 cause du tabagisme actif ou passif. C\u2019est ce qu\u2019a soulign\u00e9 Mme Phan Thi Hai, directrice adjointe du Fonds vietnamien de lutte contre le tabac, qui d\u00e9pend du minist\u00e8re de la sant\u00e9, lors d\u2019un programme de formation organis\u00e9 le 23 avril 2025 \u00e0 Hano\u00ef par le Centre vietnamien d\u2019\u00e9tudes \u00e9conomiques et strat\u00e9giques (VESS)<a href=\"#_ftn1\" name=\"_ftnref1\"><strong>[1]<\/strong><\/a>. Avec plus d\u2019un Vietnamien sur cinq qui fume, et plus de 40 % d\u2019hommes fumeurs, le pays est en proie \u00e0 une grave \u00e9pid\u00e9mie tabagique.<\/em><\/p>\n<h2 style=\"text-align: justify\">Une crise sanitaire et \u00e9conomique majeure li\u00e9e au tabac au Vietnam<\/h2>\n<p style=\"text-align: justify\">En 2022, le Vietnam a produit pr\u00e8s de 35 000 tonnes de tabac brut, soit 0,6 % de la consommation mondiale annuelle, estim\u00e9e \u00e0 5,8 millions de tonnes, pla\u00e7ant le pays \u00e0 la 19<sup>e<\/sup>\u00a0place des producteurs de tabac<a href=\"#_ftn2\" name=\"_ftnref2\">[2]<\/a>. Ce dernier, qui contient plus de 7 000 substances chimiques dont 69 canc\u00e9rig\u00e8nes av\u00e9r\u00e9es, est \u00e0 l\u2019origine d\u2019un grand nombre de maladies, notamment des cancers, des maladies cardiovasculaires, respiratoires et reproductives.<\/p>\n<p style=\"text-align: justify\">Selon les donn\u00e9es de l\u2019OMS en 2021, la consommation de tabac \u00e9tait la cause du d\u00e9c\u00e8s pr\u00e9matur\u00e9s de 85 000 Vietnamiens par an auxquels s\u2019ajoutent 18 800 caus\u00e9s par le tabagisme passif, soit un total de 104 300 morts par an (23,8 % des d\u00e9c\u00e8s pr\u00e9matur\u00e9s du pays).<\/p>\n<p style=\"text-align: justify\">Les cons\u00e9quences financi\u00e8res sont tout aussi fortes. En 2022, les co\u00fbts li\u00e9s aux traitements m\u00e9dicaux, aux maladies et aux d\u00e9c\u00e8s pr\u00e9matur\u00e9s caus\u00e9s par le tabac se sont \u00e9lev\u00e9s \u00e0 108 000 milliards de VND (environ 3,6 millions d\u2019euros), soit 1,14 % du PIB, un montant cinq fois sup\u00e9rieur aux recettes fiscales g\u00e9n\u00e9r\u00e9es par le tabac. Sont particuli\u00e8rement touch\u00e9es les personnes en \u00e2ge de travailler, r\u00e9duisant ainsi la qualit\u00e9 de la main-d&rsquo;\u0153uvre nationale avec une incidence sur la croissance \u00e9conomique du pays. Toutefois, c\u2019est l\u2019ensemble de la soci\u00e9t\u00e9 vietnamienne qui est p\u00e9nalis\u00e9 \u00e9conomiquement par le tabagisme, puisqu\u2019une \u00e9tude estime que la consommation de tabac, particuli\u00e8rement addictive, tend \u00e0 aggraver les in\u00e9galit\u00e9s sociales en maintenant des centaines de milliers d\u2019individus dans des cycles de pauvret\u00e9.<\/p>\n<h2 style=\"text-align: justify\">La fiscalit\u00e9, un levier crucial pour r\u00e9duire la consommation de tabac<\/h2>\n<p style=\"text-align: justify\">Malgr\u00e9 des hausses occasionnelles d\u2019une taxe sp\u00e9ciale \u00e0 la consommation entre 2008 et 2019, leur impact est rest\u00e9 limit\u00e9 sur la consommation en raison de leur faible ampleur (5 %) et de la longue p\u00e9riode entre chaque augmentation. Par cons\u00e9quent, le march\u00e9 vietnamien compte encore environ 40 marques de cigarettes dont certaines sont vendues \u00e0 moins de 10 000 VND le paquet (0,34 \u20ac), rendant le tabac tr\u00e8s accessible financi\u00e8rement, y compris pour les jeunes et les populations \u00e0 faible revenu<a href=\"#_ftn3\" name=\"_ftnref3\">[3]<\/a>.<\/p>\n<p style=\"text-align: justify\">Le Dr Nguyen Ngoc Anh souligne que malgr\u00e9 les hausses de taxes, la production et les exportations ont continu\u00e9 d\u2019augmenter, sans baisse significative du nombre de fumeurs. Par ailleurs, en raison de l\u2019\u00e9volution des prix et des revenus, le co\u00fbt r\u00e9el du tabac pour les consommateurs a fortement baiss\u00e9 : en 1994, il fallait 31 % du revenu annuel pour acheter 100 paquets, contre seulement 5,2 % en 2017.<\/p>\n<p style=\"text-align: justify\">Pour faire face \u00e0 cette situation, l\u2019\u00e9conomiste Dao The Son propose une r\u00e9forme ambitieuse de la fiscalit\u00e9. Il recommande d\u2019instaurer une taxe fixe de 5 000 VND (0,17 \u20ac) par paquet d\u00e8s 2026, avec une augmentation progressive de sa valeur jusqu\u2019\u00e0 15 000 VND (0,51 \u20ac) d\u2019ici 2030. Mme Hai sugg\u00e8re d\u2019adopter un syst\u00e8me mixte en combinant cette taxe fixe avec une taxe proportionnelle afin que les prix des cigarettes suivent la croissance des revenus, en visant un taux de taxation repr\u00e9sentant 75 % du prix de vente au d\u00e9tail. Cela permettrait non seulement de r\u00e9duire la consommation de tabac, mais aussi de g\u00e9n\u00e9rer des b\u00e9n\u00e9fices pour la sant\u00e9 publique, l\u2019environnement et l\u2019\u00e9conomie nationale.<\/p>\n<p style=\"text-align: justify\">Outre un rattrapage important \u00e0 effectuer en mati\u00e8re de fiscalit\u00e9, le Vietnam accuse \u00e9galement un retard en mati\u00e8re de r\u00e9glementation des produits du tabac. Tel est notamment le cas pour les interdictions en mati\u00e8re de publicit\u00e9, puisque les activit\u00e9s de parrainage et de responsabilit\u00e9 sociale des entreprises ne sont pas interdites. Par ailleurs, les interdictions de fumer dans les espaces publics demeurent incompl\u00e8tes, ne comprenant pas, par exemple, les transports publics ou les caf\u00e9s. Enfin, la vente de cigarettes \u00e0 l\u2019unit\u00e9, ciblant principalement les jeunes, n\u2019est pas interdite, ni la vente de tabac en ligne. Fin novembre 2024, l\u2019Assembl\u00e9e nationale vietnamienne a n\u00e9anmoins adopt\u00e9\u00a0<a href=\"https:\/\/www.generationsanstabac.org\/fr\/actualites\/vietnam-une-interdiction-totale-des-cigarettes-electroniques-et-du-tabac-chauffe-des-2025\/\">l\u2019interdiction\u00a0de la production, de la vente, de l\u2019importation, du stockage, du transport et de l\u2019utilisation de cigarettes \u00e9lectroniques et de tabac \u00e0 chauffer<\/a>, qui entrera en vigueur cette ann\u00e9e.<\/p>\n<p style=\"text-align: justify\"><strong style=\"text-align: justify\"><a href=\"https:\/\/www.generationsanstabac.org\/\">\u00a9G\u00e9n\u00e9ration Sans Tabac<\/a><\/strong><\/p>\n<p style=\"text-align: right\"><em><strong>AD<\/strong><\/em><\/p>\n<hr \/>\n<p style=\"text-align: justify\"><a href=\"#_ftnref1\" name=\"_ftn1\">[1]<\/a>B\u00e1o Tu\u1ed5i Tr\u1ebb, <a href=\"https:\/\/www.vietnam.vn\/fr\/hon-45-trieu-nguoi-viet-co-nguy-co-mac-benh-vi-khoi-thuoc-la\">Plus de 45 millions de Vietnamiens risquent de tomber malades \u00e0 cause de la fum\u00e9e de cigarette.<\/a>, Vietnam.vn, publi\u00e9 le 23 avril 2025, consult\u00e9 le 24 avril 2025<\/p>\n<p style=\"text-align: justify\"><a href=\"#_ftnref2\" name=\"_ftn2\">[2]<\/a>G\u00e9n\u00e9ration sans tabac, <a href=\"https:\/\/www.generationsanstabac.org\/fr\/actualites\/au-vietnam-lepidemie-tabagique-persiste\/\">Au Vietnam, l\u2019\u00e9pid\u00e9mie tabagique persiste<\/a>, publi\u00e9 le 13 d\u00e9cembre 2024, consult\u00e9 le 24 avril 2025<\/p>\n<p style=\"text-align: justify\"><a href=\"#_ftnref3\" name=\"_ftn3\">[3]<\/a>Duy Minh, Lieu Duong, <a href=\"https:\/\/news.tuoitre.vn\/over-45-million-vietnamese-at-risk-of-tobacco-related-diseases-103250424072251631.htm\">Over 45 million Vietnamese at risk of tobacco-related diseases<\/a>, Tuoi Tre News, publi\u00e9 le 24 avril 2025, consult\u00e9 le 24 avril 2025<\/p>\n<p style=\"text-align: justify\"><strong style=\"color: #999999\"><a style=\"color: #999999\" href=\"http:\/\/www.cnct.fr\/\" target=\"_blank\" rel=\"noopener noreferrer\">Comit\u00e9 national contre le tabagisme |<\/a><\/strong><\/p>\n","protected":false},"excerpt":{"rendered":"<p>Plus de 45 % des 100 millions de Vietnamiens sont expos\u00e9s aux risques de maladies graves et de d\u00e9c\u00e8s pr\u00e9matur\u00e9 \u00e0 cause du tabagisme actif ou passif. C\u2019est ce qu\u2019a soulign\u00e9 Mme Phan Thi Hai, directrice adjointe du Fonds vietnamien de lutte contre le tabac, qui d\u00e9pend du minist\u00e8re de la sant\u00e9, lors d\u2019un programme de formation organis\u00e9 le 23 avril 2025 \u00e0 Hano\u00ef par le Centre vietnamien d\u2019\u00e9tudes \u00e9conomiques et strat\u00e9giques (VESS). Avec plus d\u2019un Vietnamien sur cinq qui fume, et plus de 40 % d\u2019hommes fumeurs, le pays est en proie \u00e0 une grave \u00e9pid\u00e9mie tabagique.<\/p>\n","protected":false},"featured_media":23976,"template":"","tags":[],"thematique":[474],"class_list":["post-23973","actualites","type-actualites","status-publish","has-post-thumbnail","hentry","thematique-sante"],"acf":[],"_links":{"self":[{"href":"https:\/\/www.generationsanstabac.org\/fr\/wp-json\/wp\/v2\/actualites\/23973","targetHints":{"allow":["GET"]}}],"collection":[{"href":"https:\/\/www.generationsanstabac.org\/fr\/wp-json\/wp\/v2\/actualites"}],"about":[{"href":"https:\/\/www.generationsanstabac.org\/fr\/wp-json\/wp\/v2\/types\/actualites"}],"version-history":[{"count":1,"href":"https:\/\/www.generationsanstabac.org\/fr\/wp-json\/wp\/v2\/actualites\/23973\/revisions"}],"predecessor-version":[{"id":23977,"href":"https:\/\/www.generationsanstabac.org\/fr\/wp-json\/wp\/v2\/actualites\/23973\/revisions\/23977"}],"wp:featuredmedia":[{"embeddable":true,"href":"https:\/\/www.generationsanstabac.org\/fr\/wp-json\/wp\/v2\/media\/23976"}],"wp:attachment":[{"href":"https:\/\/www.generationsanstabac.org\/fr\/wp-json\/wp\/v2\/media?parent=23973"}],"wp:term":[{"taxonomy":"post_tag","embeddable":true,"href":"https:\/\/www.generationsanstabac.org\/fr\/wp-json\/wp\/v2\/tags?post=23973"},{"taxonomy":"thematique","embeddable":true,"href":"https:\/\/www.generationsanstabac.org\/fr\/wp-json\/wp\/v2\/thematique?post=23973"}],"curies":[{"name":"wp","href":"https:\/\/api.w.org\/{rel}","templated":true}]}}