{"id":23958,"date":"2025-04-25T07:00:14","date_gmt":"2025-04-25T05:00:14","guid":{"rendered":"https:\/\/www.generationsanstabac.org\/?post_type=actualites&#038;p=23958"},"modified":"2025-04-22T15:15:28","modified_gmt":"2025-04-22T13:15:28","slug":"le-burkina-faso-interdit-tout-produit-du-tabac-et-du-vapotage-dans-les-lieux-publics","status":"publish","type":"actualites","link":"https:\/\/www.generationsanstabac.org\/fr\/actualites\/le-burkina-faso-interdit-tout-produit-du-tabac-et-du-vapotage-dans-les-lieux-publics\/","title":{"rendered":"Le Burkina Faso interdit tout produit du tabac et du vapotage dans les lieux publics"},"content":{"rendered":"<p style=\"text-align: justify\"><em>Selon un d\u00e9cret en date du 15 avril 2025 et sign\u00e9 notamment par le Pr\u00e9sident du Burkina Faso, le Capitaine Ibrahim Traor\u00e9, le Premier ministre Jean Emmanuel Ou\u00e9draogo et plusieurs membres du gouvernement, il est d\u00e9sormais interdit de consommer tout produit du tabac et du vapotage dans les lieux clos ou ouverts et dans les transports en commun<a href=\"#_ftn1\" name=\"_ftnref1\"><strong>[1]<\/strong><\/a>. Cette d\u00e9cision du gouvernement burkinab\u00e9 vise \u00e0 prot\u00e9ger la population des effets nocifs du tabagisme actif et passif, dans un souci de sant\u00e9 publique.<\/em><\/p>\n<h2 style=\"text-align: justify\">Une interdiction stricte pour prot\u00e9ger la sant\u00e9 publique burkinab\u00e8<\/h2>\n<p style=\"text-align: justify\">Ce d\u00e9cret s\u2019applique \u00e0 toutes les formes de consommation du tabac, y compris la chicha et \u00e9galement aux cigarettes \u00e9lectroniques, ainsi qu\u2019\u00e0 tout produit produisant de la fum\u00e9e ou de la vapeur. Sont aussi concern\u00e9s les objets li\u00e9s au tabac, tels que les cendriers. L\u2019interdiction s\u2019applique \u00e0 tous les lieux publics, qu\u2019ils soient ferm\u00e9s comme les bureaux, restaurants, salles de sport, bars, bo\u00eetes de nuit, cin\u00e9mas, th\u00e9\u00e2tres, mus\u00e9es, gares, a\u00e9roports, h\u00f4tels et march\u00e9s couverts, ou ouverts tels les parcs, stades et arr\u00eats de bus, ainsi que les transports en commun<a href=\"#_ftn2\" name=\"_ftnref2\">[2]<\/a>.<\/p>\n<p style=\"text-align: justify\">Les contrevenants s\u2019exposent \u00e0 des sanctions de 15 000 FCFA (environ 23 \u20ac) pour les fumeurs et 50 000 FCFA \u00e0 200 000 FCFA (76 \u20ac \u00e0 305 \u20ac) pour les responsables des lieux vis\u00e9s et responsables des transports en commun. \u2018<em>En cas de r\u00e9cidive, les p\u00e9nalit\u00e9s pr\u00e9vues au pr\u00e9sent chapitre sont port\u00e9es au double\u2019\u2019<\/em>, indique l\u2019article 11 du d\u00e9cret pr\u00e9sidentiel<a href=\"#_ftn3\" name=\"_ftnref3\">[3]<\/a>. Des sanctions p\u00e9cuniaires et administratives compl\u00e9mentaires peuvent \u00eatre prononc\u00e9es \u00e0 l&rsquo;encontre des responsables des \u00e9tablissements et des entreprises contrevenant aux dispositions du d\u00e9cret.<\/p>\n<h2 style=\"text-align: justify\">Le tabagisme, un puissant enjeu de sant\u00e9 publique au Burkina Faso<\/h2>\n<p style=\"text-align: justify\">Selon l\u2019OMS, en 2023 le tabac a \u00e9t\u00e9 la cause du d\u00e9c\u00e8s de plus de 8 millions de personnes, dont 1,3 million par tabagisme passif. Le Burkina Faso est un des pays d\u2019Afrique o\u00f9 l\u2019\u00e9pid\u00e9mie tabagique s\u2019est d\u00e9velopp\u00e9e relativement r\u00e9cemment mais a fortement progress\u00e9 dans les d\u00e9cennies 90 et 2000<a href=\"#_ftn4\" name=\"_ftnref4\">[4]<\/a>. Bien que la pr\u00e9valence du tabagisme ait diminu\u00e9, passant de 19,8 % en 2013 \u00e0 13,6 % en 2021, le tabac reste responsable de plus de 4 800 d\u00e9c\u00e8s pr\u00e9matur\u00e9s \u00e9vitables chaque ann\u00e9e, dont 1 300 victimes du tabagisme passif<a href=\"#_ftn5\" name=\"_ftnref5\">[5]<\/a>.<\/p>\n<p style=\"text-align: justify\">Le pays a relanc\u00e9 sa politique de lutte contre le tabac en 2025. En mars 2025 a \u00e9t\u00e9 adopt\u00e9 le paquet de cigarettes neutre, l\u2019un des premiers pays en Afrique \u00e0 suivre les directives de la Convention-cadre pour la lutte antitabac (CCLAT) \u00e0 ce sujet. Il avait pr\u00e9alablement interdit la publicit\u00e9, et une politique fiscale d\u2019augmentation des taxes a fait passer le prix d\u2019un paquet de 1 000 \u00e0 1 500 FCFA en trois ans, soit environ de 1,5 euro \u00e0 2,2 euros. \u00c0 cela se sont ajout\u00e9s l\u2019extension des espaces sans tabac et le lancement de campagnes de pr\u00e9vention en langues locales lors des matchs de football. L\u2019Alliance pour le contr\u00f4le du tabac en Afrique (ACTA), dans sa deuxi\u00e8me \u00e9dition de l\u2019Indice sur l&rsquo;ing\u00e9rence de l&rsquo;industrie du tabac en Afrique 2023, r\u00e9v\u00e9lait que le Burkina Faso, avec le Botswana et l\u2019\u00c9thiopie, \u00e9taient les pays o\u00f9 les mesures de protection des politiques publiques \u00e0 l\u2019\u00e9gard du lobby du tabac avaient le plus progress\u00e9, associ\u00e9es \u00e0 une am\u00e9lioration g\u00e9n\u00e9rale de la lutte antitabac<a href=\"#_ftn6\" name=\"_ftnref6\">[6]<\/a>.<\/p>\n<p style=\"text-align: justify\">Malgr\u00e9 cela, en raison de son instabilit\u00e9 politique, l\u2019industrie du tabac y prosp\u00e8re. En 2021, une enqu\u00eate de l\u2019Organized Crime and Corruption Reporting Project (OCCRP) avait par exemple d\u00e9voil\u00e9 que le repr\u00e9sentant de Philip Morris au Burkina Faso, Apollinaire Compaor\u00e9, fich\u00e9 comme contrebandier par l\u2019ONU elle-m\u00eame, \u00e9tait \u00e0 la t\u00eate d\u2019un trafic annuel de milliards de cigarettes \u00e0 destination de l\u2019Afrique du Nord (Libye, Alg\u00e9rie)<a href=\"#_ftn7\" name=\"_ftnref7\">[7]<\/a>. Cette contrebande finance la militarisation de la criminalit\u00e9 organis\u00e9e, les milices ethniques et les organisations terroristes islamistes, fragilisant la r\u00e9gion ouest africaine.<\/p>\n<p style=\"text-align: justify\"><strong style=\"text-align: justify\"><a href=\"https:\/\/www.generationsanstabac.org\/\">\u00a9G\u00e9n\u00e9ration Sans Tabac<\/a><\/strong><\/p>\n<p style=\"text-align: right\"><em><strong>AD<\/strong><\/em><\/p>\n<hr \/>\n<p style=\"text-align: justify\"><a href=\"#_ftnref1\" name=\"_ftn1\">[1]<\/a>Le Faso.net, <a href=\"https:\/\/lefaso.net\/spip.php?article137543\">Burkina\/ Interdiction de la cigarette dans les lieux publics\u00a0: Le d\u00e9cret d\u2019application a \u00e9t\u00e9 sign\u00e9<\/a>, publi\u00e9 le 18 avril 2025, consult\u00e9 le 22 avril 2025<\/p>\n<p style=\"text-align: justify\"><a href=\"#_ftnref2\" name=\"_ftn2\">[2]<\/a>D Zarianne, <a href=\"https:\/\/yop.l-frii.com\/burkina-faso-ibrahim-traore-prend-une-decision-radicale-pour-proteger-les-populations-cest-desormais-interdit-de\/\">Burkina Faso : Ibrahim Traor\u00e9 prend une d\u00e9cision radicale pour prot\u00e9ger les populations, c\u2019est d\u00e9sormais interdit de\u2026<\/a>, YopL.frii, publi\u00e9 le 19 avril 2025, consult\u00e9 le 22 avril 2025<\/p>\n<p style=\"text-align: justify\"><a href=\"#_ftnref3\" name=\"_ftn3\">[3]<\/a>Kpehoun Judica\u00ebl, <a href=\"https:\/\/www.banouto.bj\/bien-etre\/article\/20250419-burkina-faso-interdit-de-fumer-en-public-sous-peine-d-une-amende-de-15-000-fcfa\">Burkina Faso : interdit de fumer en public sous peine d\u2019une amende de 15 000 FCFA<\/a>, Banouto, publi\u00e9 le 19 avril 2025, consult\u00e9 le 22 avril 2025<\/p>\n<p style=\"text-align: justify\"><a href=\"#_ftnref4\" name=\"_ftn4\">[4]<\/a>Lokossou Charbel, <a href=\"https:\/\/www.afrique-sur7.fr\/burkina-faso-interdit-de-fumer-en-public-sous-peine-dune-amende-de-15-000-fcfa\">Burkina Faso : interdit de fumer sous peine d\u2019une amende<\/a>, Afrique sur 7, publi\u00e9 le 21 avril 2025, consult\u00e9 le 22 avril 2025<\/p>\n<p style=\"text-align: justify\"><a href=\"#_ftnref5\" name=\"_ftn5\">[5]<\/a>G\u00e9n\u00e9ration sans tabac, <a href=\"https:\/\/www.generationsanstabac.org\/fr\/actualites\/burkina-faso-la-loi-antitabac-durcit-avec-linstauration-du-paquet-neutre\/\">Burkina Faso : la loi antitabac instaure le paquet neutre<\/a>, publi\u00e9 le 24 mars 2025, consult\u00e9 le 22 avril 2025<\/p>\n<p style=\"text-align: justify\"><a href=\"#_ftnref6\" name=\"_ftn6\">[6]<\/a>G\u00e9n\u00e9ration sans tabac, <a href=\"https:\/\/www.generationsanstabac.org\/fr\/actualites\/afrique-reste-permeable-lobby-industrie-tabac\/\">Malgr\u00e9 certains progr\u00e8s, les pays africains restent perm\u00e9ables au lobby de l\u2019industrie du tabac<\/a>, publi\u00e9 le 31 octobre 2023, consult\u00e9 le 22 avril 2025<\/p>\n<p style=\"text-align: justify\"><a href=\"#_ftnref7\" name=\"_ftn7\">[7]<\/a>G\u00e9n\u00e9ration sans tabac, <a href=\"https:\/\/www.generationsanstabac.org\/fr\/actualites\/les-guerres-et-les-conflits-terrains-prosperes-pour-lindustrie-du-tabac\/\">Les guerres et les conflits, terrains prosp\u00e8res pour l\u2019industrie du tabac<\/a>, publi\u00e9 le 8 octobre 2024, consult\u00e9 le 22 avril 2025<\/p>\n<p style=\"text-align: justify\"><strong style=\"color: #999999\"><a style=\"color: #999999\" href=\"http:\/\/www.cnct.fr\/\" target=\"_blank\" rel=\"noopener noreferrer\">Comit\u00e9 national contre le tabagisme |<\/a><\/strong><\/p>\n","protected":false},"excerpt":{"rendered":"<p>Selon un d\u00e9cret en date du 15 avril 2025 et sign\u00e9 notamment par le Pr\u00e9sident du Burkina Faso, le Capitaine Ibrahim Traor\u00e9, le Premier ministre Jean Emmanuel Ou\u00e9draogo et plusieurs membres du gouvernement, il est d\u00e9sormais interdit de consommer tout produit du tabac et du vapotage dans les lieux clos ou ouverts et dans les transports en commun. Cette d\u00e9cision du gouvernement burkinab\u00e9 vise \u00e0 prot\u00e9ger la population des effets nocifs du tabagisme actif et passif, dans un souci de sant\u00e9 publique.<\/p>\n","protected":false},"featured_media":23961,"template":"","tags":[],"thematique":[491],"class_list":["post-23958","actualites","type-actualites","status-publish","has-post-thumbnail","hentry","thematique-politiques-publiques"],"acf":[],"_links":{"self":[{"href":"https:\/\/www.generationsanstabac.org\/fr\/wp-json\/wp\/v2\/actualites\/23958","targetHints":{"allow":["GET"]}}],"collection":[{"href":"https:\/\/www.generationsanstabac.org\/fr\/wp-json\/wp\/v2\/actualites"}],"about":[{"href":"https:\/\/www.generationsanstabac.org\/fr\/wp-json\/wp\/v2\/types\/actualites"}],"version-history":[{"count":3,"href":"https:\/\/www.generationsanstabac.org\/fr\/wp-json\/wp\/v2\/actualites\/23958\/revisions"}],"predecessor-version":[{"id":23964,"href":"https:\/\/www.generationsanstabac.org\/fr\/wp-json\/wp\/v2\/actualites\/23958\/revisions\/23964"}],"wp:featuredmedia":[{"embeddable":true,"href":"https:\/\/www.generationsanstabac.org\/fr\/wp-json\/wp\/v2\/media\/23961"}],"wp:attachment":[{"href":"https:\/\/www.generationsanstabac.org\/fr\/wp-json\/wp\/v2\/media?parent=23958"}],"wp:term":[{"taxonomy":"post_tag","embeddable":true,"href":"https:\/\/www.generationsanstabac.org\/fr\/wp-json\/wp\/v2\/tags?post=23958"},{"taxonomy":"thematique","embeddable":true,"href":"https:\/\/www.generationsanstabac.org\/fr\/wp-json\/wp\/v2\/thematique?post=23958"}],"curies":[{"name":"wp","href":"https:\/\/api.w.org\/{rel}","templated":true}]}}