{"id":23902,"date":"2025-04-18T07:00:22","date_gmt":"2025-04-18T05:00:22","guid":{"rendered":"https:\/\/www.generationsanstabac.org\/?post_type=actualites&#038;p=23902"},"modified":"2025-04-15T15:41:28","modified_gmt":"2025-04-15T13:41:28","slug":"pakistan-la-province-du-pendjab-renforce-ses-mesures-dans-la-lutte-contre-le-tabagisme","status":"publish","type":"actualites","link":"https:\/\/www.generationsanstabac.org\/fr\/actualites\/pakistan-la-province-du-pendjab-renforce-ses-mesures-dans-la-lutte-contre-le-tabagisme\/","title":{"rendered":"Pakistan : La province du Pendjab renforce ses mesures dans la lutte contre le tabagisme"},"content":{"rendered":"<p style=\"text-align: justify\"><em>Le gouvernement du Pendjab a annonc\u00e9 l\u2019application stricte de l\u2019Ordonnance sur l\u2019interdiction de fumer de 2002 dans toute la province, y compris \u00e0 Rawalpindi<a href=\"#_ftn1\" name=\"_ftnref1\"><strong>[1]<\/strong><\/a>, et l\u2019adoption d\u2019autres dispositions pour lutter contre le tabagisme. Les d\u00e9taillants de tabac devront ainsi afficher des avertissements visibles, ne pourront pas vendre de tabac pr\u00e8s des \u00e9coles, et le contr\u00f4le de l\u2019application de la r\u00e9glementation sera renforc\u00e9, mobilisant l\u2019ensemble de la population avec par exemple une application pour signaler les infractions. Les contrevenants s\u2019exposent \u00e0 des amendes variables en cas de violation et maximales en cas de r\u00e9cidive.<\/em><\/p>\n<h2 style=\"text-align: justify\">Respect des lieux sans tabac, avertissement et sanctuarisation des alentours d\u2019\u00e9tablissements scolaires<\/h2>\n<p style=\"text-align: justify\">Une r\u00e9union pr\u00e9sid\u00e9e par le commissaire adjoint \u00e0 la coordination, Syed Nazrat Ali, a d\u00e9fini les mesures concr\u00e8tes pour l&rsquo;application de cette ordonnance. Les repr\u00e9sentants des services de la sant\u00e9, de l\u2019\u00e9ducation et de l\u2019application de la loi ont re\u00e7u des instructions pr\u00e9cises sur les actions \u00e0 entreprendre. Le docteur Hassan Tariq, Commissaire g\u00e9n\u00e9ral adjoint, Nazia, directeur adjoint des accises et de la fiscalit\u00e9, ainsi que des repr\u00e9sentants du minist\u00e8re f\u00e9d\u00e9ral de la sant\u00e9 et de la lutte contre le tabagisme \u00e9taient pr\u00e9sents lors de cette r\u00e9union qui s&rsquo;est tenue au bureau du commissaire \u00e0 Rawalpindi.<\/p>\n<p style=\"text-align: justify\">L\u2019interdiction de fumer, d\u00e9j\u00e0 en vigueur dans tous les lieux de travail, lieux publics et transports publics depuis l&rsquo;Ordonnance relative \u00e0 l&rsquo;interdiction de fumer et \u00e0 la protection des non-fumeurs de 2002, et renforc\u00e9e en 2005 lorsque le Pakistan est devenu Partie de la Convention-cadre de l\u2019OMS pour la lutte antitabac (CCLAT), sera d\u00e9sormais strictement appliqu\u00e9e dans les \u00e9tablissements scolaires, bureaux, h\u00f4pitaux, centres commerciaux, restaurants et transports en commun.<\/p>\n<p style=\"text-align: justify\">En outre, il est d\u00e9sormais obligatoire pour les commer\u00e7ants de tabac d\u2019afficher des avertissements visibles, et la vente de produits du tabac dans un rayon de 50 m\u00e8tres autour des \u00e9tablissements scolaires est strictement interdite. Des inspections et des contr\u00f4les seront effectu\u00e9s r\u00e9guli\u00e8rement pour garantir la conformit\u00e9<a href=\"#_ftn2\" name=\"_ftnref2\">[2]<\/a>. Les infractions \u00e0 cette r\u00e8gle entra\u00eeneront des amendes comprises entre 5 000 roupies (environ 16 \u20ac) et 100 000 roupies (environ 321 \u20ac).<\/p>\n<h2 style=\"text-align: justify\">La priorit\u00e9 est donn\u00e9e \u00e0 la sant\u00e9 publique et \u00e0 la jeunesse<\/h2>\n<p style=\"text-align: justify\">Nazrat Ali a soulign\u00e9 que les agents d\u00e9sign\u00e9s auront l\u2019autorit\u00e9 d\u2019imposer des amendes, de fermer des commerces et de confisquer les produits non conformes. \u00ab\u00a0<em>Des mesures strictes sont indispensables pour prot\u00e9ger la sant\u00e9 de nos concitoyens, en particulier des jeunes g\u00e9n\u00e9rations.<\/em>\u00a0\u00bb a-t-il d\u00e9clar\u00e9, rappelant que plus de 160 000 d\u00e9c\u00e8s annuels pr\u00e9matur\u00e9s dans le pays sont li\u00e9s \u00e0 des maladies caus\u00e9es par le tabac, notamment des cancers du poumon, de la gorge, mais aussi des maladies cardiaques et pulmonaires<a href=\"#_ftn3\" name=\"_ftnref3\">[3]<\/a>. Selon l&rsquo;Organisation mondiale de la sant\u00e9 (OMS), environ 19 % des adultes pakistanais consomment des produits du tabac, avec une pr\u00e9valence plus \u00e9lev\u00e9e chez les hommes (31,8 %) que chez les femmes (5,8 %)<a href=\"#_ftn4\" name=\"_ftnref4\">[4]<\/a>.<\/p>\n<p style=\"text-align: justify\">Le gouvernement provincial a \u00e9galement demand\u00e9 aux institutions publiques, notamment celles relevant du minist\u00e8re de l\u2019\u00c9ducation, de nommer des r\u00e9f\u00e9rents et des formateurs pour superviser les efforts de lutte contre le tabac.<\/p>\n<p style=\"text-align: justify\">Enfin, les citoyens sont invit\u00e9s \u00e0 signaler les infractions via l&rsquo;application mobile \u00ab\u00a0Smoke-Free Pakistan\u00a0\u00bb (\u00ab\u00a0Pakistan sans tabac\u00a0\u00bb), dans le cadre d\u2019une vaste initiative visant \u00e0 faire du Pendjab une province sans tabac.<\/p>\n<p style=\"text-align: justify\">Cet engagement du Pakistan et notamment du Pendjab \u00e0 faire appliquer ses textes et notamment la mesure d\u2019interdiction de fumer survient alors que le pays est \u00e9galement en proie \u00e0 <a href=\"https:\/\/www.generationsanstabac.org\/fr\/actualites\/pakistan-le-fmi-se-dit-preoccupe-par-la-fraude-fiscale-sur-les-cigarettes\/\">une importante fraude fiscale sur les cigarettes pr\u00e9judiciable \u00e0 la sant\u00e9 publique<\/a>. Avec un score de 53 sur 100 sur l\u2019indice d\u2019interf\u00e9rence de l&rsquo;industrie du tabac, il se place dans les pays o\u00f9 l\u2019ind\u00e9pendance des politiques de sant\u00e9 antitabac est encore tr\u00e8s perfectible \u00e0 l\u2019\u00e9gard du lobby du tabac<a href=\"#_ftn5\" name=\"_ftnref5\">[5]<\/a>.<\/p>\n<p style=\"text-align: justify\"><strong style=\"text-align: justify\"><a href=\"https:\/\/www.generationsanstabac.org\/\">\u00a9G\u00e9n\u00e9ration Sans Tabac<\/a><\/strong><\/p>\n<p style=\"text-align: right\"><em><strong>AD<\/strong><\/em><\/p>\n<hr \/>\n<p style=\"text-align: justify\"><a href=\"#_ftnref1\" name=\"_ftn1\">[1]<\/a>News Desk, <a href=\"https:\/\/www.pakistantoday.com.pk\/2025\/04\/10\/punjab-imposes-strict-smoking-ban-in-public-spaces-with-hefty-fines\/\">Punjab imposes strict smoking ban in public spaces with hefty fines,<\/a> Pakistan Today, publi\u00e9 le 10 avril 2025, consult\u00e9 le 11 avril 2025<\/p>\n<p style=\"text-align: justify\"><a href=\"#_ftnref2\" name=\"_ftn2\">[2]<\/a>MM News, <a href=\"https:\/\/mmnews.tv\/strict-ban-on-smoking-in-public-places-imposed-in-this-province\/\">Strict ban on smoking in public places imposed in THIS province<\/a>, publi\u00e9 le 10 avril 2025, consult\u00e9 le 11 avril 2025<\/p>\n<p style=\"text-align: justify\"><a href=\"#_ftnref3\" name=\"_ftn3\">[3]<\/a>Hashmi Faizan, <a href=\"https:\/\/www.urdupoint.com\/en\/pakistan\/task-force-set-up-for-tobacco-control-1960609.html\">Task Force Set Up For Tobacco Control<\/a>, Urdupoint, publi\u00e9 le 10 avril 2025, consult\u00e9 le 11 avril 2025<\/p>\n<p style=\"text-align: justify\"><a href=\"#_ftnref4\" name=\"_ftn4\">[4]<\/a>G\u00e9n\u00e9ration sans tabac, <a href=\"https:\/\/www.generationsanstabac.org\/fr\/actualites\/pakistan-meconnaissance-et-consommation-elevee-de-tabac-chauffe-chez-les-adultes\/\">Pakistan : m\u00e9connaissance et consommation \u00e9lev\u00e9e de tabac chauff\u00e9 chez les adultes<\/a>, publi\u00e9 le 10 juillet 2024, consult\u00e9 le 11 avril 2025<\/p>\n<p style=\"text-align: justify\"><a href=\"#_ftnref5\" name=\"_ftn5\">[5]<\/a>Assunta M., Global Tobacco Industry Interference Index 2023, Global Center for Good Governance in Tobacco Control (GGTC), Bangkok, Tha\u00eflande, publi\u00e9 en novembre 2023, consult\u00e9 le 11 avril 2025<\/p>\n<p style=\"text-align: justify\"><strong style=\"color: #999999\"><a style=\"color: #999999\" href=\"http:\/\/www.cnct.fr\/\" target=\"_blank\" rel=\"noopener noreferrer\">Comit\u00e9 national contre le tabagisme |<\/a><\/strong><\/p>\n","protected":false},"excerpt":{"rendered":"<p>Le gouvernement du Pendjab a annonc\u00e9 l\u2019application stricte de l\u2019Ordonnance sur l\u2019interdiction de fumer de 2002 dans toute la province, y compris \u00e0 Rawalpindi, et l\u2019adoption d\u2019autres dispositions pour lutter contre le tabagisme. Les d\u00e9taillants de tabac devront ainsi afficher des avertissements visibles, ne pourront pas vendre de tabac pr\u00e8s des \u00e9coles, et le contr\u00f4le de l\u2019application de la r\u00e9glementation sera renforc\u00e9, mobilisant l\u2019ensemble de la population avec par exemple une application pour signaler les infractions. Les contrevenants s\u2019exposent \u00e0 des amendes variables en cas de violation et maximales en cas de r\u00e9cidive.<\/p>\n","protected":false},"featured_media":23908,"template":"","tags":[],"thematique":[491],"class_list":["post-23902","actualites","type-actualites","status-publish","has-post-thumbnail","hentry","thematique-politiques-publiques"],"acf":[],"_links":{"self":[{"href":"https:\/\/www.generationsanstabac.org\/fr\/wp-json\/wp\/v2\/actualites\/23902","targetHints":{"allow":["GET"]}}],"collection":[{"href":"https:\/\/www.generationsanstabac.org\/fr\/wp-json\/wp\/v2\/actualites"}],"about":[{"href":"https:\/\/www.generationsanstabac.org\/fr\/wp-json\/wp\/v2\/types\/actualites"}],"version-history":[{"count":2,"href":"https:\/\/www.generationsanstabac.org\/fr\/wp-json\/wp\/v2\/actualites\/23902\/revisions"}],"predecessor-version":[{"id":23909,"href":"https:\/\/www.generationsanstabac.org\/fr\/wp-json\/wp\/v2\/actualites\/23902\/revisions\/23909"}],"wp:featuredmedia":[{"embeddable":true,"href":"https:\/\/www.generationsanstabac.org\/fr\/wp-json\/wp\/v2\/media\/23908"}],"wp:attachment":[{"href":"https:\/\/www.generationsanstabac.org\/fr\/wp-json\/wp\/v2\/media?parent=23902"}],"wp:term":[{"taxonomy":"post_tag","embeddable":true,"href":"https:\/\/www.generationsanstabac.org\/fr\/wp-json\/wp\/v2\/tags?post=23902"},{"taxonomy":"thematique","embeddable":true,"href":"https:\/\/www.generationsanstabac.org\/fr\/wp-json\/wp\/v2\/thematique?post=23902"}],"curies":[{"name":"wp","href":"https:\/\/api.w.org\/{rel}","templated":true}]}}