{"id":23884,"date":"2025-04-15T07:00:15","date_gmt":"2025-04-15T05:00:15","guid":{"rendered":"https:\/\/www.generationsanstabac.org\/?post_type=actualites&#038;p=23884"},"modified":"2025-04-14T10:13:55","modified_gmt":"2025-04-14T08:13:55","slug":"controverse-autour-de-la-nomination-des-philippines-a-la-presidence-de-lassemblee-mondiale-de-la-sante","status":"publish","type":"actualites","link":"https:\/\/www.generationsanstabac.org\/fr\/actualites\/controverse-autour-de-la-nomination-des-philippines-a-la-presidence-de-lassemblee-mondiale-de-la-sante\/","title":{"rendered":"Controverse autour de la nomination des Philippines \u00e0 la pr\u00e9sidence de l&rsquo;Assembl\u00e9e mondiale de la Sant\u00e9"},"content":{"rendered":"<p style=\"text-align: justify\"><em>Plus de 50 organisations de sant\u00e9 publique et de lutte antitabac \u00e0 travers le monde ont r\u00e9cemment adress\u00e9 un <\/em><a href=\"https:\/\/seatca.org\/dmdocuments\/PR_Health%20advocates%20worldwide%20demand%20cancellation%20of%20Philippines%E2%80%99%20World%20Health%20Assembly%20presidency%20nomination.pdf\"><em>appel<\/em><\/a><em> urgent \u00e0 l\u2019Organisation mondiale de la Sant\u00e9 (OMS), l\u2019enjoignant \u00e0 annuler la nomination des Philippines \u00e0 la pr\u00e9sidence de la 78<\/em><em>\u1d49 Assembl\u00e9e mondiale de la Sant\u00e9 (AMS), pr\u00e9vue du 27 mai au 1er juin 2025 \u00e0 Gen\u00e8ve. <\/em><\/p>\n<p style=\"text-align: justify\">Ces organisations expriment des inqui\u00e9tudes quant aux liens entre le gouvernement philippin et l&rsquo;industrie du tabac, notamment l&rsquo;acceptation de dons de la part de Philip Morris International (PMI)<a href=\"#_ftn1\" name=\"_ftnref1\">[1]<\/a>.<\/p>\n<h2 style=\"text-align: justify\"><strong>Des liens pr\u00e9occupants entre le gouvernement philippin et l&rsquo;industrie du tabac<\/strong><\/h2>\n<p style=\"text-align: justify\">Les inqui\u00e9tudes portent sur les relations \u00e9troites entre le gouvernement philippin et Philip Morris International (PMI). En mars 2025, des repr\u00e9sentants du gouvernement, dont le Secr\u00e9taire \u00e0 la Sant\u00e9 Teodoro Herbosa, ont particip\u00e9 \u00e0 une c\u00e9r\u00e9monie officielle au palais pr\u00e9sidentiel de Malaca\u00f1ang pour recevoir quatre cliniques mobiles offertes par PMI et sa filiale locale PMFTC Inc. Ces unit\u00e9s, d&rsquo;une valeur estim\u00e9e \u00e0 572 141 dollars, ont \u00e9t\u00e9 remises au D\u00e9partement des Affaires sociales et du D\u00e9veloppement (DSWD). Elles soutiennent des op\u00e9rations de secours et, selon les autorit\u00e9s, fourniraient un meilleur acc\u00e8s \u00e0 des services de sant\u00e9 de base et \u00e0 de l\u2019eau potable aux populations d\u00e9favoris\u00e9es.<\/p>\n<p style=\"text-align: justify\">L\u2019\u00e9v\u00e9nement a \u00e9t\u00e9 largement relay\u00e9 sur les r\u00e9seaux sociaux, notamment sur le compte Instagram de la Premi\u00e8re dame des Philippines, Liza Marcos, qui a salu\u00e9 l\u2019initiative du fabricant\u00a0de tabac.<\/p>\n<p><img fetchpriority=\"high\" decoding=\"async\" class=\"size-full wp-image-23887 aligncenter\" src=\"https:\/\/www.generationsanstabac.org\/wp-content\/uploads\/2025\/04\/Image155.png\" alt=\"philippines-philip-morris\" width=\"907\" height=\"419\" srcset=\"https:\/\/www.generationsanstabac.org\/wp-content\/uploads\/2025\/04\/Image155.png 907w, https:\/\/www.generationsanstabac.org\/wp-content\/uploads\/2025\/04\/Image155-300x139.png 300w, https:\/\/www.generationsanstabac.org\/wp-content\/uploads\/2025\/04\/Image155-768x355.png 768w, https:\/\/www.generationsanstabac.org\/wp-content\/uploads\/2025\/04\/Image155-18x8.png 18w\" sizes=\"(max-width: 907px) 100vw, 907px\" \/><\/p>\n<p style=\"text-align: justify\">Ce don n\u2019est pas un cas isol\u00e9. D\u00e9j\u00e0 en 2024, le gouvernement philippin avait accept\u00e9 un premier don similaire de la part de PMI, suscitant de vives critiques de la part des organisations de sant\u00e9 publique, y compris aux Philippines. Cette r\u00e9p\u00e9tition confirme une strat\u00e9gie de long terme de la part de l\u2019industrie pour s\u2019ancrer dans l\u2019espace institutionnel public<a href=\"#_ftn2\" name=\"_ftnref2\">[2]<\/a>.<\/p>\n<h2 style=\"text-align: justify\"><strong>Une violation manifeste de la Convention-cadre de l\u2019OMS pour la lutte antitabac<\/strong><\/h2>\n<p style=\"text-align: justify\">Ces actions constituent une violation directe de l\u2019article 5.3 de la Convention-cadre de l\u2019OMS pour la lutte antitabac (CCLAT), ratifi\u00e9e par les Philippines. Cet article impose aux \u00c9tats parties de prot\u00e9ger leurs politiques de sant\u00e9 publique des int\u00e9r\u00eats commerciaux et autres de l\u2019industrie du tabac. Par ailleurs, le M\u00e9morandum Conjoint 2010-01, \u00e9mis par la Commission de la fonction publique et le D\u00e9partement de la sant\u00e9 des Philippines, interdit explicitement aux fonctionnaires d\u2019accepter des dons ou un soutien quelconque de l\u2019industrie du tabac.<\/p>\n<p style=\"text-align: justify\">Les signataires de la lettre adress\u00e9e \u00e0 l\u2019OMS estiment que la nomination des Philippines compromettrait l\u2019int\u00e9grit\u00e9 de l\u2019AMS et enverrait un signal contradictoire aux \u00c9tats membres engag\u00e9s dans la mise en \u0153uvre de politiques de sant\u00e9 publique ind\u00e9pendantes. Elles rappellent l\u2019importance de pr\u00e9server l\u2019ind\u00e9pendance et la cr\u00e9dibilit\u00e9 des instances internationales de gouvernance sanitaire. Elles appellent l\u2019OMS \u00e0 faire preuve de coh\u00e9rence et \u00e0 appliquer strictement les principes de la CCLAT, notamment en mati\u00e8re de pr\u00e9vention des interf\u00e9rences de l\u2019industrie du tabac.<\/p>\n<p style=\"text-align: justify\">La nomination d\u2019un \u00c9tat entretenant des relations \u00e9troites avec cette industrie \u00e0 un poste symbolique aussi important que la pr\u00e9sidence de l\u2019AMS serait un pr\u00e9c\u00e9dent dangereux, susceptible de fragiliser les avanc\u00e9es obtenues dans la lutte mondiale contre le tabagisme.<\/p>\n<h2 style=\"text-align: justify\"><strong>L\u2019offensive marketing de PMI aux Philippines : le cas IQOS<\/strong><\/h2>\n<p style=\"text-align: justify\">En parall\u00e8le, PMI poursuit activement la promotion de ses produits du tabac dans le pays, en particulier l\u2019IQOS, son dispositif de tabac chauff\u00e9. Le 9 avril 2025, un \u00e9v\u00e9nement exclusif a \u00e9t\u00e9 organis\u00e9 au restaurant Helm, \u00e0 Manille, en pr\u00e9sence du chef renomm\u00e9 Josh Boutwood. Pr\u00e9sent\u00e9 comme une \u00ab\u00a0exp\u00e9rience culinaire pour les curieux\u00a0\u00bb, ce d\u00eener visait \u00e0 positionner l\u2019IQOS dans un univers haut de gamme et lifestyle, loin de l\u2019image d\u2019un produit nocif et associ\u00e9 \u00e0 un art de vivre et au plaisir culinaire.<\/p>\n<p style=\"text-align: justify\">Ce type de strat\u00e9gie marketing soul\u00e8ve de vives critiques de la part des organisations de sant\u00e9, qui d\u00e9noncent une banalisation voire une nouvelle valorisation de la consommation des produits du tabac chauff\u00e9 aupr\u00e8s du grand public, notamment des jeunes adultes, \u00e0 travers des partenariats culturels et gastronomiques.<\/p>\n<h2 style=\"text-align: justify\"><strong>Une situation sanitaire pr\u00e9occupante aux Philippines<\/strong><\/h2>\n<p style=\"text-align: justify\">Cette interf\u00e9rence de l\u2019industrie du tabac dans les politiques de sant\u00e9 des Philippines s\u2019inscrit dans un contexte sanitaire d\u00e9j\u00e0 pr\u00e9occupant aux Philippines. Celui-ci est effet marqu\u00e9 par une hausse notable de la consommation de tabac et de produits de vapotage au sein de la population. Le D\u00e9partement de la Sant\u00e9 (DOH) a r\u00e9cemment tir\u00e9 la sonnette d\u2019alarme : la pr\u00e9valence du tabagisme chez les adultes est pass\u00e9e de 19 % en 2021 \u00e0 24,4 % en 2023. Cette progression rapide \u00e0 la hausse touche \u00e9galement les plus jeunes. D\u2019apr\u00e8s la derni\u00e8re Enqu\u00eate mondiale sur le tabagisme chez les jeunes (GYTS), 14,1 % des \u00e9l\u00e8ves philippins \u00e2g\u00e9s de 13 \u00e0 15 ans utilisent des cigarettes \u00e9lectroniques, et 12,5 % consomment du tabac sous forme traditionnelle<a href=\"#_ftn3\" name=\"_ftnref3\">[3]<\/a>.<\/p>\n<p style=\"text-align: justify\">Cette progression s\u2019explique en grande partie par une r\u00e9glementation permissive, influenc\u00e9e par les int\u00e9r\u00eats industriels, qui facilite l\u2019acc\u00e8s aux produits du tabac et de la nicotine.<\/p>\n<p style=\"text-align: justify\"><strong style=\"text-align: justify\"><a href=\"https:\/\/www.generationsanstabac.org\/\">\u00a9G\u00e9n\u00e9ration Sans Tabac<\/a><\/strong><\/p>\n<p style=\"text-align: right\"><em><strong>AE<\/strong><\/em><\/p>\n<hr \/>\n<p style=\"text-align: justify\"><a href=\"#_ftnref1\" name=\"_ftn1\">[1]<\/a> Communiqu\u00e9, <a href=\"https:\/\/seatca.org\/health-advocates-worldwide-demand-cancellation-of-philippines-world-health-assembly-presidency-nomination\/\">Health advocates worldwide demand cancellation of Philippines\u2019 World Health Assembly presidency nomination<\/a>, SEATCA, publi\u00e9 le 8 avril 2025, consult\u00e9 le 11 avril 2025<\/p>\n<p style=\"text-align: justify\"><a href=\"#_ftnref2\" name=\"_ftn2\">[2]<\/a> G\u00e9n\u00e9ration sans tabac, <a href=\"https:\/\/www.generationsanstabac.org\/fr\/actualites\/philippines-le-gouvernement-a-accepte-le-don-de-cliniques-mobiles-de-philip-morris\/\">Philippines : le gouvernement a accept\u00e9 le don de cliniques mobiles de Philip Morris<\/a>, publi\u00e9 le 26 septembre 2024, consult\u00e9 le 11 avril 2024<\/p>\n<p style=\"text-align: justify\"><a href=\"#_ftnref3\" name=\"_ftn3\">[3]<\/a> G\u00e9n\u00e9ration sans tabac<a href=\"https:\/\/www.generationsanstabac.org\/fr\/actualites\/philippines-alertes-sur-la-hausse-de-la-consommation-de-tabac-et-vapotage\/\">, Philippines : alertes sur la hausse de la consommation de tabac et vapotage<\/a>, publi\u00e9 le 10 avril 2025, consult\u00e9 le 11 avril 2025<\/p>\n<p><strong style=\"color: #999999\"><a style=\"color: #999999\" href=\"http:\/\/www.cnct.fr\/\" target=\"_blank\" rel=\"noopener noreferrer\">Comit\u00e9 national contre le tabagisme |<\/a><\/strong><\/p>\n","protected":false},"excerpt":{"rendered":"<p>Plus de 50 organisations de sant\u00e9 publique et de lutte antitabac \u00e0 travers le monde ont r\u00e9cemment adress\u00e9 un appel urgent \u00e0 l\u2019Organisation mondiale de la Sant\u00e9 (OMS), l\u2019enjoignant \u00e0 annuler la nomination des Philippines \u00e0 la pr\u00e9sidence de la 78\u1d49 Assembl\u00e9e mondiale de la Sant\u00e9 (AMS), pr\u00e9vue du 27 mai au 1er juin 2025 \u00e0 Gen\u00e8ve.<\/p>\n","protected":false},"featured_media":23507,"template":"","tags":[],"thematique":[499],"class_list":["post-23884","actualites","type-actualites","status-publish","has-post-thumbnail","hentry","thematique-lobby"],"acf":[],"_links":{"self":[{"href":"https:\/\/www.generationsanstabac.org\/fr\/wp-json\/wp\/v2\/actualites\/23884","targetHints":{"allow":["GET"]}}],"collection":[{"href":"https:\/\/www.generationsanstabac.org\/fr\/wp-json\/wp\/v2\/actualites"}],"about":[{"href":"https:\/\/www.generationsanstabac.org\/fr\/wp-json\/wp\/v2\/types\/actualites"}],"version-history":[{"count":1,"href":"https:\/\/www.generationsanstabac.org\/fr\/wp-json\/wp\/v2\/actualites\/23884\/revisions"}],"predecessor-version":[{"id":23888,"href":"https:\/\/www.generationsanstabac.org\/fr\/wp-json\/wp\/v2\/actualites\/23884\/revisions\/23888"}],"wp:featuredmedia":[{"embeddable":true,"href":"https:\/\/www.generationsanstabac.org\/fr\/wp-json\/wp\/v2\/media\/23507"}],"wp:attachment":[{"href":"https:\/\/www.generationsanstabac.org\/fr\/wp-json\/wp\/v2\/media?parent=23884"}],"wp:term":[{"taxonomy":"post_tag","embeddable":true,"href":"https:\/\/www.generationsanstabac.org\/fr\/wp-json\/wp\/v2\/tags?post=23884"},{"taxonomy":"thematique","embeddable":true,"href":"https:\/\/www.generationsanstabac.org\/fr\/wp-json\/wp\/v2\/thematique?post=23884"}],"curies":[{"name":"wp","href":"https:\/\/api.w.org\/{rel}","templated":true}]}}