{"id":23827,"date":"2025-04-07T07:00:42","date_gmt":"2025-04-07T05:00:42","guid":{"rendered":"https:\/\/www.generationsanstabac.org\/?post_type=actualites&#038;p=23827"},"modified":"2025-04-07T16:53:12","modified_gmt":"2025-04-07T14:53:12","slug":"le-responsable-de-la-reglementation-du-tabac-de-la-fda-est-demis-de-ses-fonctions","status":"publish","type":"actualites","link":"https:\/\/www.generationsanstabac.org\/fr\/actualites\/le-responsable-de-la-reglementation-du-tabac-de-la-fda-est-demis-de-ses-fonctions\/","title":{"rendered":"Le responsable de la r\u00e9glementation du tabac de la FDA est d\u00e9mis de ses fonctions"},"content":{"rendered":"<p style=\"text-align: justify\"><em>Le 1<sup>er<\/sup> avril 2025, le Dr Brian King, directeur de la r\u00e9glementation du tabac et autres produits \u00e0 la nicotine au sein de la Food and Drug Administration (FDA), a \u00e9t\u00e9 d\u00e9mis de ses fonctions dans le cadre d&rsquo;un vaste programme de licenciements et de restructuration au sein des agences f\u00e9d\u00e9rales de sant\u00e9 des \u00c9tats-Unis, ayant entra\u00een\u00e9 le d\u00e9part de nombreux experts f\u00e9d\u00e9raux charg\u00e9s de superviser la s\u00e9curit\u00e9 alimentaire, la r\u00e9glementation des m\u00e9dicaments, la surveillance des vaccins et les produits li\u00e9s \u00e0 la nicotine.<\/em><\/p>\n<p style=\"text-align: justify\">Cette d\u00e9cision s&rsquo;inscrit dans le cadre d&rsquo;une restructuration plus large men\u00e9e par le gouvernement Trump, laquelle soul\u00e8ve d&rsquo;importantes inqui\u00e9tudes quant \u00e0 l&rsquo;avenir de la politique de sant\u00e9 publique et de son application aux \u00c9tats-Unis.<\/p>\n<h2 style=\"text-align: justify\"><strong>D\u00e9mant\u00e8lement de la division du Centre des produits du tabac charg\u00e9e de l\u2019application des textes<\/strong><\/h2>\n<p style=\"text-align: justify\">Brian King, directeur du Centre des produits du tabac (CTP) de la FDA incluant les autres produits \u00e0 la nicotine tels les produits du vapotage, a \u00e9t\u00e9 d\u00e9mis de ses fonctions et s&rsquo;est vu proposer une r\u00e9affectation au sein de l&rsquo;Indian Health Service<a href=\"#_ftn1\" name=\"_ftnref1\">[1]<\/a>. Cette d\u00e9cision fait suite \u00e0 une vague de licenciements qui a touch\u00e9 le CTP de mani\u00e8re plus g\u00e9n\u00e9rale : des rapports indiquent que l&rsquo;ensemble de la division charg\u00e9e de l&rsquo;application de la r\u00e9glementation sur le tabac a \u00e9t\u00e9 d\u00e9mantel\u00e9e.<\/p>\n<p style=\"text-align: justify\">Le Dr King, qui dirigeait auparavant la recherche sur le tabac et les nouveaux produits \u00e0 la nicotine au CDC, occupait ce poste depuis 2022. Son d\u00e9part marque un changement notable dans la direction f\u00e9d\u00e9rale de la lutte antitabac, alors que de nouveaux produits \u00e0 base de nicotine, y compris des substituts synth\u00e9tiques, continuent d&rsquo;appara\u00eetre sur le march\u00e9 am\u00e9ricain.<\/p>\n<p style=\"text-align: justify\">La FDA fait partie des agences du minist\u00e8re de la sant\u00e9 et des services sociaux touch\u00e9es par la restructuration. Au total, 10 000 employ\u00e9s ont \u00e9t\u00e9 licenci\u00e9s et 10 000 autres se sont vu proposer une retraite anticip\u00e9e ou des mesures de d\u00e9part volontaire. L&rsquo;effectif total du minist\u00e8re de la sant\u00e9 et des services sociaux devrait diminuer de pr\u00e8s de 25 %, passant de 82 000 \u00e0 environ 62 000 employ\u00e9s. Parmi les agences concern\u00e9es, la FDA a perdu environ 3 500 postes, le Centers for Disease Control and Prevention (Centres de contr\u00f4le et de pr\u00e9vention des maladies) est ainsi concern\u00e9 avec 2 400 suppressions d&#8217;emplois et le National Institutes of Health a annul\u00e9 plus de 230 subventions, notamment dans le domaine de la recherche sur le VIH.<\/p>\n<p style=\"text-align: justify\">Le secr\u00e9taire d&rsquo;\u00c9tat Kennedy a d\u00e9clar\u00e9 que les licenciements \u00e9taient n\u00e9cessaires pour que le minist\u00e8re de la sant\u00e9 et des services sociaux s&rsquo;\u00e9loigne des <em>\u00ab soins aux malades \u00bb<\/em> et adopte <em>\u00ab un mod\u00e8le de sant\u00e9 publique qui met l&rsquo;accent sur la pr\u00e9vention et inverse les tendances en mati\u00e8re de maladies chroniques \u00bb.<\/em> Toutefois, la restructuration a suscit\u00e9 de nombreuses inqui\u00e9tudes de la part des experts en sant\u00e9, des l\u00e9gislateurs et des groupes de d\u00e9fense.<\/p>\n<p style=\"text-align: justify\">L&rsquo;ancien commissaire de la FDA, le Dr Robert Califf, a mis en garde contre les cons\u00e9quences \u00e0 long terme de cette restructuration <em>\u00ab\u00a0La FDA telle que nous l&rsquo;avons connue est finie, la plupart des dirigeants ayant une connaissance institutionnelle et une compr\u00e9hension approfondie du d\u00e9veloppement et de la s\u00e9curit\u00e9 des produits n&rsquo;\u00e9tant plus employ\u00e9s\u00a0\u00bb.<\/em><\/p>\n<p style=\"text-align: justify\">Des l\u00e9gislateurs, dont les s\u00e9nateurs Bernie Sanders et Bill Cassidy, ont demand\u00e9 au secr\u00e9taire d&rsquo;\u00c9tat de t\u00e9moigner devant le Congr\u00e8s de l&rsquo;ampleur et de la raison d&rsquo;\u00eatre de cette r\u00e9organisation.<\/p>\n<h2 style=\"text-align: justify\"><strong>Impact sur la lutte antitabac et la protection de la jeunesse<\/strong><\/h2>\n<p style=\"text-align: justify\">Le licenciement du Dr Brian King et le d\u00e9mant\u00e8lement de la division charg\u00e9e de l&rsquo;application de la loi au sein du Centre pour les produits du tabac (CTP) de la FDA interviennent \u00e0 un moment charni\u00e8re pour les efforts de lutte antitabac aux \u00c9tats-Unis. Ces changements risquent de r\u00e9duire consid\u00e9rablement la capacit\u00e9 du gouvernement f\u00e9d\u00e9ral \u00e0 r\u00e9glementer et contr\u00f4ler un march\u00e9 de la nicotine de plus en plus complexe et en \u00e9volution rapide.<\/p>\n<p style=\"text-align: justify\">Depuis sa cr\u00e9ation en 2009, le CTP est charg\u00e9 de mettre en \u0153uvre la loi sur la pr\u00e9vention du tabagisme familial et la lutte antitabac, en supervisant la r\u00e9glementation d&rsquo;un large \u00e9ventail de produits, dont les cigarettes, les e-cigarettes, les cigares, les produits \u00e0 base de nicotine orale et les substituts synth\u00e9tiques. Sous la direction du Dr King, le Centre a accord\u00e9 une attention particuli\u00e8re aux produits de vapotage aromatis\u00e9s et aux e-cigarettes jetables, qui sont particuli\u00e8rement populaires aupr\u00e8s des adolescents et des jeunes adultes.<\/p>\n<p style=\"text-align: justify\">Les organisations de sant\u00e9 publique ont exprim\u00e9 leur profonde inqui\u00e9tude quant au fait que ce changement soudain de direction, combin\u00e9 \u00e0 la suppression du personnel charg\u00e9 de l&rsquo;application de la loi, pourrait cr\u00e9er un vide pour la mise en \u0153uvre de mesures et leur effectivit\u00e9. L\u2019organisme Campaign for Tobacco-Free Kids<a href=\"#_ftn2\" name=\"_ftnref2\">[2]<\/a> a averti que les coupes dans les programmes de lutte contre le tabac de la FDA et du CDC pourraient ouvrir la voie \u00e0 une intensification des activit\u00e9s de marketing de l&rsquo;industrie du tabac, en particulier aupr\u00e8s des jeunes.\u00a0 En l&rsquo;absence d&rsquo;un contr\u00f4le r\u00e9glementaire ad\u00e9quat, il existe un risque croissant que ces produits circulent sans contr\u00f4le, augmentant ainsi la probabilit\u00e9 d&rsquo;initiation \u00e0 la nicotine chez les jeunes et d&rsquo;autres groupes vuln\u00e9rables. En outre, la perte d&rsquo;un personnel exp\u00e9riment\u00e9 dans le domaine de la r\u00e9glementation peut entraver la capacit\u00e9 de la FDA \u00e0 examiner les demandes de nouveaux produits, \u00e0 surveiller les tendances du march\u00e9 et \u00e0 appliquer les restrictions existantes sur les produits commercialis\u00e9s ill\u00e9galement.<\/p>\n<p style=\"text-align: justify\"><strong style=\"text-align: justify\"><a href=\"https:\/\/www.generationsanstabac.org\/\">\u00a9G\u00e9n\u00e9ration Sans Tabac<\/a><\/strong><\/p>\n<p style=\"text-align: right\"><em><strong>AE<\/strong><\/em><\/p>\n<hr \/>\n<p style=\"text-align: justify\"><a href=\"#_ftnref1\" name=\"_ftn1\">[1]<\/a> Matthew Perrone<a href=\"https:\/\/apnews.com\/article\/fda-tobacco-rfk-brian-king-cf2d5657e5d55410073aece19592be09\">, FDA tobacco official is removed from post in latest blow to health agency\u2019s leadership<\/a>, AP News, publi\u00e9 le 1er avril 2025, consult\u00e9 le 2 avril 2025<\/p>\n<p style=\"text-align: justify\"><a href=\"#_ftnref2\" name=\"_ftn2\">[2]<\/a> Communiqu\u00e9, <a href=\"https:\/\/www.tobaccofreekids.org\/press-releases\/2025_04_01_cuts-to-fda-and-cdc-tobacco-programs-will-benefit-tobacco-industry-at-the-expense-of-kids-and-lives\">Cuts to FDA and CDC Tobacco Programs Will Benefit Tobacco Industry at the Expense of Kids and Lives<\/a>, CTFK, publi\u00e9 le 1er avril 2025, consult\u00e9 le 2 avril 2025<\/p>\n<p><strong style=\"color: #999999\"><a style=\"color: #999999\" href=\"http:\/\/www.cnct.fr\/\" target=\"_blank\" rel=\"noopener noreferrer\">Comit\u00e9 national contre le tabagisme |<\/a><\/strong><\/p>\n","protected":false},"excerpt":{"rendered":"<p>Le 1er avril 2025, le Dr Brian King, directeur de la r\u00e9glementation du tabac et autres produits \u00e0 la nicotine au sein de la Food and Drug Administration (FDA), a \u00e9t\u00e9 d\u00e9mis de ses fonctions dans le cadre d&rsquo;un vaste programme de licenciements et de restructuration au sein des agences f\u00e9d\u00e9rales de sant\u00e9 des \u00c9tats-Unis, ayant entra\u00een\u00e9 le d\u00e9part de nombreux experts f\u00e9d\u00e9raux charg\u00e9s de superviser la s\u00e9curit\u00e9 alimentaire, la r\u00e9glementation des m\u00e9dicaments, la surveillance des vaccins et les produits li\u00e9s \u00e0 la nicotine.<\/p>\n","protected":false},"featured_media":23241,"template":"","tags":[],"thematique":[491,474],"class_list":["post-23827","actualites","type-actualites","status-publish","has-post-thumbnail","hentry","thematique-politiques-publiques","thematique-sante"],"acf":[],"_links":{"self":[{"href":"https:\/\/www.generationsanstabac.org\/fr\/wp-json\/wp\/v2\/actualites\/23827","targetHints":{"allow":["GET"]}}],"collection":[{"href":"https:\/\/www.generationsanstabac.org\/fr\/wp-json\/wp\/v2\/actualites"}],"about":[{"href":"https:\/\/www.generationsanstabac.org\/fr\/wp-json\/wp\/v2\/types\/actualites"}],"version-history":[{"count":1,"href":"https:\/\/www.generationsanstabac.org\/fr\/wp-json\/wp\/v2\/actualites\/23827\/revisions"}],"predecessor-version":[{"id":23830,"href":"https:\/\/www.generationsanstabac.org\/fr\/wp-json\/wp\/v2\/actualites\/23827\/revisions\/23830"}],"wp:featuredmedia":[{"embeddable":true,"href":"https:\/\/www.generationsanstabac.org\/fr\/wp-json\/wp\/v2\/media\/23241"}],"wp:attachment":[{"href":"https:\/\/www.generationsanstabac.org\/fr\/wp-json\/wp\/v2\/media?parent=23827"}],"wp:term":[{"taxonomy":"post_tag","embeddable":true,"href":"https:\/\/www.generationsanstabac.org\/fr\/wp-json\/wp\/v2\/tags?post=23827"},{"taxonomy":"thematique","embeddable":true,"href":"https:\/\/www.generationsanstabac.org\/fr\/wp-json\/wp\/v2\/thematique?post=23827"}],"curies":[{"name":"wp","href":"https:\/\/api.w.org\/{rel}","templated":true}]}}