{"id":23816,"date":"2025-04-06T07:00:51","date_gmt":"2025-04-06T05:00:51","guid":{"rendered":"https:\/\/www.generationsanstabac.org\/?post_type=actualites&#038;p=23816"},"modified":"2025-04-02T18:20:05","modified_gmt":"2025-04-02T16:20:05","slug":"autriche-les-adolescents-fument-encore-massivement-et-consomment-produits-du-vapotage-et-sachets-de-nicotine","status":"publish","type":"actualites","link":"https:\/\/www.generationsanstabac.org\/fr\/actualites\/autriche-les-adolescents-fument-encore-massivement-et-consomment-produits-du-vapotage-et-sachets-de-nicotine\/","title":{"rendered":"Autriche : les adolescents fument encore massivement et consomment produits du vapotage et sachets de nicotine"},"content":{"rendered":"<p style=\"text-align: justify\"><em>La derni\u00e8re enqu\u00eate ESPAD 2024, r\u00e9alis\u00e9e aupr\u00e8s de 7 735 \u00e9l\u00e8ves autrichiens de 4<sup>e<\/sup> et 3<sup>e<\/sup> et analys\u00e9e <\/em><em>par Gesundheit \u00d6sterreich GmbH (G\u00d6G) pour le minist\u00e8re de la Sant\u00e9<a href=\"#_ftn1\" name=\"_ftnref1\"><strong>[1]<\/strong><\/a>, fait partie int\u00e9grante d\u2019une \u00e9tude europ\u00e9enne plus large impliquant 37 pays. Elle r\u00e9v\u00e8le que les jeunes en Autriche fument encore massivement en d\u00e9pit d\u2019une baisse tendancielle de la pr\u00e9valence et une part importante d&rsquo;entre eux se tourne vers des produits plus r\u00e9cents, comme les e-cigarettes et les sachets de nicotine<a href=\"#_ftn2\" name=\"_ftnref1\"><strong>[2]<\/strong><\/a>. La consommation d\u2019alcool conna\u00eet un infl\u00e9chissement mais demeure \u00e9galement \u00e9lev\u00e9e. Parall\u00e8lement, un nombre significatif d&rsquo;adolescents rencontre des probl\u00e8mes de sant\u00e9 mentale, pouvant favoriser des comportements \u00e0 risque.<\/em><\/p>\n<h2 style=\"text-align: justify\">L\u2019alcool et le tabac classique \u00e0 des niveaux de consommation \u00e9lev\u00e9s, le vapotage et les sachets de nicotine en hausse<\/h2>\n<p style=\"text-align: justify\">En d\u00e9pit d\u2019une tendance \u00e0 la baisse, l\u2019usage de l&rsquo;alcool reste courant chez les 14 \u00e0 17 ans, avec 60 % des \u00e9tudiants d\u00e9clarant en avoir consomm\u00e9 au cours du dernier mois. Entre 2007 et 2024, le nombre de jeunes n&rsquo;ayant jamais consomm\u00e9 d&rsquo;alcool a \u00e9t\u00e9 multipli\u00e9 par quatre, et la proportion de ceux qui n&rsquo;ont pas bu d&rsquo;alcool au cours des 30 derniers jours a doubl\u00e9, l\u2019abstinence devenant plus fr\u00e9quente. L\u2019alcool fait n\u00e9anmoins encore partie de la culture des jeunes, avec environ une personne sur cinq consommant de l\u2019alcool r\u00e9guli\u00e8rement, c\u2019est-\u00e0-dire six fois ou plus par mois, et l\u2019on retrouve cette proportion de jeunes signalant au moins un \u00e9pisode d\u2019intoxication grave au cours des 30 derniers jours.<\/p>\n<p style=\"text-align: justify\">La pr\u00e9valence tabagique est \u00e9galement \u00e0 la baisse depuis ces deux derni\u00e8res d\u00e9cennies. En 2003, pr\u00e8s de la moiti\u00e9 des adolescents avaient fum\u00e9 des cigarettes le mois pr\u00e9c\u00e9dant l\u2019enqu\u00eate. Cette pr\u00e9valence \u00e9tait de 23 % en 2024. La consommation de la nicotine demeure donc tr\u00e8s \u00e9lev\u00e9e et elle est renforc\u00e9e par le d\u00e9veloppement du vapotage parmi les jeunes. Les e-cigarettes ont connu une popularit\u00e9 croissante, avec un au cours du mois pr\u00e9c\u00e9dant l\u2019enqu\u00eate qui a quadrupl\u00e9 parmi les \u00e9tudiants, passant de 7 % \u00e0 29 %. Pour la premi\u00e8re fois, plus d&rsquo;adolescents autrichiens utilisent des e-cigarettes que des cigarettes traditionnelles.<\/p>\n<h2 style=\"text-align: justify\">Sant\u00e9 mentale et addictions : une relation \u00e9troite<\/h2>\n<p style=\"text-align: justify\">Les donn\u00e9es de l&rsquo;ESPAD r\u00e9v\u00e8lent \u00e9galement un lien entre le bien-\u00eatre mental et la consommation de substances addictives. Un adolescent sur quatre a signal\u00e9 un faible niveau de bien-\u00eatre, et environ 10 % ont montr\u00e9 des signes de stress psychologique \u00e9lev\u00e9, les filles \u00e9tant plus touch\u00e9es que les gar\u00e7ons. Les adolescents pr\u00e9sentant des signes de stress psychologique ont \u00e9galement tendance \u00e0 adopter des comportements associ\u00e9s \u00e0 l&rsquo;addiction, tels qu&rsquo;une consommation excessive de jeux num\u00e9riques, jeux de hasard, r\u00e9seaux sociaux, produits alcoolis\u00e9s, du tabac ou de la nicotine, somnif\u00e8res et calmants.<\/p>\n<p style=\"text-align: justify\">L\u2019Autriche reste un pays dans lequel l\u2019interf\u00e9rence de l\u2019industrie du tabac dans la l\u00e9gislation antitabac est \u00e9lev\u00e9e, avec un score total de 18 sur 100 dans l&rsquo;\u00e9dition 2021 du Tobacco Control Scale<a href=\"#_ftn3\" name=\"_ftnref3\">[3]<\/a>. Alors que le pays s\u2019est r\u00e9cemment oppos\u00e9 \u00e0 l\u2019extension des espaces sans tabac malgr\u00e9 les recommandations de la Commission europ\u00e9enne en septembre 2024, le minist\u00e8re autrichien de la Sant\u00e9 travaille pourtant sur des amendements \u00e0 la r\u00e9glementation antitabac pour prendre en compte le succ\u00e8s des produits du vapotage et de la nicotine aupr\u00e8s des jeunes<a href=\"#_ftn4\" name=\"_ftnref4\">[4]<\/a>.<\/p>\n<p style=\"text-align: justify\"><strong style=\"text-align: justify\"><a href=\"https:\/\/www.generationsanstabac.org\/\">\u00a9G\u00e9n\u00e9ration Sans Tabac<\/a><\/strong><\/p>\n<p style=\"text-align: right\"><em><strong>AD<\/strong><\/em><\/p>\n<hr \/>\n<p style=\"text-align: justify\"><a href=\"#_ftnref1\" name=\"_ftn1\">[1]<\/a>Die Presse, <a href=\"https:\/\/www.diepresse.com\/19529337\/schueler-weniger-alkohol-und-zigaretten-mehr-nikotinbeutel-und-e-zigaretten?ref=home_aktuell\">Sch\u00fcler: Weniger Alkohol und Zigaretten, mehr Nikotinbeutel und E-Zigaretten<\/a>, publi\u00e9 le 31 mars 2025, consult\u00e9 le 1 avril 2025<\/p>\n<p style=\"text-align: justify\"><a href=\"#_ftnref2\" name=\"_ftn2\">[2]<\/a>Predivelli Amanda, <a href=\"https:\/\/www.thelocal.at\/20250331\/how-teenagers-in-austria-are-swapping-beer-and-cigarettes-for-new-addictions\">How teenagers in Austria are swapping beer and cigarettes for new addictions<\/a>, The Local At, publi\u00e9 le 31 mars 2025, consult\u00e9 le 1 avril 2025<\/p>\n<p style=\"text-align: justify\"><a href=\"#_ftnref3\" name=\"_ftn3\">[3]<\/a>Joossens Luk, Olefir Lilia, Feliu Ariadna, Fernandez Esteve, <a href=\"https:\/\/www.tobaccocontrolscale.org\/wp-content\/uploads\/2022\/12\/TCS-Report-2021-Interactive-V4.pdf\">The Tobacco Control Scale 2021 in Europe<\/a>, Brussels: Smoke Free Partnership, Catalan Institute of Oncology, publi\u00e9 le 2 d\u00e9cembre 2022, consult\u00e9 le 2 avril 2025<\/p>\n<p style=\"text-align: justify\"><a href=\"#_ftnref4\" name=\"_ftn4\">[4]<\/a>G\u00e9n\u00e9ration sans tabac, <a href=\"https:\/\/www.generationsanstabac.org\/fr\/actualites\/lautriche-soppose-aux-recommandations-europeennes-sur-lextension-des-espaces-sans-tabac\/\">L\u2019Autriche s\u2019oppose aux recommandations europ\u00e9ennes sur l\u2019extension des espaces sans tabac<\/a>, publi\u00e9 le 16 octobre 2024, consult\u00e9 le 1 avril 2025<\/p>\n<p style=\"text-align: justify\"><strong style=\"color: #999999\"><a style=\"color: #999999\" href=\"http:\/\/www.cnct.fr\/\" target=\"_blank\" rel=\"noopener noreferrer\">Comit\u00e9 national contre le tabagisme |<\/a><\/strong><\/p>\n","protected":false},"excerpt":{"rendered":"<p>La derni\u00e8re enqu\u00eate ESPAD 2024, r\u00e9alis\u00e9e aupr\u00e8s de 7 735 \u00e9l\u00e8ves autrichiens de 4e et 3e et analys\u00e9e par Gesundheit \u00d6sterreich GmbH (G\u00d6G) pour le minist\u00e8re de la Sant\u00e9, fait partie int\u00e9grante d\u2019une \u00e9tude europ\u00e9enne plus large impliquant 37 pays. Elle r\u00e9v\u00e8le que les jeunes en Autriche fument encore massivement en d\u00e9pit d\u2019une baisse tendancielle de la pr\u00e9valence et une part importante d&rsquo;entre eux se tourne vers des produits plus r\u00e9cents, comme les e-cigarettes et les sachets de nicotine.<\/p>\n","protected":false},"featured_media":23823,"template":"","tags":[],"thematique":[474],"class_list":["post-23816","actualites","type-actualites","status-publish","has-post-thumbnail","hentry","thematique-sante"],"acf":[],"_links":{"self":[{"href":"https:\/\/www.generationsanstabac.org\/fr\/wp-json\/wp\/v2\/actualites\/23816","targetHints":{"allow":["GET"]}}],"collection":[{"href":"https:\/\/www.generationsanstabac.org\/fr\/wp-json\/wp\/v2\/actualites"}],"about":[{"href":"https:\/\/www.generationsanstabac.org\/fr\/wp-json\/wp\/v2\/types\/actualites"}],"version-history":[{"count":7,"href":"https:\/\/www.generationsanstabac.org\/fr\/wp-json\/wp\/v2\/actualites\/23816\/revisions"}],"predecessor-version":[{"id":23826,"href":"https:\/\/www.generationsanstabac.org\/fr\/wp-json\/wp\/v2\/actualites\/23816\/revisions\/23826"}],"wp:featuredmedia":[{"embeddable":true,"href":"https:\/\/www.generationsanstabac.org\/fr\/wp-json\/wp\/v2\/media\/23823"}],"wp:attachment":[{"href":"https:\/\/www.generationsanstabac.org\/fr\/wp-json\/wp\/v2\/media?parent=23816"}],"wp:term":[{"taxonomy":"post_tag","embeddable":true,"href":"https:\/\/www.generationsanstabac.org\/fr\/wp-json\/wp\/v2\/tags?post=23816"},{"taxonomy":"thematique","embeddable":true,"href":"https:\/\/www.generationsanstabac.org\/fr\/wp-json\/wp\/v2\/thematique?post=23816"}],"curies":[{"name":"wp","href":"https:\/\/api.w.org\/{rel}","templated":true}]}}