{"id":23673,"date":"2025-03-24T07:00:46","date_gmt":"2025-03-24T06:00:46","guid":{"rendered":"https:\/\/www.generationsanstabac.org\/?post_type=actualites&#038;p=23673"},"modified":"2025-03-24T14:09:12","modified_gmt":"2025-03-24T13:09:12","slug":"burkina-faso-la-loi-antitabac-durcit-avec-linstauration-du-paquet-neutre","status":"publish","type":"actualites","link":"https:\/\/www.generationsanstabac.org\/fr\/actualites\/burkina-faso-la-loi-antitabac-durcit-avec-linstauration-du-paquet-neutre\/","title":{"rendered":"Burkina Faso : la loi antitabac instaure le paquet neutre"},"content":{"rendered":"<p style=\"text-align: justify\"><em>Le gouvernement burkinab\u00e9 pr\u00e9sid\u00e9 par le capitaine Ibrahim Traor\u00e9, \u00e0 Ouagadougou, a adopt\u00e9 mercredi 12 mars 2025, en Conseil des ministres, un nouveau d\u00e9cret relatif au conditionnement et \u00e0 l\u2019\u00e9tiquetage des produits du tabac<a href=\"#_ftn1\" name=\"_ftnref1\"><strong>[1]<\/strong><\/a>. Le nouveau d\u00e9cret, port\u00e9 par le minist\u00e8re de la Sant\u00e9, actualise les textes de 2011 et 2019 sur l\u2019\u00e9tiquetage des\u00a0paquets de cigarettes.<\/em><\/p>\n<h2 style=\"text-align: justify\">Instauration du paquet neutre, notamment pour prot\u00e9ger la jeunesse<\/h2>\n<p style=\"text-align: justify\">Bien que la pr\u00e9valence du tabagisme ait diminu\u00e9 passant de 19,8 % en 2013 \u00e0 13,6 % en 2021, le tabac reste responsable de plus de 4 800 d\u00e9c\u00e8s pr\u00e9matur\u00e9s \u00e9vitables chaque ann\u00e9e, dont 1 300 non-fumeurs victimes du tabagisme passif. \u00ab\u00a0<em>Chaque ann\u00e9e, le traitement des pathologies li\u00e9es au tabac absorbe 3,5 % du budget de la Sant\u00e9<\/em>\u00a0\u00bb, r\u00e9v\u00e8le par ailleurs le Dr Aminata Zongo, pneumologue \u00e0 Ouagadougou.<\/p>\n<p style=\"text-align: justify\">Un co\u00fbt que le gouvernement entend r\u00e9duire en ciblant les 15-24 ans, parmi lesquels la consommation a augment\u00e9 de 8 % depuis 2020 selon une \u00e9tude universitaire\u00a0: \u00ab <em>L\u2019adoption de ce nouveau d\u00e9cret a pour objectif de faire en sorte que les produits du tabac soient moins attrayants et attractifs pour les populations et notamment les plus jeunes<\/em> \u00bb, a expliqu\u00e9 le ministre de la Sant\u00e9, Robert Lucien Jean-Claude Kargougou<a href=\"#_ftn2\" name=\"_ftnref2\">[2]<\/a>.<\/p>\n<h2 style=\"text-align: justify\">De larges avertissements graphiques appos\u00e9s sur un paquet neutre<\/h2>\n<p style=\"text-align: justify\">Le gouvernement burkinab\u00e9 a ainsi adopt\u00e9 un nouveau d\u00e9cret sur le conditionnement et l&rsquo;\u00e9tiquetage des produits du tabac, visant \u00e0 se conformer aux directives de la Convention-cadre pour la lutte antitabac (CCLAT). Ce d\u00e9cret instaure le conditionnement neutre, interdisant les logos, couleurs ou textes promotionnels sur les emballages, \u00e0 l&rsquo;exception du nom de la marque et de sa variante devant \u00eatre appos\u00e9 de mani\u00e8re standardis\u00e9e. De m\u00eame tous les emballages devront respecter une couleur uniformis\u00e9e et mate. Les conditionnements neutres pr\u00e9viennent l\u2019utilisation par les fabricants des conditionnements comme supports publicitaires. De plus, ils renforcent l\u2019efficacit\u00e9 des avertissements appos\u00e9s.<\/p>\n<p style=\"text-align: justify\">\u00c0 cet \u00e9gard, le nouveau d\u00e9cret pr\u00e9voit que les paquets devront afficher des avertissements sanitaires couvrant au moins 80 % de leurs faces principales. Rendus plus visibles, ils auront un format combin\u00e9 associant un texte et une photo pr\u00e9sentant notamment des poumons de patients canc\u00e9reux, ou abordant les risques cardiaques.<\/p>\n<p style=\"text-align: justify\">Cette mesure s\u2019inscrit dans le cadre d\u2019une strat\u00e9gie visant \u00e0 \u00ab\u00a0d\u00e9normaliser\u00a0\u00bb la consommation de tabac et ainsi r\u00e9duire sa consommation et prot\u00e9ger la sant\u00e9 publique.<\/p>\n<h2 style=\"text-align: justify\">Un renforcement de la politique anti-tabac du pays \u00e9galement \u00e0 l\u2019\u0153uvre dans d\u2019autres pays d\u2019Afrique<\/h2>\n<p style=\"text-align: justify\">Le Burkina Faso adopte une approche globale pour lutter contre le tabagisme, incluant l\u2019interdiction de la publicit\u00e9, l\u2019augmentation des taxes (le prix d\u2019un paquet est pass\u00e9 de 1 000 \u00e0 1 500 FCFA en trois ans, soit environ de 1,5 euro \u00e0 2,2 euros), l\u2019extension des espaces sans tabac et des campagnes de pr\u00e9vention en langues locales lors des matchs de football<a href=\"#_ftn3\" name=\"_ftnref3\"><\/a><\/p>\n<p style=\"text-align: justify\">Les ventes l\u00e9gales de cigarettes ont chut\u00e9 de 22 % depuis 2022, mais le commerce illicite repr\u00e9sente encore 35 % des ventes selon l\u2019Office anti-fraude et demeure un d\u00e9fi. Les autorit\u00e9s pr\u00e9voient un renforcement des contr\u00f4les en particulier aux fronti\u00e8res et une coop\u00e9ration avec Interpol. Si les multinationales du secteur arguent que les mesures prises par le gouvernement favorisent la contrebande, les acteurs de la lutte antitabac rappellent que les produits de contrebande \u00e9voqu\u00e9s par les fabricants de tabac sortent de leurs usines.<\/p>\n<p style=\"text-align: justify\">Avec cette r\u00e9forme, le Burkina Faso rejoint <a href=\"https:\/\/www.generationsanstabac.org\/fr\/actualites\/la-cote-divoire-interdit-de-fumer-et-vapoter-dans-lensemble-des-lieux-publics\/\">la C\u00f4te d\u2019Ivoire et Maurice<\/a>, qui ont d\u00e9j\u00e0 adopt\u00e9 le paquet neutre, tandis que l\u2019Afrique du Sud et le Botswana examinent cette mesure<a href=\"#_ftn4\" name=\"_ftnref4\">[4]<\/a>.<\/p>\n<p style=\"text-align: justify\"><strong style=\"text-align: justify\"><a href=\"https:\/\/www.generationsanstabac.org\/\">\u00a9G\u00e9n\u00e9ration Sans Tabac<\/a><\/strong><\/p>\n<p style=\"text-align: right\"><em><strong>AD<\/strong><\/em><\/p>\n<hr \/>\n<p style=\"text-align: justify\"><a href=\"#_ftnref1\" name=\"_ftn1\">[1]<\/a>HO\/ac\/Sf\/APA, <a href=\"https:\/\/fr.apanews.net\/news\/le-burkina-durcit-la-lutte-antitabac\/\">Le Burkina durcit la lutte antitabac<\/a>, APANews, publi\u00e9 le 13 mars 2025, consult\u00e9 le 18 mars 2025<\/p>\n<p style=\"text-align: justify\"><a href=\"#_ftnref2\" name=\"_ftn2\">[2]<\/a>SWI AIB, <a href=\"https:\/\/www.aib.media\/burkina-le-conseil-des-ministres-adopte-un-decret-pour-proteger-la-population-des-dangers-du-tabagisme\/\">Burkina\u00a0: Le conseil des ministres adopte un d\u00e9cret pour prot\u00e9ger la population des dangers du tabagisme<\/a>, publi\u00e9 le 12 mars 2025, consult\u00e9 le 18 mars 2025<\/p>\n<p style=\"text-align: justify\"><a href=\"#_ftnref3\" name=\"_ftn3\">[3]<\/a>Djomande Aziz, <a href=\"https:\/\/www.linfodrome.com\/international\/107213-burkina-faso-ton-dure-sur-la-reglementation-antitabac-avec-l-instauration-du-paquet-neutre\">Burkina Faso : Durcissement de la loi anti-tabac avec l&rsquo;instauration du paquet neutre<\/a>, Linfodrome, publi\u00e9 le 12 mars 2025, consult\u00e9 le 18 mars 2025<\/p>\n<p style=\"text-align: justify\"><a href=\"#_ftnref4\" name=\"_ftn4\">[4]<\/a>Comit\u00e9 national contre le tabagisme, <a href=\"https:\/\/www.generationsanstabac.org\/fr\/actualites\/le-laos-adopte-le-paquet-neutre-pour-les-cigarettes\/\">Le Laos adopte le paquet neutre pour les cigarettes<\/a>, publi\u00e9 le 9 octobre 2024, consult\u00e9 le 18 mars 2025<\/p>\n<p style=\"text-align: justify\"><strong style=\"color: #999999\"><a style=\"color: #999999\" href=\"http:\/\/www.cnct.fr\/\" target=\"_blank\" rel=\"noopener noreferrer\">Comit\u00e9 national contre le tabagisme |<\/a><\/strong><\/p>\n","protected":false},"excerpt":{"rendered":"<p>Le gouvernement burkinab\u00e9 pr\u00e9sid\u00e9 par le capitaine Ibrahim Traor\u00e9, \u00e0 Ouagadougou, a adopt\u00e9 mercredi 12 mars 2025, en Conseil des ministres, un nouveau d\u00e9cret portant sur le conditionnement et l\u2019\u00e9tiquetage des produits du tabac. Le nouveau d\u00e9cret, port\u00e9 par le minist\u00e8re de la Sant\u00e9, actualise les textes de 2011 et 2019 relatifs \u00e0 l\u2019\u00e9tiquetage des\u00a0paquets de cigarettes.<\/p>\n","protected":false},"featured_media":23679,"template":"","tags":[],"thematique":[491],"class_list":["post-23673","actualites","type-actualites","status-publish","has-post-thumbnail","hentry","thematique-politiques-publiques"],"acf":[],"_links":{"self":[{"href":"https:\/\/www.generationsanstabac.org\/fr\/wp-json\/wp\/v2\/actualites\/23673","targetHints":{"allow":["GET"]}}],"collection":[{"href":"https:\/\/www.generationsanstabac.org\/fr\/wp-json\/wp\/v2\/actualites"}],"about":[{"href":"https:\/\/www.generationsanstabac.org\/fr\/wp-json\/wp\/v2\/types\/actualites"}],"version-history":[{"count":4,"href":"https:\/\/www.generationsanstabac.org\/fr\/wp-json\/wp\/v2\/actualites\/23673\/revisions"}],"predecessor-version":[{"id":23701,"href":"https:\/\/www.generationsanstabac.org\/fr\/wp-json\/wp\/v2\/actualites\/23673\/revisions\/23701"}],"wp:featuredmedia":[{"embeddable":true,"href":"https:\/\/www.generationsanstabac.org\/fr\/wp-json\/wp\/v2\/media\/23679"}],"wp:attachment":[{"href":"https:\/\/www.generationsanstabac.org\/fr\/wp-json\/wp\/v2\/media?parent=23673"}],"wp:term":[{"taxonomy":"post_tag","embeddable":true,"href":"https:\/\/www.generationsanstabac.org\/fr\/wp-json\/wp\/v2\/tags?post=23673"},{"taxonomy":"thematique","embeddable":true,"href":"https:\/\/www.generationsanstabac.org\/fr\/wp-json\/wp\/v2\/thematique?post=23673"}],"curies":[{"name":"wp","href":"https:\/\/api.w.org\/{rel}","templated":true}]}}