{"id":23604,"date":"2025-03-23T07:00:15","date_gmt":"2025-03-23T06:00:15","guid":{"rendered":"https:\/\/www.generationsanstabac.org\/?post_type=actualites&#038;p=23604"},"modified":"2025-03-21T17:14:58","modified_gmt":"2025-03-21T16:14:58","slug":"une-etude-demontre-linfluence-cruciale-des-pairs-dans-la-pratique-adolescente-du-vapotage","status":"publish","type":"actualites","link":"https:\/\/www.generationsanstabac.org\/fr\/actualites\/une-etude-demontre-linfluence-cruciale-des-pairs-dans-la-pratique-adolescente-du-vapotage\/","title":{"rendered":"Une \u00e9tude d\u00e9montre l&rsquo;influence cruciale des pairs et de la norme sociale dans la pratique adolescente du vapotage"},"content":{"rendered":"<p style=\"text-align: justify\"><em>Publi\u00e9e dans la revue scientifique Nicotine &amp; Tobacco Research, une \u00e9tude men\u00e9e en Californie examine les facteurs d\u2019influence de l&rsquo;utilisation de l&rsquo;e-cigarette chez les adolescents, en se concentrant sur deux m\u00e9canismes sp\u00e9cifiques : l\u2019influence par les pairs et les normes sociales favorables \u00e0 l&rsquo;e-cigarette, notamment diffus\u00e9es sur les r\u00e9seaux sociaux<a href=\"#_ftn1\" name=\"_ftnref1\"><strong>[1]<\/strong><\/a>.<\/em><\/p>\n<h2 style=\"text-align: justify\">L\u2019influence des pairs sur la consommation de vapotage<\/h2>\n<p style=\"text-align: justify\">Les donn\u00e9es ont \u00e9t\u00e9 collect\u00e9es aupr\u00e8s de 2 245 \u00e9l\u00e8ves de neuf lyc\u00e9es de Californie du Sud \u00e0 trois moments diff\u00e9rents (printemps 2021, automne 2021 et printemps 2022).<\/p>\n<p style=\"text-align: justify\">Les chercheurs ont utilis\u00e9 des mod\u00e8les stochastiques orient\u00e9s par l\u2019acteur pour analyser l&rsquo;\u00e9volution conjointe des r\u00e9seaux d&rsquo;amiti\u00e9 et des comportements d&rsquo;utilisation des e-cigarettes. Les r\u00e9sultats montrent une influence significative des comportements d&rsquo;amis et des normes sociales pro-e-cigarette sur l&rsquo;initiation individuelle.<\/p>\n<p style=\"text-align: justify\">L&rsquo;un des principaux enseignements de cette recherche est que les adolescents qui comptent des amis vapoteurs dans leur cercle social sont significativement plus susceptibles d&rsquo;essayer la cigarette \u00e9lectronique eux-m\u00eames\u00a0: pour chaque augmentation d&rsquo;un pourcentage d&rsquo;amis utilisant des e-cigarettes, il y a une augmentation significative de l&rsquo;initiation des e-cigarettes d&rsquo;environ 3,15 %.<\/p>\n<h2 style=\"text-align: justify\">L\u2019influence des normes sociales entre aussi en compte<\/h2>\n<p style=\"text-align: justify\">En parall\u00e8le, la perception des normes sociales joue \u00e9galement un r\u00f4le majeur dans l&rsquo;initiation au vapotage. Les adolescents qui estiment que le vapotage est accept\u00e9, voire encourag\u00e9 par leurs pairs, ont une plus grande probabilit\u00e9 de commencer \u00e0 utiliser des e-cigarettes. Cette normalisation du vapotage, mesur\u00e9e notamment \u00e0 travers les r\u00e9seaux sociaux et les publicit\u00e9s cibl\u00e9es, contribue \u00e0 banaliser l\u2019usage de ces produits parmi les jeunes.<\/p>\n<p style=\"text-align: justify\">Cette perception est encore renforc\u00e9e par l\u2019omnipr\u00e9sence du tabac et autres produits de la nicotine dans la culture pop<a href=\"#_ftn2\" name=\"_ftnref1\">[2]<\/a> ou encore dans le cin\u00e9ma hollywoodien<a href=\"#_ftn3\" name=\"_ftnref2\">[3]<\/a>, notamment sous l\u2019influence de stars populaires aupr\u00e8s des jeunes.<a href=\"#_ftnref1\" name=\"_ftn1\"><\/a><\/p>\n<h2 style=\"text-align: justify\">Les Hispaniques et les femmes sont les plus susceptibles de vapoter<\/h2>\n<p style=\"text-align: justify\">Les r\u00e9sultats indiquent que les adolescents hispaniques\/latinos et les filles pr\u00e9sentent des taux d&rsquo;initiation plus \u00e9lev\u00e9s que les gar\u00e7ons et les \u00e9tudiants non hispaniques. Les adolescents hispaniques\/latinos ont ainsi un taux d&rsquo;initiation d&rsquo;environ 0,76 % plus \u00e9lev\u00e9 que leurs pairs non hispaniques, alors que les filles pr\u00e9sentent un taux d&rsquo;initiation 0,66 % plus \u00e9lev\u00e9 que les gar\u00e7ons.<\/p>\n<p style=\"text-align: justify\">Un des \u00e9l\u00e9ments d\u2019explication peut tenir au fait que, pendant des d\u00e9cennies, l&rsquo;industrie du tabac a promu ses produits et son marketing en ciblant des groupes sp\u00e9cifiques, notamment dans les quartiers afro-am\u00e9ricains, hispaniques et \u00e0 faibles revenus<a href=\"#_ftn4\" name=\"_ftnref1\">[4]<\/a>.<\/p>\n<h2 style=\"text-align: justify\">Influencer les r\u00e9seaux adolescents passe par la ma\u00eetrise de leurs codes<\/h2>\n<p style=\"text-align: justify\">L&rsquo;\u00e9tude conclut que l&rsquo;influence des pairs joue un r\u00f4le crucial dans l&rsquo;utilisation des e-cigarettes chez les adolescents. Elle souligne la n\u00e9cessit\u00e9 de prendre en compte ces influences dans les initiatives de pr\u00e9vention du tabagisme. Il est recommand\u00e9 selon les auteurs de l\u2019\u00e9tude de concevoir des interventions et des programmes \u00e9ducatifs qui ciblent sp\u00e9cifiquement les m\u00e9dias utilis\u00e9s par les jeunes.<\/p>\n<p style=\"text-align: justify\">Les r\u00e9seaux sociaux sont notamment importants. En France, l\u2019Alliance contre le tabac a d\u00e9nombr\u00e9 plus de 200 influenceurs qui ont promu la nicotine sur Instagram depuis 2019<a href=\"#_ftn5\" name=\"_ftnref1\">[5].<\/a><\/p>\n<p style=\"text-align: justify\">Les auteurs de l\u2019\u00e9tudes soulignent \u00e9galement que les normes sociales ainsi que le contexte culturel propre \u00e0 chaque groupe sont d\u00e9terminants \u00e0 prendre en compte afin de modifier les perceptions et l&rsquo;acceptabilit\u00e9 sociale relative \u00e0 l&rsquo;utilisation des e-cigarettes.<\/p>\n<p style=\"text-align: justify\"><a href=\"#_ftnref1\" name=\"_ftn1\"><\/a><\/p>\n<p style=\"text-align: justify\"><strong style=\"text-align: justify\"><a href=\"https:\/\/www.generationsanstabac.org\/\">\u00a9G\u00e9n\u00e9ration Sans Tabac<\/a><\/strong><\/p>\n<p style=\"text-align: right\"><em><strong>AD<\/strong><\/em><\/p>\n<hr \/>\n<p style=\"text-align: justify\"><a href=\"#_ftnref1\" name=\"_ftn1\">[1]<\/a>E Piombo Sarah, de la Haye Kayla, W Valente Thomas, <a href=\"https:\/\/academic.oup.com\/ntr\/advance-article\/doi\/10.1093\/ntr\/ntaf065\/8079086?searchresult=1\">Network dynamics of social influence on e-cigarette use among an ethnically diverse adolescent cohort<\/a>, Nicotine &amp; Tobacco Research, 30 pages, publi\u00e9 le 16 mars 2025, consult\u00e9 le 17 mars 2025<\/p>\n<p style=\"text-align: justify\"><a href=\"#_ftnref2\" name=\"_ftn2\">[2]<\/a>G\u00e9n\u00e9ration sans tabac, <a href=\"https:\/\/www.generationsanstabac.org\/fr\/actualites\/le-tabac-en-voie-de-popisation-au-royaume-uni\/\">Le tabac en voie de \u00ab popisation \u00bb au Royaume-Uni ?<\/a>, publi\u00e9 le 18 janvier 2025, consult\u00e9 le 17 mars 2025<\/p>\n<p style=\"text-align: justify\"><a href=\"#_ftnref3\" name=\"_ftn3\">[3]<\/a>G\u00e9n\u00e9ration sans tabac, <a href=\"https:\/\/www.generationsanstabac.org\/fr\/actualites\/oscars-2025-80-des-films-nommes-contiennent-des-produits-de-tabac-et-de-la-nicotine\/\">Oscars 2025 : 80 % des films nomm\u00e9s contiennent des produits de tabac et de la nicotine<\/a>, publi\u00e9 le 7 mars 2025, consult\u00e9 le 17 mars 2025<\/p>\n<p style=\"text-align: justify\"><a href=\"#_ftnref4\" name=\"_ftn4\">[4]<\/a>G\u00e9n\u00e9ration sans tabac, <a href=\"https:\/\/www.generationsanstabac.org\/fr\/actualites\/etats-unis-importantes-disparites-dans-les-taux-de-tabagisme-selon-les-categories-de-la-population\/\">\u00c9tats-Unis : Importantes disparit\u00e9s dans les taux de tabagisme selon les cat\u00e9gories de la population<\/a>, publi\u00e9 le 23 novembre 2024, consult\u00e9 le 17 mars 2025<\/p>\n<p style=\"text-align: justify\"><a href=\"#_ftnref5\" name=\"_ftn5\">[5]<\/a>G\u00e9n\u00e9ration sans tabac, <a href=\"https:\/\/www.generationsanstabac.org\/fr\/actualites\/france-plus-de-200-influenceurs-ont-promu-la-nicotine-sur-instagram-depuis-2019\/\">France : plus de 200 influenceurs ont promu la nicotine sur Instagram depuis 2019<\/a>, publi\u00e9 le 13 mars 2025, consult\u00e9 le 17 mars 2025<\/p>\n<p style=\"text-align: justify\"><strong style=\"color: #999999\"><a style=\"color: #999999\" href=\"http:\/\/www.cnct.fr\/\" target=\"_blank\" rel=\"noopener noreferrer\">Comit\u00e9 national contre le tabagisme |<\/a><\/strong><\/p>\n","protected":false},"excerpt":{"rendered":"<p>Publi\u00e9e dans la revue scientifique Nicotine &amp; Tobacco Research, une \u00e9tude men\u00e9e en Californie examine les facteurs d\u2019influence de l&rsquo;utilisation de l&rsquo;e-cigarette chez les adolescents, en se concentrant sur deux m\u00e9canismes sp\u00e9cifiques : l\u2019influence par les pairs et les normes sociales favorables \u00e0 l&rsquo;e-cigarette, notamment diffus\u00e9es sur les r\u00e9seaux sociaux.<\/p>\n","protected":false},"featured_media":23611,"template":"","tags":[],"thematique":[507,565],"class_list":["post-23604","actualites","type-actualites","status-publish","has-post-thumbnail","hentry","thematique-marketing-publicite","thematique-sensibilisation"],"acf":[],"_links":{"self":[{"href":"https:\/\/www.generationsanstabac.org\/fr\/wp-json\/wp\/v2\/actualites\/23604","targetHints":{"allow":["GET"]}}],"collection":[{"href":"https:\/\/www.generationsanstabac.org\/fr\/wp-json\/wp\/v2\/actualites"}],"about":[{"href":"https:\/\/www.generationsanstabac.org\/fr\/wp-json\/wp\/v2\/types\/actualites"}],"version-history":[{"count":6,"href":"https:\/\/www.generationsanstabac.org\/fr\/wp-json\/wp\/v2\/actualites\/23604\/revisions"}],"predecessor-version":[{"id":23697,"href":"https:\/\/www.generationsanstabac.org\/fr\/wp-json\/wp\/v2\/actualites\/23604\/revisions\/23697"}],"wp:featuredmedia":[{"embeddable":true,"href":"https:\/\/www.generationsanstabac.org\/fr\/wp-json\/wp\/v2\/media\/23611"}],"wp:attachment":[{"href":"https:\/\/www.generationsanstabac.org\/fr\/wp-json\/wp\/v2\/media?parent=23604"}],"wp:term":[{"taxonomy":"post_tag","embeddable":true,"href":"https:\/\/www.generationsanstabac.org\/fr\/wp-json\/wp\/v2\/tags?post=23604"},{"taxonomy":"thematique","embeddable":true,"href":"https:\/\/www.generationsanstabac.org\/fr\/wp-json\/wp\/v2\/thematique?post=23604"}],"curies":[{"name":"wp","href":"https:\/\/api.w.org\/{rel}","templated":true}]}}