{"id":23530,"date":"2025-03-07T07:30:12","date_gmt":"2025-03-07T06:30:12","guid":{"rendered":"https:\/\/www.generationsanstabac.org\/?post_type=actualites&#038;p=23530"},"modified":"2025-03-06T18:25:33","modified_gmt":"2025-03-06T17:25:33","slug":"des-parlementaires-veulent-mettre-fin-au-surapprovisionnement-en-tabac-du-luxembourg","status":"publish","type":"actualites","link":"https:\/\/www.generationsanstabac.org\/fr\/actualites\/des-parlementaires-veulent-mettre-fin-au-surapprovisionnement-en-tabac-du-luxembourg\/","title":{"rendered":"Des parlementaires veulent mettre fin au surapprovisionnement en tabac du Luxembourg"},"content":{"rendered":"<p style=\"text-align: justify\"><em>Une proposition de r\u00e9solution, d\u00e9pos\u00e9e par 33 d\u00e9put\u00e9s fran\u00e7ais, invite le gouvernement \u00e0 plaider \u00e0 l\u2019\u00e9chelle de l\u2019Union europ\u00e9enne l\u2019instauration de quotas de livraison de tabac par pays, correspondant \u00e0 leur consommation int\u00e9rieure r\u00e9elle de ces produits. La proposition de r\u00e9solution vise ainsi \u00e0 amorcer un d\u00e9bat europ\u00e9en sur les pratiques de surapprovisionnement par l\u2019industrie du tabac, alimentant les march\u00e9s parall\u00e8les. <\/em><\/p>\n<p style=\"text-align: justify\">Cette proposition de r\u00e9solution est port\u00e9e par le d\u00e9put\u00e9 et ancien ministre de la Sant\u00e9 Fr\u00e9d\u00e9ric Valletoux, ainsi que par l\u2019ensemble du groupe parlementaire Horizons &amp; Ind\u00e9pendants de l\u2019Assembl\u00e9e nationale. Le texte fait suite \u00e0 la <a href=\"https:\/\/www.generationsanstabac.org\/fr\/actualites\/limites-dapprovisionnement-en-tabac-des-deputes-francais-sattaquent-au-marche-parallele\/\">proposition de loi<\/a> d\u00e9pos\u00e9e en novembre 2023 par Fr\u00e9d\u00e9ric Valletoux, visant un objectif similaire, mais n\u2019ayant pas pu aboutir en raison de l\u2019actualit\u00e9 parlementaire de ces derniers mois<a href=\"#_ftn1\" name=\"_ftnref1\">[1]<\/a>.<\/p>\n<h2 style=\"text-align: justify\"><strong>Les march\u00e9s parall\u00e8les aliment\u00e9s par l\u2019industrie du tabac<\/strong><\/h2>\n<p style=\"text-align: justify\">D\u2019apr\u00e8s les donn\u00e9es publiques disponibles, les march\u00e9s parall\u00e8les repr\u00e9senteraient environ 20% de la consommation nationale, soit une proportion stable depuis au moins 2014. Au-del\u00e0 de p\u00e9naliser une partie de l\u2019efficacit\u00e9 des politiques de sant\u00e9 publique, les march\u00e9s parall\u00e8les constituent un enjeu fiscal de premier ordre, avec une perte de recette fiscale annuelle estim\u00e9e \u00e0 environ deux milliards d\u2019euros, selon un rapport d\u2019information parlementaire publi\u00e9 en septembre 2021. Selon Sant\u00e9 publique France, la grande majorit\u00e9 du march\u00e9 parall\u00e8le est constitu\u00e9e d\u2019achats l\u00e9gaux, relevant du commerce frontalier, des achats \u00e0 l\u2019\u00e9tranger ou en <em>duty free<\/em>.\u00a0 Comme le rappelle la proposition de r\u00e9solution d\u00e9pos\u00e9e par Fr\u00e9d\u00e9ric Valletoux, les march\u00e9s parall\u00e8les sont en grande partie organis\u00e9s par les fabricants, qui \u00ab\u00a0surapprovisionnent [\u2026] les vendeurs de tabac des pays limitrophes de la France, \u00e0 savoir Andorre, le Luxembourg, la Suisse, l\u2019Italie, la Belgique ou l\u2019Espagne pour alimenter les fumeurs fran\u00e7ais\u00a0\u00bb.<\/p>\n<h2 style=\"text-align: justify\"><strong>Une disposition d\u00e9j\u00e0 pr\u00e9vue par le Protocole de l\u2019OMS ratifi\u00e9 par l\u2019Union europ\u00e9enne<\/strong><\/h2>\n<p style=\"text-align: justify\">Les auteurs du texte soulignent que l\u2019Union europ\u00e9enne et 19 de ses E\u0301tats\u00a0membres, dont la France, ont ratifi\u00e9 le Protocole pour \u00e9liminer le commerce illicite des produits du tabac. Celui-ci pr\u00e9voit notamment la mise en place de quotas de livraison de tabac par pays, fond\u00e9s sur la consommation nationale r\u00e9elle. Les quantit\u00e9s approvisionn\u00e9es pourraient \u00e9voluer au fil des ann\u00e9es, en fonction des politiques sanitaires et fiscales nationales, sans toutefois pouvoir d\u00e9passer +5\u00a0% de la quantit\u00e9 de tabac th\u00e9orique n\u00e9cessaire, calcul\u00e9e sur la base de la consommation r\u00e9elle enregistr\u00e9e l\u2019ann\u00e9e pr\u00e9c\u00e9dente. La limitation de l\u2019approvisionnement implique un contr\u00f4le de la production et de la livraison de tabac par un syst\u00e8me de suivi et de tra\u00e7abilit\u00e9 totalement ind\u00e9pendant des fabricants. Cette obligation, pr\u00e9vue par l\u2019article 8-12 du Protocole, n\u2019est \u00e0 ce jour pas respect\u00e9e par le syst\u00e8me europ\u00e9en actuel.<\/p>\n<h2 style=\"text-align: justify\"><strong>R\u00e9viser le syst\u00e8me de \u00a0suivi et tra\u00e7abilit\u00e9 de l\u2019Union europ\u00e9enne<\/strong><\/h2>\n<p style=\"text-align: justify\">Dans la perspective de la prochaine r\u00e9vision de la directive europ\u00e9enne sur les produits du tabac (TPD), la proposition de r\u00e9solution appelle le Gouvernement \u00e0 placer \u00ab\u00a0la lutte contre le commerce parall\u00e8le au rang de priorit\u00e9 dans le combat contre le tabagisme\u00a0\u00bb, et \u00e0 plaider \u00e0 l\u2019\u00e9chelle de l\u2019Union europ\u00e9enne en faveur d\u2019une instauration de quotas. Le texte rappelle que si l\u2019ensemble des E\u0301tats\u00a0membres ont vot\u00e9 en faveur de la ratification du Protocole, huit d\u2019entre eux ne l\u2019ont toutefois pas ratifi\u00e9, \u00e0 l\u2019instar du Luxembourg ou de l\u2019Espagne. En France, pr\u00e8s de dix ans apr\u00e8s la ratification du texte, celui-ci n\u2019est cependant toujours pas appliqu\u00e9. Enfin, la proposition r\u00e9affirme \u00ab\u00a0l\u2019impe\u0301rieuse ne\u0301cessite\u0301 de renforcer les contro\u0302les de la chai\u0302ne logistique a\u0300 travers l\u2019instauration d\u2019un syste\u0300me de suivi et de trac\u0327abilite\u0301 inde\u0301pendant\u00a0\u00bb des fabricants.<\/p>\n<p style=\"text-align: justify\"><strong style=\"text-align: justify\"><a href=\"https:\/\/www.generationsanstabac.org\/\">\u00a9G\u00e9n\u00e9ration Sans Tabac<\/a><\/strong><\/p>\n<p style=\"text-align: right\"><em><strong>FT<\/strong><\/em><\/p>\n<hr \/>\n<p style=\"text-align: justify\"><a href=\"#_ftnref1\" name=\"_ftn1\">[1]<\/a> Assembl\u00e9e nationale, <a href=\"https:\/\/www.assemblee-nationale.fr\/dyn\/17\/textes\/l17b0968_proposition-resolution#:~:text=Proposition%20de%20r%C3%A9solution%2C%20relative%20%C3%A0,le%20jeudi%2013%20f%C3%A9vrier%202025.&amp;text=Enregistr%C3%A9%20%C3%A0%20la%20Pr%C3%A9sidence%20de,nationale%20le%2013%20f%C3%A9vrier%202025.&amp;text=M.,Fr%C3%A9d%C3%A9ric%20VALLETOUX%2C%20M.\">Proposition de r\u00e9solution relative \u00e0 la\u00a0mise\u00a0en\u00a0\u0153uvre\u00a0du\u00a0Protocole\u00a0de l\u2019Organisation\u00a0mondiale\u00a0de la\u00a0Sant\u00e9\u00a0pour lutter\u00a0contre le\u00a0commerce\u00a0illicite\u00a0de\u00a0tabac<\/a>, 13\/02\/2025, (consult\u00e9 le 05\/03\/2025)<\/p>\n<p><strong style=\"color: #999999\"><a style=\"color: #999999\" href=\"http:\/\/www.cnct.fr\/\" target=\"_blank\" rel=\"noopener noreferrer\">Comit\u00e9 national contre le tabagisme |<\/a><\/strong><\/p>\n","protected":false},"excerpt":{"rendered":"<p>D\u2019apr\u00e8s les donn\u00e9es publiques disponibles, les march\u00e9s parall\u00e8les repr\u00e9senteraient environ 20% de la consommation nationale, soit une proportion stable depuis au moins 2014.<\/p>\n","protected":false},"featured_media":23534,"template":"","tags":[],"thematique":[538,491],"class_list":["post-23530","actualites","type-actualites","status-publish","has-post-thumbnail","hentry","thematique-marches-paralleles","thematique-politiques-publiques"],"acf":[],"_links":{"self":[{"href":"https:\/\/www.generationsanstabac.org\/fr\/wp-json\/wp\/v2\/actualites\/23530","targetHints":{"allow":["GET"]}}],"collection":[{"href":"https:\/\/www.generationsanstabac.org\/fr\/wp-json\/wp\/v2\/actualites"}],"about":[{"href":"https:\/\/www.generationsanstabac.org\/fr\/wp-json\/wp\/v2\/types\/actualites"}],"version-history":[{"count":1,"href":"https:\/\/www.generationsanstabac.org\/fr\/wp-json\/wp\/v2\/actualites\/23530\/revisions"}],"predecessor-version":[{"id":23535,"href":"https:\/\/www.generationsanstabac.org\/fr\/wp-json\/wp\/v2\/actualites\/23530\/revisions\/23535"}],"wp:featuredmedia":[{"embeddable":true,"href":"https:\/\/www.generationsanstabac.org\/fr\/wp-json\/wp\/v2\/media\/23534"}],"wp:attachment":[{"href":"https:\/\/www.generationsanstabac.org\/fr\/wp-json\/wp\/v2\/media?parent=23530"}],"wp:term":[{"taxonomy":"post_tag","embeddable":true,"href":"https:\/\/www.generationsanstabac.org\/fr\/wp-json\/wp\/v2\/tags?post=23530"},{"taxonomy":"thematique","embeddable":true,"href":"https:\/\/www.generationsanstabac.org\/fr\/wp-json\/wp\/v2\/thematique?post=23530"}],"curies":[{"name":"wp","href":"https:\/\/api.w.org\/{rel}","templated":true}]}}