{"id":23435,"date":"2025-03-05T07:00:13","date_gmt":"2025-03-05T06:00:13","guid":{"rendered":"https:\/\/www.generationsanstabac.org\/?post_type=actualites&#038;p=23435"},"modified":"2025-03-04T15:57:02","modified_gmt":"2025-03-04T14:57:02","slug":"la-convention-cadre-de-loms-pour-la-lutte-antitabac-celebre-ses-20-ans-dapplication","status":"publish","type":"actualites","link":"https:\/\/www.generationsanstabac.org\/fr\/actualites\/la-convention-cadre-de-loms-pour-la-lutte-antitabac-celebre-ses-20-ans-dapplication\/","title":{"rendered":"La Convention-cadre de l\u2019OMS pour la lutte antitabac c\u00e9l\u00e8bre ses 20 ans d\u2019application"},"content":{"rendered":"<p style=\"text-align: justify\"><em>La Convention-cadre de l\u2019OMS pour la lutte antitabac (CCLAT), premier et unique trait\u00e9 international de sant\u00e9 publique \u00e9labor\u00e9 sous l\u2019\u00e9gide de l\u2019OMS qui compte aujourd\u2019hui 183 parties, entrait en vigueur le 27 f\u00e9vrier 2005. Ce trait\u00e9, qui a permis de r\u00e9duire d\u2019un tiers l\u2019usage du tabac dans le monde, pr\u00e9sente un bilan sans pr\u00e9c\u00e9dent mais est jug\u00e9 encore insuffisamment mis en \u0153uvre pour lutter contre l\u2019\u00e9pid\u00e9mie tabagique et les strat\u00e9gies d\u00e9ploy\u00e9es par l\u2019industrie du tabac pour le contrer<\/em><a href=\"#_ftn1\" name=\"_ftnref1\">[1]<\/a><em>.<\/em><\/p>\n<h2 style=\"text-align: justify\">Un trait\u00e9 aux r\u00e9sultats incontestables<\/h2>\n<p style=\"text-align: justify\">Aujourd\u2019hui, cette convention englobe 183 Parties et couvre 90 % de la population mondiale, soit environ 5,6 milliards de personnes. Avec des objectifs de r\u00e9duction du tabagisme et de protection des g\u00e9n\u00e9rations pr\u00e9sentes et futures contre les effets multiples du tabac, la CCLAT s\u2019appuie sur un effort multilat\u00e9ral et propose une strat\u00e9gie compl\u00e8te de r\u00e9duction de la consommation. Ces derni\u00e8res concernent aussi bien l\u2019offre que la demande et ont comme particularit\u00e9s d\u2019avoir \u00e9t\u00e9 d\u00e9finies sur la base de donn\u00e9es probantes et scientifiquement rigoureuses.<\/p>\n<p style=\"text-align: justify\">Ces mesures comprennent \u00ab\u00a0<em>notamment l&rsquo;apposition d&rsquo;avertissements sanitaires illustr\u00e9s sur les paquets de cigarettes, l&rsquo;adoption de lois antitabac et l&rsquo;augmentation des taxes sur les produits du tabac, pour n&rsquo;en citer que quelques-unes.<a href=\"#_ftn2\" name=\"_ftnref2\"><strong>[2]<\/strong><\/a><\/em> \u00bb \u00a0(OMS, 25\/02\/2025)<\/p>\n<p style=\"text-align: justify\">La baisse de la consommation de tabac dans le monde t\u00e9moigne des r\u00e9sultats de la CCLAT. De 2000 \u00e0 2020, la pr\u00e9valence de fumeurs quotidiens ou occasionnels est pass\u00e9e de 23,7% \u00e0 21,7%. D\u2019apr\u00e8s l\u2019OMS, le recul tabagique chez les jeunes est flagrant avec 20,5% de fumeurs de 15-24 ans en 2000 contre 13,2% en 2022<a href=\"#_ftn3\" name=\"_ftnref3\">[3]<\/a>. Depuis 2005, 118 millions de personnes dans le monde ont arr\u00eat\u00e9 leur consommation de tabac avec des cons\u00e9quences en termes de pr\u00e9vention de maladies cardiovasculaires, respiratoires et cancers.<\/p>\n<p style=\"text-align: justify\">Le nombre de fumeurs est ainsi en baisse dans la plupart des r\u00e9gions de l\u2019OMS. En 2000, avant la CCLAT, le nombre de fumeurs \u00e9tait \u00e9valu\u00e9 \u00e0 1,362 milliard. En d\u00e9pit de l\u2019\u00e9volution d\u00e9mographique, la pr\u00e9vision a \u00e9t\u00e9 r\u00e9duite \u00e0 1,197 milliard d\u2019ici 2030, le rythme de baisse \u00e9tant tr\u00e8s diff\u00e9renci\u00e9 selon les r\u00e9gions dans le monde. Certains pays, comme le Royaume-Uni, ont massivement r\u00e9duit leur pr\u00e9valence et les concepts de g\u00e9n\u00e9ration sans tabac et \u00ab\u00a0endgame\u00a0\u00bb se d\u00e9veloppent de plus en plus. Le Royaume-Uni s\u2019est tout particuli\u00e8rement engag\u00e9 dans une sortie du tabac de la soci\u00e9t\u00e9 avec l\u2019adoption d\u2019une interdiction de vente g\u00e9n\u00e9rationnelle pr\u00e9voyant de maintenir l\u2019interdiction de vente de produits du tabac aux personnes n\u00e9es \u00e0 partir de 2009<a href=\"#_ftn4\" name=\"_ftnref4\">[4]<\/a>.<\/p>\n<h2 style=\"text-align: justify\">Devenu un march\u00e9 en voie de d\u00e9clin, l\u2019industrie du tabac d\u00e9ploie une strat\u00e9gie de reconqu\u00eate<\/h2>\n<p style=\"text-align: justify\">Malgr\u00e9 ces r\u00e9sultats, l\u2019\u00e9volution \u00e0 la baisse demeure encore souvent lente et les mesures du trait\u00e9 insuffisamment appliqu\u00e9es. 1,3 milliard d\u2019individus continuent de fumer dans le monde tandis que l\u2019industrie du tabac d\u00e9ploie depuis ces derni\u00e8res ann\u00e9es une nouvelle strat\u00e9gie. Cette derni\u00e8re se caract\u00e9rise par la mise sur le march\u00e9 de nouveaux produits \u00e0 la nicotine et par une instrumentalisation de la notion sanitaire de r\u00e9duction de risque. L\u2019objectif des fabricants est de redorer leur image fortement d\u00e9grad\u00e9e et d\u2019appara\u00eetre comme des entreprises responsables, apportant des solutions aux probl\u00e8mes caus\u00e9s tout en luttant \u00e2prement contre toutes les mesures susceptibles de r\u00e9duire la consommation de tabac.<\/p>\n<p style=\"text-align: justify\">Selon l\u2019OMS, plus de 8 millions de personnes d\u00e9c\u00e8dent chaque ann\u00e9e pr\u00e9matur\u00e9ment du tabagisme. \u00c0 ce co\u00fbt sanitaire s\u2019ajoutent d\u2019autres co\u00fbts pour les collectivit\u00e9s. Sur le plan \u00e9conomique et financier, les d\u00e9penses de sant\u00e9 et les pertes de productivit\u00e9 repr\u00e9sentent 1,8% du PIB mondial chaque ann\u00e9e, tandis que le tabagisme devient de plus en plus un marqueur social, source d\u2019in\u00e9galit\u00e9s en mati\u00e8re de sant\u00e9. De m\u00eame, d\u2019un point de vue environnemental, les d\u00e9g\u00e2ts induits par le tabac sont importants. La production et la consommation de tabac rel\u00e2chent 80 millions de tonnes de dioxyde de carbone dans l\u2019air chaque ann\u00e9e et de la culture \u00e0 la gestion des d\u00e9chets, <a href=\"https:\/\/www.generationsanstabac.org\/fr\/environnement\/\">les produits du tabac affectent l\u2019environnement<\/a>.<\/p>\n<h2 style=\"text-align: justify\">La Convention-cadre de l\u2019OMS plus n\u00e9cessaire que jamais<\/h2>\n<p style=\"text-align: justify\">Les acteurs de sant\u00e9 publique eux-m\u00eames soulignent que la mise en \u0153uvre compl\u00e8te de la Convention-cadre de l\u2019OMS pour la lutte antitabac demeure plus n\u00e9cessaire que jamais, alors que seuls 56 pays atteindront leur objectif de r\u00e9duction de la pr\u00e9valence tabagique d\u2019un tiers d\u2019ici 2025. Parmi les recommandations syst\u00e9matiquement rappel\u00e9es par l\u2019OMS figurent la mise en \u0153uvre de politiques fiscales fortes, la suppression de toutes formes de publicit\u00e9s, l\u2019extension des lieux sans tabac, la prise en charge du sevrage des fumeurs mais aussi l\u2019application par l\u2019ensemble des Parties au trait\u00e9 des dispositions visant \u00e0 prot\u00e9ger leurs politiques publiques du lobby et de l\u2019interf\u00e9rence de l\u2019industrie du tabac.<\/p>\n<p style=\"text-align: justify\"><strong style=\"text-align: justify\"><a href=\"https:\/\/www.generationsanstabac.org\/\">\u00a9G\u00e9n\u00e9ration Sans Tabac<\/a><\/strong><\/p>\n<p style=\"text-align: right\"><em><strong>AD<\/strong><\/em><\/p>\n<hr \/>\n<p style=\"text-align: justify\"><a href=\"#_ftnref1\" name=\"_ftn1\">[1]<\/a> Adhanom Ghebreyesus, Tedros, Blanco Marquizo, Adriana, \u201c<a href=\"https:\/\/www.telegraph.co.uk\/global-health\/science-and-disease\/tobacco-remains-one-of-worlds-deadliest-threats-who-treaty\/\"><em>Tobacco remains one of the world\u2019s deadliest threats, but a 20-year treaty is slowly stubbing it out<\/em><\/a>\u201d, The Telegraph UK, publi\u00e9 le 25 f\u00e9vrier 2025, consult\u00e9 le 25 f\u00e9vrier 2025<\/p>\n<p style=\"text-align: justify\"><a href=\"#_ftnref2\" name=\"_ftn2\">[2]<\/a> <a href=\"https:\/\/www.emro.who.int\/media\/news\/first-ever-who-treaty-marks-20-years-of-saving-millions-of-lives-worldwide.html\"><em>First ever WHO treaty marks 20 years of saving millions of lives worldwide<\/em><\/a>, OMS \u2013 R\u00e9gion M\u00e9diterran\u00e9e orientale, publi\u00e9 le 25 f\u00e9vrier 2025, consult\u00e9 le 26 f\u00e9vrier 2025<\/p>\n<p style=\"text-align: justify\"><a href=\"#_ftnref3\" name=\"_ftn3\">[3]<\/a> Comit\u00e9 national contre le tabagisme, <a href=\"https:\/\/www.generationsanstabac.org\/fr\/fiches\/evolution-de-la-consommation-tabagique-dans-le-monde-2000-2030\/\"><em>Evolution de la consommation tabagique dans le monde (2000-2030)<\/em>,<\/a> G\u00e9n\u00e9ration sans tabac, publi\u00e9 le 25 janvier 2024, consult\u00e9 le 26 f\u00e9vrier 2025<\/p>\n<p style=\"text-align: justify\"><a href=\"#_ftnref4\" name=\"_ftn4\">[4]<\/a> \u00ab <a href=\"https:\/\/www.generationsanstabac.org\/fr\/actualites\/linterdiction-generationnelle-de-vente-du-tabac-presentee-devant-le-parlement-britannique\/\"><em>L\u2019interdiction g\u00e9n\u00e9rationnelle de vente du tabac pr\u00e9sent\u00e9e devant le parlement britannique<\/em>\u00a0<\/a>\u00bb, G\u00e9n\u00e9ration sans tabac, publi\u00e9 le 9 novembre 2024, consult\u00e9 le 26 f\u00e9vrier 2025<\/p>\n<p style=\"text-align: justify\"><strong style=\"color: #999999\"><a style=\"color: #999999\" href=\"http:\/\/www.cnct.fr\/\" target=\"_blank\" rel=\"noopener noreferrer\">Comit\u00e9 national contre le tabagisme |<\/a><\/strong><\/p>\n","protected":false},"excerpt":{"rendered":"<p>La Convention-cadre de l\u2019OMS pour la lutte antitabac (CCLAT), premier et unique trait\u00e9 international de sant\u00e9 publique \u00e9labor\u00e9 sous l\u2019\u00e9gide de l\u2019OMS qui compte aujourd\u2019hui 183 parties, entrait en vigueur le 27 f\u00e9vrier 2005. Ce trait\u00e9, qui a permis de r\u00e9duire d\u2019un tiers l\u2019usage du tabac dans le monde, pr\u00e9sente un bilan sans pr\u00e9c\u00e9dent mais est jug\u00e9 encore insuffisamment mis en \u0153uvre pour lutter contre l\u2019\u00e9pid\u00e9mie tabagique et les strat\u00e9gies d\u00e9ploy\u00e9es par l\u2019industrie du tabac pour le contrer.<\/p>\n","protected":false},"featured_media":23439,"template":"","tags":[],"thematique":[491,474],"class_list":["post-23435","actualites","type-actualites","status-publish","has-post-thumbnail","hentry","thematique-politiques-publiques","thematique-sante"],"acf":[],"_links":{"self":[{"href":"https:\/\/www.generationsanstabac.org\/fr\/wp-json\/wp\/v2\/actualites\/23435","targetHints":{"allow":["GET"]}}],"collection":[{"href":"https:\/\/www.generationsanstabac.org\/fr\/wp-json\/wp\/v2\/actualites"}],"about":[{"href":"https:\/\/www.generationsanstabac.org\/fr\/wp-json\/wp\/v2\/types\/actualites"}],"version-history":[{"count":1,"href":"https:\/\/www.generationsanstabac.org\/fr\/wp-json\/wp\/v2\/actualites\/23435\/revisions"}],"predecessor-version":[{"id":23441,"href":"https:\/\/www.generationsanstabac.org\/fr\/wp-json\/wp\/v2\/actualites\/23435\/revisions\/23441"}],"wp:featuredmedia":[{"embeddable":true,"href":"https:\/\/www.generationsanstabac.org\/fr\/wp-json\/wp\/v2\/media\/23439"}],"wp:attachment":[{"href":"https:\/\/www.generationsanstabac.org\/fr\/wp-json\/wp\/v2\/media?parent=23435"}],"wp:term":[{"taxonomy":"post_tag","embeddable":true,"href":"https:\/\/www.generationsanstabac.org\/fr\/wp-json\/wp\/v2\/tags?post=23435"},{"taxonomy":"thematique","embeddable":true,"href":"https:\/\/www.generationsanstabac.org\/fr\/wp-json\/wp\/v2\/thematique?post=23435"}],"curies":[{"name":"wp","href":"https:\/\/api.w.org\/{rel}","templated":true}]}}