{"id":23394,"date":"2025-02-19T08:00:04","date_gmt":"2025-02-19T07:00:04","guid":{"rendered":"https:\/\/www.generationsanstabac.org\/?post_type=actualites&#038;p=23394"},"modified":"2025-03-17T17:15:48","modified_gmt":"2025-03-17T16:15:48","slug":"pourquoi-le-prix-de-certaines-cigarettes-baisse-t-il-en-mars","status":"publish","type":"actualites","link":"https:\/\/www.generationsanstabac.org\/fr\/actualites\/pourquoi-le-prix-de-certaines-cigarettes-baisse-t-il-en-mars\/","title":{"rendered":"Pourquoi le prix de certaines cigarettes baisse-t-il en mars ?"},"content":{"rendered":"<p style=\"text-align: justify\"><em>A compter du 1<sup>er<\/sup> mars, certaines marques de cigarettes vont voir leur prix baisser, comme l\u2019indique l\u2019arr\u00eat\u00e9 du 7 f\u00e9vrier portant sur l\u2019homologation des prix de vente au d\u00e9tail. Cette baisse traduit une <\/em><a href=\"https:\/\/cnct.fr\/communiques\/prix-du-tabac-lindustrie-profite-du-recul-gouvernemental-pour-augmenter-ses-marges\/\"><em>politique tarifaire des fabricants<\/em><\/a><em>, cherchant \u00e0 maximiser la consommation des produits du tabac, \u00e0 rebours de leurs nombreuses d\u00e9clarations publiques<a href=\"#_ftn1\" name=\"_ftnref1\"><strong>[1]<\/strong><\/a>. <\/em><\/p>\n<p style=\"text-align: justify\">Bien que les pouvoirs publics soient \u00e0 l\u2019initiative des politiques fiscales, la fixation des prix des produits du tabac est d\u00e9termin\u00e9e par les fabricants. L\u2019arr\u00eat\u00e9 du 7 f\u00e9vrier portant sur l\u2019homologation des prix de vente au d\u00e9tail indique dans cette perspective qu\u2019une quinzaine de marques de cigarettes verront leur prix baisser \u00e0 compter du 1<sup>er<\/sup> mars. Ces diminutions, comprises entre 20 et 25 centimes d\u2019euros, concernent notamment les marques Camel et Winston (Japan Tobacco International) ou King (British American Tobacco).<\/p>\n<h2 style=\"text-align: justify\"><strong>Maintenir des produits d\u2019appel pour diffuser l\u2019\u00e9pid\u00e9mie tabagique<\/strong><\/h2>\n<p style=\"text-align: justify\">Cette diminution des prix de vente au d\u00e9tail de certaines marques de cigarettes, ind\u00e9pendante d\u2019une d\u00e9cision des pouvoirs publics, renvoie ainsi aux politiques tarifaires de l\u2019industrie du tabac. Cette strat\u00e9gie vise en particulier \u00e0 faire de certaines marques des produits d\u2019appel, financi\u00e8rement plus accessibles, dans l\u2019objectif de demeurer accessibles et attractives pour les consommateurs, \u00e0 commencer par les plus jeunes et les plus pr\u00e9caires, les principales cibles de l\u2019industrie du tabac. Autrement dit, cette politique tarifaire s\u2019inscrit dans une strat\u00e9gie de maintien et de diffusion de l\u2019\u00e9pid\u00e9mie tabagique, mais \u00e9galement de maximisation du chiffre d\u2019affaires des fabricants. De nombreuses \u00e9tudes scientifiques ont \u00e0 ce jour document\u00e9 les pratiques tarifaires de l\u2019industrie, notamment en vue de neutraliser les effets des politiques de sant\u00e9 publique, \u00e0 commencer par les politiques fiscales<a href=\"#_ftn2\" name=\"_ftnref2\">[2]<\/a>.<\/p>\n<h2 style=\"text-align: justify\"><strong>Des pratiques en contradiction avec le discours de l\u2019industrie du tabac<\/strong><\/h2>\n<p style=\"text-align: justify\">Surtout, la volont\u00e9 des fabricants de maintenir l\u2019accessibilit\u00e9 des produits du tabac est en contradiction directe avec leur discours public, focalis\u00e9 depuis plusieurs ann\u00e9es sur l\u2019engagement de l\u2019industrie en faveur d\u2019une strat\u00e9gie globale de \u00ab\u00a0r\u00e9duction des risques\u00a0\u00bb, et sur le r\u00f4le des fabricants dans la construction d\u2019un \u00ab\u00a0monde sans fum\u00e9e\u00a0\u00bb. Ce discours public est notamment bruyamment relay\u00e9 par le cigarettier British American Tobacco (BAT), comme en atteste sa r\u00e9cente campagne d\u2019affichage ill\u00e9gale sur la fa\u00e7ade de l\u2019\u00e9glise de Notre Dame de Lorette, \u00e0 Paris, titrant \u00ab\u00a0Une France sans tabac, \u00e7a vous int\u00e9resse\u00a0?\u00a0\u00bb, alors m\u00eame que le fabricant cherche par ses pratiques tarifaires \u00e0 doper la consommation de sa marque King. En r\u00e9alit\u00e9, le discours de l\u2019industrie visant \u00e0 promouvoir les nouveaux produits du tabac et de la nicotine comme des alternatives \u00e0 risque r\u00e9duit, qu\u2019il s\u2019agisse des sachets de nicotine ou du tabac \u00e0 chauffer, vise \u00e0 deux objectifs principaux. D\u2019une part, renormaliser la consommation du tabac et de la nicotine, et rassurer un consommateur de plus en plus averti sur les risques associ\u00e9s \u00e0 ces produits, et, d\u2019autre part, obtenir un cadre r\u00e9glementaire favorable et une fiscalit\u00e9 avantageuse sur l\u2019ensemble de ces produits, et restaurer ses marges b\u00e9n\u00e9ficiaires, mises \u00e0 mal par les politiques de sant\u00e9 publique.<\/p>\n<p><strong style=\"text-align: justify\"><a href=\"https:\/\/www.generationsanstabac.org\/\">\u00a9G\u00e9n\u00e9ration Sans Tabac<\/a><\/strong><\/p>\n<p style=\"text-align: right\"><em><strong>FT<\/strong><\/em><\/p>\n<hr \/>\n<p style=\"text-align: justify\"><a href=\"#_ftnref1\" name=\"_ftn1\">[1]<\/a> Journal Officiel, <a href=\"https:\/\/www.douane.gouv.fr\/sites\/default\/files\/2025-02\/12\/Maquette%20JORF%20Mars%202025_0.pdf\">Arr\u00eat\u00e9 du 7 f\u00e9vrier 2025<\/a>, (consult\u00e9 le 17\/02\/2025)<\/p>\n<p style=\"text-align: justify\"><a href=\"#_ftnref2\" name=\"_ftn2\">[2]<\/a> Sheikh\u00a0ZD,\u00a0Branston\u00a0JR,\u00a0Gilmore\u00a0AB, Tobacco industry pricing strategies in response to excise tax policies: a systematic review, <em>Tobacco Control\u00a0<\/em>2023;<strong>32:<\/strong>239-250.<\/p>\n<p><strong style=\"color: #999999\"><a style=\"color: #999999\" href=\"http:\/\/www.cnct.fr\/\" target=\"_blank\" rel=\"noopener noreferrer\">Comit\u00e9 national contre le tabagisme |<\/a><\/strong><\/p>\n","protected":false},"excerpt":{"rendered":"<p>Ce discours public est notamment bruyamment relay\u00e9 par le cigarettier British American Tobacco (BAT), comme en atteste sa r\u00e9cente campagne d\u2019affichage ill\u00e9gale sur la fa\u00e7ade de l\u2019\u00e9glise de Notre Dame de Lorette, \u00e0 Paris, titrant \u00ab\u00a0Une France sans tabac, \u00e7a vous int\u00e9resse\u00a0?\u00a0\u00bb, alors m\u00eame que le fabricant cherche par ses pratiques tarifaires \u00e0 doper la consommation de sa marque King.<\/p>\n","protected":false},"featured_media":23397,"template":"","tags":[],"thematique":[491],"class_list":["post-23394","actualites","type-actualites","status-publish","has-post-thumbnail","hentry","thematique-politiques-publiques"],"acf":[],"_links":{"self":[{"href":"https:\/\/www.generationsanstabac.org\/fr\/wp-json\/wp\/v2\/actualites\/23394","targetHints":{"allow":["GET"]}}],"collection":[{"href":"https:\/\/www.generationsanstabac.org\/fr\/wp-json\/wp\/v2\/actualites"}],"about":[{"href":"https:\/\/www.generationsanstabac.org\/fr\/wp-json\/wp\/v2\/types\/actualites"}],"version-history":[{"count":2,"href":"https:\/\/www.generationsanstabac.org\/fr\/wp-json\/wp\/v2\/actualites\/23394\/revisions"}],"predecessor-version":[{"id":23613,"href":"https:\/\/www.generationsanstabac.org\/fr\/wp-json\/wp\/v2\/actualites\/23394\/revisions\/23613"}],"wp:featuredmedia":[{"embeddable":true,"href":"https:\/\/www.generationsanstabac.org\/fr\/wp-json\/wp\/v2\/media\/23397"}],"wp:attachment":[{"href":"https:\/\/www.generationsanstabac.org\/fr\/wp-json\/wp\/v2\/media?parent=23394"}],"wp:term":[{"taxonomy":"post_tag","embeddable":true,"href":"https:\/\/www.generationsanstabac.org\/fr\/wp-json\/wp\/v2\/tags?post=23394"},{"taxonomy":"thematique","embeddable":true,"href":"https:\/\/www.generationsanstabac.org\/fr\/wp-json\/wp\/v2\/thematique?post=23394"}],"curies":[{"name":"wp","href":"https:\/\/api.w.org\/{rel}","templated":true}]}}