{"id":23383,"date":"2025-02-14T16:05:07","date_gmt":"2025-02-14T15:05:07","guid":{"rendered":"https:\/\/www.generationsanstabac.org\/?post_type=actualites&#038;p=23383"},"modified":"2025-02-14T16:05:07","modified_gmt":"2025-02-14T15:05:07","slug":"interdiction-des-puffs-les-fabricants-ont-anticipe-et-contournent-deja-la-mesure","status":"publish","type":"actualites","link":"https:\/\/www.generationsanstabac.org\/fr\/actualites\/interdiction-des-puffs-les-fabricants-ont-anticipe-et-contournent-deja-la-mesure\/","title":{"rendered":"Interdiction des puffs : les fabricants ont anticip\u00e9 et contournent d\u00e9j\u00e0 la mesure"},"content":{"rendered":"<p style=\"text-align: justify\"><em>Deux ans apr\u00e8s la d\u00e9position de la proposition de loi, le Parlement fran\u00e7ais s\u2019est prononc\u00e9 en faveur d\u2019une interdiction des cigarettes \u00e9lectroniques jetables (puffs). Apr\u00e8s la Belgique, la France devient le deuxi\u00e8me pays europ\u00e9en \u00e0 voter l\u2019interdiction de ce dispositif. La d\u00e9cision, s\u2019inscrivant dans un objectif environnemental et sanitaire, a \u00e9t\u00e9 salu\u00e9e par les acteurs de sant\u00e9 publique, qu\u2019il s\u2019agisse du Comit\u00e9 national contre le tabagisme ou de l\u2019Alliance contre le tabac. La disposition a toutefois \u00e9t\u00e9 anticip\u00e9e par les fabricants, qui ont su profiter du temps l\u00e9gislatif pour faire \u00e9voluer leurs produits. <\/em><\/p>\n<h2 style=\"text-align: justify\"><strong>Le principe d\u2019interdiction approuv\u00e9 par la Commission europ\u00e9enne<\/strong><\/h2>\n<p style=\"text-align: justify\">En mars 2024, le Parlement s\u2019\u00e9tait d\u00e9j\u00e0 prononc\u00e9 en faveur d\u2019une interdiction des cigarettes \u00e9lectroniques jetables. La Commission europ\u00e9enne avait ensuite \u00e9t\u00e9 saisie par Catherine Vautrin, ministre de la Sant\u00e9, avant de <a href=\"https:\/\/www.generationsanstabac.org\/fr\/actualites\/la-commission-europeenne-valide-linterdiction-des-puffs-en-france\/#:~:text=Ce%20mercredi%2025%20septembre%2C%20la,de%20lutte%20contre%20le%20tabagisme.\">donner son feu vert<\/a> \u00e0 une interdiction des puffs, consid\u00e9r\u00e9e comme \u00ab\u00a0justifi\u00e9e, n\u00e9cessaire et proportionn\u00e9e\u00a0\u00bb au regard des enjeux sanitaires. Toutefois, \u00e0 la suite de la notification de la Commission europ\u00e9enne, seules les cigarettes \u00e9lectroniques jetables ne pouvant \u00eatre recharg\u00e9es en liquide peuvent \u00eatre interdites. De ce fait, les puffs pouvant \u00eatre remplies en liquide mais non rechargeables en batterie sont exclues du champ d\u2019interdiction. Le d\u00e9put\u00e9 Michel Lauzzana, corapporteur de la proposition de loi, avait indiqu\u00e9 vouloir tenir compte de la notification europ\u00e9enne, pour ne \u00ab\u00a0pas perdre de temps\u00a0\u00bb, et esp\u00e9rer une interdiction d\u00e8s f\u00e9vrier 2025.<\/p>\n<h2 style=\"text-align: justify\"><strong>L\u2019ensemble des dispositifs n\u2019est pas couvert par l\u2019interdiction<\/strong><\/h2>\n<p style=\"text-align: justify\">En janvier 2024, la Commission mixte paritaire avait vot\u00e9 \u00e0 l\u2019unanimit\u00e9 la mise en conformit\u00e9 de la proposition de loi avec les exigences europ\u00e9ennes. D\u00e9sormais vot\u00e9 par le Parlement fran\u00e7ais, le nouveau texte comporte deux modifications principales par rapport \u00e0 la version de 2024\u00a0: la premi\u00e8re supprime l\u2019interdiction de fabrication\u00a0des cigarettes \u00e9lectroniques jetables, tandis que la seconde supprime l\u2019interdiction des dispositifs non rechargeables, mais qui peuvent \u00eatre remplis en liquide. Aucun texte r\u00e9glementaire n\u2019\u00e9tant attendu et le d\u00e9lai de six mois ayant \u00e9t\u00e9 supprim\u00e9 par les parlementaires, l\u2019interdiction pourra \u00eatre effective le lendemain de la publication du texte dans le Journal Officiel<a href=\"#_ftn1\" name=\"_ftnref1\">[1]<\/a>.<\/p>\n<h2 style=\"text-align: justify\"><strong>De nouveaux produits sont d\u00e9j\u00e0 en dehors du champ de l\u2019interdiction<\/strong><\/h2>\n<p style=\"text-align: justify\">Deux ans de d\u00e9bats l\u00e9gislatifs ont permis aux fabricants d\u2019anticiper la mesure et de d\u00e9velopper de nouvelles gammes de produits. En effet, depuis plusieurs mois, des cigarettes \u00e9lectroniques pouvant \u00eatre recharg\u00e9es en liquide un nombre limit\u00e9 de fois, sont apparues sur le march\u00e9. Ainsi, bien que la batterie de ces produits puisse \u00eatre recharg\u00e9e jusqu\u2019\u00e0 300 fois, leur capacit\u00e9 limit\u00e9e \u00e0 \u00eatre remplies en liquide en fait des dispositifs jetables, mais non concern\u00e9s par l\u2019interdiction. Le Comit\u00e9 national contre le tabagisme indique dans son barom\u00e8tre que ces nouveaux produits font l\u2019objet d\u2019une forte promotion, notamment dans le r\u00e9seau des buralistes<a href=\"#_ftn2\" name=\"_ftnref2\">[2]<\/a>.<\/p>\n<p>&nbsp;<\/p>\n<p style=\"text-align: justify\"><a href=\"#_ftnref1\" name=\"_ftn1\"><\/a><\/p>\n<p><strong style=\"text-align: justify\"><a href=\"https:\/\/www.generationsanstabac.org\/\">\u00a9G\u00e9n\u00e9ration Sans Tabac<\/a><\/strong><\/p>\n<p style=\"text-align: right\"><em><strong>FT<\/strong><\/em><\/p>\n<hr \/>\n<p style=\"text-align: justify\"><a href=\"#_ftnref1\" name=\"_ftn1\">[1]<\/a> Contexte Sant\u00e9, <a href=\"https:\/\/www.contexte.com\/actualite\/sante\/suppression-du-delai-de-six-mois-pour-linterdiction-des-puffs_216008.html?utm_source=briefing&amp;utm_medium=email&amp;utm_content=23493&amp;go-back-to-briefitem=218346\">Suppression du d\u00e9lai de six mois pour l\u2019interdiction des \u00ab\u00a0puffs\u00a0\u00bb<\/a>, 24\/01\/2025, (consult\u00e9 le 14\/02\/2025)<\/p>\n<p style=\"text-align: justify\"><a href=\"#_ftnref2\" name=\"_ftn2\">[2]<\/a> Comit\u00e9 national contre le tabagisme, <a href=\"https:\/\/cnct.fr\/actualites\/barometres-de-la-publicite-des-produits-du-tabac-et-de-la-nicotine-sur-les-lieux-de-vente\/\">Barom\u00e8tre de la publicit\u00e9 des nouveaux produits du tabac et de la nicotine sur les lieux de vente<\/a>, (consult\u00e9 le 14\/02\/2025)<\/p>\n<p style=\"text-align: justify\"><strong style=\"color: #999999\"><a style=\"color: #999999\" href=\"http:\/\/www.cnct.fr\/\" target=\"_blank\" rel=\"noopener noreferrer\">Comit\u00e9 national contre le tabagisme |<\/a><\/strong><\/p>\n<p style=\"text-align: justify\"><a href=\"#_ftnref1\" name=\"_ftn1\"><\/a><\/p>\n","protected":false},"excerpt":{"rendered":"<p>Depuis plusieurs mois, des cigarettes \u00e9lectroniques pouvant \u00eatre recharg\u00e9es en liquide un nombre limit\u00e9 de fois, sont apparues sur le march\u00e9. Ainsi, bien que la batterie de ces produits puisse \u00eatre recharg\u00e9e jusqu\u2019\u00e0 300 fois, leur capacit\u00e9 limit\u00e9e \u00e0 \u00eatre remplies en liquide en fait des dispositifs jetables, mais non concern\u00e9s par l\u2019interdiction.<\/p>\n","protected":false},"featured_media":23385,"template":"","tags":[],"thematique":[516,491],"class_list":["post-23383","actualites","type-actualites","status-publish","has-post-thumbnail","hentry","thematique-nouveaux-produits","thematique-politiques-publiques"],"acf":[],"_links":{"self":[{"href":"https:\/\/www.generationsanstabac.org\/fr\/wp-json\/wp\/v2\/actualites\/23383","targetHints":{"allow":["GET"]}}],"collection":[{"href":"https:\/\/www.generationsanstabac.org\/fr\/wp-json\/wp\/v2\/actualites"}],"about":[{"href":"https:\/\/www.generationsanstabac.org\/fr\/wp-json\/wp\/v2\/types\/actualites"}],"version-history":[{"count":0,"href":"https:\/\/www.generationsanstabac.org\/fr\/wp-json\/wp\/v2\/actualites\/23383\/revisions"}],"wp:featuredmedia":[{"embeddable":true,"href":"https:\/\/www.generationsanstabac.org\/fr\/wp-json\/wp\/v2\/media\/23385"}],"wp:attachment":[{"href":"https:\/\/www.generationsanstabac.org\/fr\/wp-json\/wp\/v2\/media?parent=23383"}],"wp:term":[{"taxonomy":"post_tag","embeddable":true,"href":"https:\/\/www.generationsanstabac.org\/fr\/wp-json\/wp\/v2\/tags?post=23383"},{"taxonomy":"thematique","embeddable":true,"href":"https:\/\/www.generationsanstabac.org\/fr\/wp-json\/wp\/v2\/thematique?post=23383"}],"curies":[{"name":"wp","href":"https:\/\/api.w.org\/{rel}","templated":true}]}}