{"id":23364,"date":"2025-02-12T08:00:16","date_gmt":"2025-02-12T07:00:16","guid":{"rendered":"https:\/\/www.generationsanstabac.org\/?post_type=actualites&#038;p=23364"},"modified":"2025-02-10T15:49:22","modified_gmt":"2025-02-10T14:49:22","slug":"le-danemark-renforce-la-reglementation-sur-le-tabac-et-la-nicotine","status":"publish","type":"actualites","link":"https:\/\/www.generationsanstabac.org\/fr\/actualites\/le-danemark-renforce-la-reglementation-sur-le-tabac-et-la-nicotine\/","title":{"rendered":"Le Danemark renforce la r\u00e9glementation sur le tabac et la nicotine"},"content":{"rendered":"<p style=\"text-align: justify\"><em>En novembre 2023, le gouvernement danois, compos\u00e9 des Sociaux-d\u00e9mocrates, de l\u2019Alliance lib\u00e9rale et des Mod\u00e9r\u00e9s, a conclu un accord avec l\u2019Alliance de la gauche verte, le parti Populaire conservateur et l\u2019Alternative, sur un plan de r\u00e9duction de la consommation de tabac et de nicotine. L\u2019arsenal de mesures, compos\u00e9 de trente dispositions, vient d\u2019\u00eatre adopt\u00e9 par le Parlement danois. <\/em><\/p>\n<h2 style=\"text-align: justify\"><strong>Un retard sur les politiques fiscales sur le tabac<\/strong><\/h2>\n<p style=\"text-align: justify\">Les pouvoirs publics danois ont mis en place une augmentation des taxes sur les nouveaux produits de la nicotine et du tabac sans fum\u00e9e, entra\u00eenant une stagnation de la consommation, apr\u00e8s une augmentation continue de celle-ci pendant plusieurs ann\u00e9es cons\u00e9cutives. Les politiques fiscales sur les produits du tabac traditionnel dans le pays sont toutefois jug\u00e9es insuffisantes pour les acteurs de sant\u00e9 publique. En effet,\u00a0alors que le Danemark est le deuxi\u00e8me pays de l\u2019Union europ\u00e9enne en mati\u00e8re de revenus par habitants, le prix d\u2019un paquet de cigarettes s\u2019\u00e9l\u00e8ve \u00e0 seulement huit euros, contre 12 euros en France, 14 en Norv\u00e8ge et plus de 15 en Irlande.<\/p>\n<h2 style=\"text-align: justify\"><strong>Un renforcement des contr\u00f4les et des sanctions pour prot\u00e9ger les mineurs<\/strong><\/h2>\n<p style=\"text-align: justify\">Le Danemark, qui a interdit la vente d\u2019ar\u00f4mes pour les cigarettes \u00e9lectroniques, \u00e0 l\u2019exception de la saveur menthol\u00e9e et tabac, a d\u00e9cid\u00e9 de renforcer sa r\u00e9glementation, en contraignant les plateformes en ligne de syst\u00e9matiser la v\u00e9rification de l\u2019\u00e2ge, dans l\u2019optique de r\u00e9duire l\u2019accessibilit\u00e9 de ces produits aux mineurs. L\u2019Autorit\u00e9 danoise peut \u00e9galement avoir recours \u00e0 des profils fictifs pour rechercher des vendeurs ou des annonces commercialisant des produits ill\u00e9gaux sur les r\u00e9seaux sociaux, et contraindre les plateformes de fermer des profils ou de supprimer des contenus ill\u00e9gaux. Par ailleurs, l\u2019Autorit\u00e9 danoise des technologies de s\u00e9curit\u00e9 peut d\u00e9sormais recourir \u00e0 des enqu\u00eates client-myst\u00e8re dans les commerces soup\u00e7onn\u00e9s de vendre des produits du tabac et de la nicotine \u00e0 des mineurs. En parall\u00e8le du renforcement des contr\u00f4les, les pouvoirs publics danois pr\u00e9voient un alourdissement des sanctions \u00e0 l\u2019encontre des commer\u00e7ants vendant des produits du tabac et de la nicotine \u00e0 des mineurs. Ainsi, les d\u00e9taillants en infraction s\u2019exposent d\u00e9sormais \u00e0 une amende minimale de 6700 euros, et \u00e0 une suspension temporaire de leur licence leur permettant de vendre des produits du tabac ou de la nicotine. En France, les sanctions pr\u00e9vues pour les buralistes vendant du tabac \u00e0 des mineurs sont consid\u00e9rablement plus faibles (entre 135 et 750 euros), pouvant en partie expliquer la persistance de l\u2019accessibilit\u00e9 du tabac aupr\u00e8s de cette population.<\/p>\n<h2 style=\"text-align: justify\"><strong>Le lobbying absent des mesures danoises<\/strong><\/h2>\n<p style=\"text-align: justify\">Si ces diff\u00e9rentes mesures sont jug\u00e9es satisfaisantes pour les experts danois de la sant\u00e9 publique, ces derniers alertent toutefois qu\u2019aucune disposition n\u2019est pr\u00e9vue concernant les fabricants eux-m\u00eames. En particulier, alors que le Danemark, en ayant ratifi\u00e9 la Convention-cadre de l\u2019OMS pour la lutte anti-tabac, s\u2019engage \u00e0 garantir l\u2019ind\u00e9pendance des pouvoirs publics de l\u2019influence de l\u2019industrie du tabac, Charlotta Pisinger, professeur de pr\u00e9vention du tabac et de la nicotine \u00e0 l&rsquo;Universit\u00e9 de Syddansk, rappelle que les fabricants de tabac sont r\u00e9guli\u00e8rement invit\u00e9s au Parlement pour pr\u00e9senter les nouveaux produits de la nicotine. Ces interactions, consid\u00e9r\u00e9es comme n\u2019appartenant pas au champ du \u00ab\u00a0strict n\u00e9cessaire\u00a0\u00bb, ne sont pas r\u00e9alis\u00e9es en toute transparence, comme le pr\u00e9voient les directives d\u2019application de l\u2019article 5.3 de la CCLAT.<\/p>\n<p><strong style=\"text-align: justify\"><a href=\"https:\/\/www.generationsanstabac.org\/\">\u00a9G\u00e9n\u00e9ration Sans Tabac<\/a><\/strong><\/p>\n<p style=\"text-align: right\"><em><strong>FT<\/strong><\/em><\/p>\n<hr \/>\n<p style=\"text-align: justify\"><strong style=\"color: #999999\"><a style=\"color: #999999\" href=\"http:\/\/www.cnct.fr\/\" target=\"_blank\" rel=\"noopener noreferrer\">Comit\u00e9 national contre le tabagisme |<\/a><\/strong><\/p>\n","protected":false},"excerpt":{"rendered":"<p>Le Danemark, qui a interdit la vente d\u2019ar\u00f4mes pour les cigarettes \u00e9lectroniques, \u00e0 l\u2019exception de la saveur menthol\u00e9e et tabac, a d\u00e9cid\u00e9 de renforcer sa r\u00e9glementation, en contraignant les plateformes en ligne de syst\u00e9matiser la v\u00e9rification de l\u2019\u00e2ge, dans l\u2019optique de r\u00e9duire l\u2019accessibilit\u00e9 de ces produits aux mineurs.<\/p>\n","protected":false},"featured_media":23367,"template":"","tags":[],"thematique":[491],"class_list":["post-23364","actualites","type-actualites","status-publish","has-post-thumbnail","hentry","thematique-politiques-publiques"],"acf":[],"_links":{"self":[{"href":"https:\/\/www.generationsanstabac.org\/fr\/wp-json\/wp\/v2\/actualites\/23364","targetHints":{"allow":["GET"]}}],"collection":[{"href":"https:\/\/www.generationsanstabac.org\/fr\/wp-json\/wp\/v2\/actualites"}],"about":[{"href":"https:\/\/www.generationsanstabac.org\/fr\/wp-json\/wp\/v2\/types\/actualites"}],"version-history":[{"count":1,"href":"https:\/\/www.generationsanstabac.org\/fr\/wp-json\/wp\/v2\/actualites\/23364\/revisions"}],"predecessor-version":[{"id":23381,"href":"https:\/\/www.generationsanstabac.org\/fr\/wp-json\/wp\/v2\/actualites\/23364\/revisions\/23381"}],"wp:featuredmedia":[{"embeddable":true,"href":"https:\/\/www.generationsanstabac.org\/fr\/wp-json\/wp\/v2\/media\/23367"}],"wp:attachment":[{"href":"https:\/\/www.generationsanstabac.org\/fr\/wp-json\/wp\/v2\/media?parent=23364"}],"wp:term":[{"taxonomy":"post_tag","embeddable":true,"href":"https:\/\/www.generationsanstabac.org\/fr\/wp-json\/wp\/v2\/tags?post=23364"},{"taxonomy":"thematique","embeddable":true,"href":"https:\/\/www.generationsanstabac.org\/fr\/wp-json\/wp\/v2\/thematique?post=23364"}],"curies":[{"name":"wp","href":"https:\/\/api.w.org\/{rel}","templated":true}]}}