{"id":23354,"date":"2025-02-10T15:23:20","date_gmt":"2025-02-10T14:23:20","guid":{"rendered":"https:\/\/www.generationsanstabac.org\/?post_type=actualites&#038;p=23354"},"modified":"2025-02-10T15:23:20","modified_gmt":"2025-02-10T14:23:20","slug":"70-des-francais-favorables-a-larret-progressif-de-la-vente-de-tabac-aux-nouvelles-generations","status":"publish","type":"actualites","link":"https:\/\/www.generationsanstabac.org\/fr\/actualites\/70-des-francais-favorables-a-larret-progressif-de-la-vente-de-tabac-aux-nouvelles-generations\/","title":{"rendered":"70% des Fran\u00e7ais favorables \u00e0 l\u2019arr\u00eat progressif de la vente de tabac aux nouvelles g\u00e9n\u00e9rations"},"content":{"rendered":"<p style=\"text-align: justify\"><em>Dans son dernier indicateur, l\u2019Alliance contre le tabac s\u2019int\u00e9resse \u00e0 la perception des Fran\u00e7ais \u00e0 l\u2019\u00e9gard des produits du tabac et de la nicotine. Les r\u00e9sultats montrent un fort soutien aux politiques anti-tabac, voire \u00e0 leur renforcement, notamment par l\u2019arr\u00eat progressif de la vente de tabac aux nouvelles g\u00e9n\u00e9rations.<\/em><\/p>\n<p style=\"text-align: justify\">L\u2019enqu\u00eate a \u00e9t\u00e9 r\u00e9alis\u00e9e en ligne pour l\u2019Alliance contre le tabac en novembre 2024 par l\u2019institut de sondage BVA, aupr\u00e8s d\u2019un \u00e9chantillon national repr\u00e9sentatif de 1000 personnes \u00e2g\u00e9es de 15 ans et plus, r\u00e9sidant en France m\u00e9tropolitaine<a href=\"#_ftn1\" name=\"_ftnref1\">[1]<\/a>.<\/p>\n<p style=\"text-align: justify\"><strong>Une perception majoritairement n\u00e9gative du tabac, m\u00eame chez les fumeurs<\/strong><\/p>\n<p style=\"text-align: justify\">Selon l\u2019enqu\u00eate, 78% des Fran\u00e7ais rapportent avoir une opinion n\u00e9gative de la consommation de tabac. Aupr\u00e8s des non-fumeurs, cette proportion atteint 91%, tandis que l\u2019opinion n\u00e9gative reste majoritaire aupr\u00e8s des fumeurs eux-m\u00eames (53%). Par ailleurs, 18% des r\u00e9pondants estimant que la consommation de produits du tabac n\u2019est ni positive, ni n\u00e9gative, il en r\u00e9sulte que seulement 4% des personnes interrog\u00e9es indiquent avoir une opinion positive du tabagisme (12% chez les fumeurs). Selon l\u2019Alliance contre le tabac, environ deux tiers des r\u00e9pondants consid\u00e8rent que l\u2019utilisation de cigarettes \u00e9lectroniques est \u00ab\u00a0plus sympa\u00a0\u00bb que celle de cigarettes. Sur ce point, l\u2019\u00e2ge, la situation sociale et le statut tabagique des r\u00e9pondants semblent \u00eatre d\u00e9terminants. En effet, 73% des 15-24 ans indiquent pr\u00e9f\u00e9rer la cigarette \u00e9lectronique \u00e0 la cigarette traditionnelle, 69% aupr\u00e8s des CSP+, et 80% des personnes n\u2019ayant jamais fum\u00e9.<\/p>\n<h2 style=\"text-align: justify\"><strong>Les nouveaux produits de la nicotine per\u00e7us nocifs pour la majorit\u00e9 des r\u00e9pondants<\/strong><\/h2>\n<p style=\"text-align: justify\">L\u2019\u00e9tude montre que les nouveaux produits de la nicotine sont largement consid\u00e9r\u00e9s comme nocifs pour la sant\u00e9. Les cigarettes \u00e9lectroniques sont toutefois l\u00e9g\u00e8rement moins per\u00e7ues comme dangereuses par le grand public, qu\u2019il s\u2019agisse des dispositifs traditionnels (78%), ou des puffs (85%). Environ neuf Fran\u00e7ais sur dix consid\u00e8rent que les billes ou perles de nicotine (89%) et les sachets de nicotine (90%) sont dangereux pour la sant\u00e9. La r\u00e9cente \u00e9tude men\u00e9e conjointement par le Comit\u00e9 national contre le tabagisme et l\u2019Institut national de la consommation \u2013 60 millions de consommateurs, sur la pr\u00e9sence de m\u00e9taux lourds, d\u2019arsenic et d\u2019\u00e9dulcorants sucrants dans les sachets de nicotine pourrait renforcer la perception du caract\u00e8re nocif de ces produits.<\/p>\n<h2 style=\"text-align: justify\"><strong>Un soutien de la population \u00e0 l\u2019\u00e9gard des politiques anti-tabac<\/strong><\/h2>\n<p style=\"text-align: justify\">Les r\u00e9sultats de l\u2019enqu\u00eate semblent documenter un soutien g\u00e9n\u00e9ral de la population aux politiques de lutte contre le tabagisme mises en place, voire \u00e0 un renforcement de la r\u00e9glementation. Ainsi, 36% des r\u00e9pondants affirment vouloir conserver le nombre actuel de mesures anti-tabac, et pr\u00e8s de la moiti\u00e9 souhaitent que ces derni\u00e8res soient renforc\u00e9es (49%). Ainsi, seuls 15% des r\u00e9pondants rapportent vouloir une diminution du nombre de mesures anti-tabac. Un all\u00e9gement des r\u00e9glementations de sant\u00e9 publique est par ailleurs minoritaire aupr\u00e8s des fumeurs, qui sont un tiers \u00e0 indiquer vouloir r\u00e9duire le nombre de mesures anti-tabac (33%). Toutefois, 28% d\u2019entre eux seulement se d\u00e9clarent favorables \u00e0 un renforcement de la r\u00e9glementation, indiquant que les fumeurs tendent davantage \u00e0 pr\u00e9f\u00e9rer un <em>statu quo<\/em>. Ces donn\u00e9es sont toutefois int\u00e9ressantes, puisqu\u2019elles permettent de montrer que les diff\u00e9rentes r\u00e9glementations de lutte contre le tabagisme sont normalis\u00e9es et accept\u00e9es par la grande majorit\u00e9 des fumeurs.<\/p>\n<h2 style=\"text-align: justify\"><strong>Un arr\u00eat progressif de la vente de tabac aux futures g\u00e9n\u00e9rations soutenu par ces derni\u00e8res<\/strong><\/h2>\n<p style=\"text-align: justify\">La perspective d\u2019une g\u00e9n\u00e9ration sans tabac est massivement soutenue par l\u2019opinion publique, puisque 70% des r\u00e9pondants se d\u00e9clarent favorables \u00e0 une interdiction progressive de la vente de tabac, par exemple par l\u2019augmentation progressive de l\u2019\u00e2ge l\u00e9gal. Bien que moindre, l\u2019adh\u00e9sion des fumeurs \u00e0 une telle mesure, adopt\u00e9e au Royaume-Uni, reste toutefois majoritaire (52%). Surtout, l\u2019interdiction progressive de vente est tr\u00e8s fortement soutenue par les plus jeunes (79% des 15-24 ans). Les r\u00e9sultats de l\u2019enqu\u00eate t\u00e9moignent en revanche d\u2019un certain scepticisme de l\u2019opinion publique \u00e0 l\u2019\u00e9gard des hausses de taxes sur le tabac, qui sont seulement 52% \u00e0 consid\u00e9rer cette mesure comme un outil efficace de r\u00e9duction du tabagisme, alors que l\u2019impact majeur de cette disposition dans la diminution de la pr\u00e9valence est aujourd\u2019hui largement document\u00e9 par la litt\u00e9rature scientifique.<\/p>\n<h2 style=\"text-align: justify\"><strong>Une image contrast\u00e9e du secteur tabac<\/strong><\/h2>\n<p style=\"text-align: justify\">Pr\u00e8s des trois-quarts des Fran\u00e7ais consid\u00e8rent que l\u2019activit\u00e9 de l\u2019industrie du tabac est irrespectueuse des droits humains. En revanche, les r\u00e9pondants affichent une perception plus ambivalente des d\u00e9bitants de tabac. En effet, une majorit\u00e9 d\u2019entre eux tend davantage \u00e0 consid\u00e9rer cette profession comme un commerce de proximit\u00e9 (53%) que comme des acteurs associ\u00e9s \u00e0 l\u2019industrie du tabac. Toutefois, deux tiers des Fran\u00e7ais jugent ill\u00e9gitimes les aides publiques accord\u00e9es aux buralistes. Enfin, deux tiers des personnes interrog\u00e9es se disent peu inform\u00e9es sur les pratiques d\u2019influence de l\u2019industrie du tabac, qu\u2019il s\u2019agisse des strat\u00e9gies de lobbying ou des strat\u00e9gies publicitaires au sens large (placements de produit, responsabilit\u00e9 sociale des entreprises, etc.).<\/p>\n<p><strong style=\"text-align: justify\"><a href=\"https:\/\/www.generationsanstabac.org\/\">\u00a9G\u00e9n\u00e9ration Sans Tabac<\/a><\/strong><\/p>\n<p style=\"text-align: right\"><em><strong>FT<\/strong><\/em><\/p>\n<hr \/>\n<p style=\"text-align: justify\"><a href=\"#_ftnref1\" name=\"_ftn1\">[1]<\/a> Alliance contre le tabac, <a href=\"https:\/\/alliancecontreletabac.org\/wp-content\/uploads\/2025\/02\/Rapport-ACT-Perception-des-produits-du-tabac-et-de-la-nicotine-par-les-FR-en-2024.pdf\">Perception des produits du tabac et de la nicotine par les Fran\u00e7ais en 2024<\/a>, 05\/02\/2025, (consult\u00e9 le 10\/02\/2025)<\/p>\n<p><strong style=\"color: #999999\"><a style=\"color: #999999\" href=\"http:\/\/www.cnct.fr\/\" target=\"_blank\" rel=\"noopener noreferrer\">Comit\u00e9 national contre le tabagisme |<\/a><\/strong><\/p>\n","protected":false},"excerpt":{"rendered":"<p>Ainsi, seuls 15% des r\u00e9pondants rapportent vouloir une diminution du nombre de mesures anti-tabac. Un all\u00e9gement des r\u00e9glementations de sant\u00e9 publique est par ailleurs minoritaire aupr\u00e8s des fumeurs, qui sont un tiers \u00e0 indiquer vouloir r\u00e9duire le nombre de mesures anti-tabac (33%). Toutefois, 28% d\u2019entre eux seulement se d\u00e9clarent favorables \u00e0 un renforcement de la r\u00e9glementation, indiquant que les fumeurs tendent davantage \u00e0 pr\u00e9f\u00e9rer un statu quo. Ces donn\u00e9es sont toutefois int\u00e9ressantes, puisqu\u2019elles permettent de montrer que les diff\u00e9rentes r\u00e9glementations de lutte contre le tabagisme sont normalis\u00e9es et accept\u00e9es par la grande majorit\u00e9 des fumeurs.<\/p>\n","protected":false},"featured_media":23357,"template":"","tags":[],"thematique":[474],"class_list":["post-23354","actualites","type-actualites","status-publish","has-post-thumbnail","hentry","thematique-sante"],"acf":[],"_links":{"self":[{"href":"https:\/\/www.generationsanstabac.org\/fr\/wp-json\/wp\/v2\/actualites\/23354","targetHints":{"allow":["GET"]}}],"collection":[{"href":"https:\/\/www.generationsanstabac.org\/fr\/wp-json\/wp\/v2\/actualites"}],"about":[{"href":"https:\/\/www.generationsanstabac.org\/fr\/wp-json\/wp\/v2\/types\/actualites"}],"version-history":[{"count":0,"href":"https:\/\/www.generationsanstabac.org\/fr\/wp-json\/wp\/v2\/actualites\/23354\/revisions"}],"wp:featuredmedia":[{"embeddable":true,"href":"https:\/\/www.generationsanstabac.org\/fr\/wp-json\/wp\/v2\/media\/23357"}],"wp:attachment":[{"href":"https:\/\/www.generationsanstabac.org\/fr\/wp-json\/wp\/v2\/media?parent=23354"}],"wp:term":[{"taxonomy":"post_tag","embeddable":true,"href":"https:\/\/www.generationsanstabac.org\/fr\/wp-json\/wp\/v2\/tags?post=23354"},{"taxonomy":"thematique","embeddable":true,"href":"https:\/\/www.generationsanstabac.org\/fr\/wp-json\/wp\/v2\/thematique?post=23354"}],"curies":[{"name":"wp","href":"https:\/\/api.w.org\/{rel}","templated":true}]}}