{"id":23342,"date":"2025-02-05T08:09:58","date_gmt":"2025-02-05T07:09:58","guid":{"rendered":"https:\/\/www.generationsanstabac.org\/?post_type=actualites&#038;p=23342"},"modified":"2025-02-04T15:13:26","modified_gmt":"2025-02-04T14:13:26","slug":"prix-du-tabac-les-buralistes-menent-loffensive-dans-les-medias","status":"publish","type":"actualites","link":"https:\/\/www.generationsanstabac.org\/fr\/actualites\/prix-du-tabac-les-buralistes-menent-loffensive-dans-les-medias\/","title":{"rendered":"Prix du tabac : les buralistes m\u00e8nent l\u2019offensive dans les m\u00e9dias"},"content":{"rendered":"<p style=\"text-align: justify\">En France, les buralistes se mobilisent pour protester contre la hausse des prix du tabac, arguant l\u2019inefficacit\u00e9 des politiques fiscales en sant\u00e9 publique, leur r\u00f4le dans l\u2019augmentation des march\u00e9s parall\u00e8les, et la d\u00e9gradation des conditions \u00e9conomiques du r\u00e9seau des buralistes. De telles affirmations ne r\u00e9sistent toutefois pas \u00e0 l\u2019examen des faits et des donn\u00e9es scientifiques.<\/p>\n<h2 style=\"text-align: justify\"><strong>Les augmentations de taxes n\u2019ont pas entra\u00een\u00e9 d\u2019explosion des march\u00e9s parall\u00e8les<\/strong><\/h2>\n<p style=\"text-align: justify\">Lundi 3 f\u00e9vrier, une quarantaine de f\u00e9d\u00e9rations de buralistes ont appel\u00e9 \u00e0 la mobilisation pour protester contre la hausse des prix du tabac, pr\u00e9sent\u00e9e comme \u00e9tant un facteur d\u2019augmentation du commerce illicite. Ainsi, dans ses d\u00e9clarations publiques, le pr\u00e9sident la Conf\u00e9d\u00e9ration des buralistes reprend \u00e0 son compte les \u00e9tudes financ\u00e9es par les cigarettiers, estimant les march\u00e9s parall\u00e8les entre 30% et 40% de la consommation nationale. Pourtant, les \u00e9tudes ind\u00e9pendantes consacr\u00e9es \u00e0 l\u2019\u00e9valuation des achats hors-r\u00e9seau estiment que ces derniers sont bien en de\u00e7\u00e0 des estimations de l\u2019industrie. Ainsi, l\u2019enqu\u00eate men\u00e9e par Sant\u00e9 publique France indique que les achats de tabac r\u00e9alis\u00e9s dans le r\u00e9seau des buralistes repr\u00e9sentent environ 80% de la consommation nationale fran\u00e7aise, depuis au moins 2014, en d\u00e9pit des politiques fiscales men\u00e9es depuis lors. Par ailleurs, \u00e0 rebours du discours de l\u2019industrie du tabac et des buralistes, les donn\u00e9es de Sant\u00e9 publique France montrent que les achats hors-r\u00e9seaux sont essentiellement l\u00e9gaux (achats transfrontaliers, <em>duty free<\/em>, achats \u00e0 l\u2019\u00e9tranger), tandis que le commerce ill\u00e9gal repr\u00e9sente une fraction marginale de l\u2019ensemble des achats (moins de 1%).<\/p>\n<h2 style=\"text-align: justify\"><strong>Le prix, un des leviers les plus efficaces pour r\u00e9duire la consommation de tabac<\/strong><\/h2>\n<p style=\"text-align: justify\">La surestimation d\u00e9lib\u00e9r\u00e9e des achats hors-r\u00e9seau, et particuli\u00e8rement du commerce illicite, est une strat\u00e9gie de lobbying mobilis\u00e9e depuis plus de deux d\u00e9cennies par l\u2019industrie du tabac, en France comme ailleurs, pour dissuader les pouvoirs publics de mettre en place des politiques fiscales dissuasives. Un tel discours permet au secteur \u00e9conomique de contester l\u2019efficacit\u00e9 des politiques de sant\u00e9 publique, en arguant que ces derni\u00e8res, loin de permettre une baisse de la consommation, incitent simplement les fumeurs \u00e0 se tourner vers le march\u00e9 illicite. Toutefois, l\u2019efficacit\u00e9 des hausses de taxes sur l\u2019ensemble des produits du tabac, lorsque ces derni\u00e8res sont r\u00e9guli\u00e8res et significatives, font l\u2019objet d\u2019un consensus scientifique bien \u00e9tabli. S\u2019appuyant sur une large couverture m\u00e9diatique, certains buralistes r\u00e9clament ainsi un moratoire fiscal pour l\u2019ensemble des produits du tabac, voire une diminution des taxes. Fr\u00e9d\u00e9ric Pailh\u00e9, pr\u00e9sident de la f\u00e9d\u00e9ration des buralistes d\u2019Occitanie, invite par ailleurs les gouvernements \u00e0 revoir les politiques de sant\u00e9 publique\u00a0: \u00ab\u00a0<em>faire de la pr\u00e9vention, de la sensibilisation sur la nocivit\u00e9 du produit, oui. Mais il faut arr\u00eater d&rsquo;augmenter les prix\u00a0\u00bb. <\/em>En r\u00e9alit\u00e9, circonscrire les politiques de sant\u00e9 publique \u00e0 des mesures de pr\u00e9vention et de sensibilisation est une demande r\u00e9guli\u00e8re de l\u2019industrie du tabac, pr\u00e9cis\u00e9ment en raison de l\u2019incapacit\u00e9 de cette seule strat\u00e9gie \u00e0 faire reculer la consommation.<\/p>\n<h2 style=\"text-align: justify\"><strong>Les buralistes, une profession en tr\u00e8s bonne sant\u00e9<\/strong><\/h2>\n<p style=\"text-align: justify\">Dans de nombreux m\u00e9dias, notamment locaux, les buralistes d\u00e9plorent la d\u00e9gradation de la sant\u00e9 \u00e9conomique des d\u00e9bitants de tabac. Ainsi, sur France 3, Thierry Moreno, pr\u00e9sident de la conf\u00e9d\u00e9ration des buralistes du Bas-Rhin, estime que \u00ab\u00a0chaque hausse des prix du tabac est un coup de poignard\u00a0\u00bb, insistant sur l\u2019absence de consid\u00e9ration des pouvoirs publics \u00e0 l\u2019\u00e9gard de cette profession\u00a0: \u00ab\u00a0si nous \u00e9tions une entreprise type PME, tout le monde pr\u00eaterait attention \u00e0 nous, mais nous sommes des ind\u00e9pendants\u00a0:\u00a0tout le monde s\u2019en fout\u00a0\u00bb. De telles d\u00e9clarations sont toutefois sans rapport avec la r\u00e9alit\u00e9. Ainsi, selon les propres donn\u00e9es de l\u2019INSEE, le chiffre d\u2019affaires des buralistes sur la vente de produits du tabac a augment\u00e9 de 100%, pr\u00e9cis\u00e9ment en raison de l\u2019augmentation de leurs prix de vente. En effet, la r\u00e9mun\u00e9ration des buralistes \u00e9tant proportionnelle au prix de vente au d\u00e9tail du tabac, plus celui-ci augmente, plus les buralistes sont r\u00e9mun\u00e9r\u00e9s. En parall\u00e8le, les buralistes font l\u2019objet d\u2019un soutien financier massif de la part des pouvoirs publics, estim\u00e9 \u00e0 4,4 milliards d\u2019euros depuis vingt ans.<\/p>\n<p><strong style=\"text-align: justify\"><a href=\"https:\/\/www.generationsanstabac.org\/\">\u00a9G\u00e9n\u00e9ration Sans Tabac<\/a><\/strong><\/p>\n<p style=\"text-align: right\"><em><strong>FT<\/strong><\/em><\/p>\n<hr \/>\n<p style=\"text-align: justify\"><a href=\"#_ftnref1\" name=\"_ftn1\"><\/a><strong style=\"color: #999999\"><a style=\"color: #999999\" href=\"http:\/\/www.cnct.fr\/\" target=\"_blank\" rel=\"noopener noreferrer\">Comit\u00e9 national contre le tabagisme |<\/a><\/strong><\/p>\n","protected":false},"excerpt":{"rendered":"<p>Selon les propres donn\u00e9es de l\u2019INSEE, le chiffre d\u2019affaires des buralistes sur la vente de produits du tabac a augment\u00e9 de 100%, pr\u00e9cis\u00e9ment en raison de l\u2019augmentation de leurs prix de vente. <\/p>\n","protected":false},"featured_media":23345,"template":"","tags":[],"thematique":[499,538,491],"class_list":["post-23342","actualites","type-actualites","status-publish","has-post-thumbnail","hentry","thematique-lobby","thematique-marches-paralleles","thematique-politiques-publiques"],"acf":[],"_links":{"self":[{"href":"https:\/\/www.generationsanstabac.org\/fr\/wp-json\/wp\/v2\/actualites\/23342","targetHints":{"allow":["GET"]}}],"collection":[{"href":"https:\/\/www.generationsanstabac.org\/fr\/wp-json\/wp\/v2\/actualites"}],"about":[{"href":"https:\/\/www.generationsanstabac.org\/fr\/wp-json\/wp\/v2\/types\/actualites"}],"version-history":[{"count":0,"href":"https:\/\/www.generationsanstabac.org\/fr\/wp-json\/wp\/v2\/actualites\/23342\/revisions"}],"wp:featuredmedia":[{"embeddable":true,"href":"https:\/\/www.generationsanstabac.org\/fr\/wp-json\/wp\/v2\/media\/23345"}],"wp:attachment":[{"href":"https:\/\/www.generationsanstabac.org\/fr\/wp-json\/wp\/v2\/media?parent=23342"}],"wp:term":[{"taxonomy":"post_tag","embeddable":true,"href":"https:\/\/www.generationsanstabac.org\/fr\/wp-json\/wp\/v2\/tags?post=23342"},{"taxonomy":"thematique","embeddable":true,"href":"https:\/\/www.generationsanstabac.org\/fr\/wp-json\/wp\/v2\/thematique?post=23342"}],"curies":[{"name":"wp","href":"https:\/\/api.w.org\/{rel}","templated":true}]}}