{"id":23298,"date":"2025-01-29T08:00:03","date_gmt":"2025-01-29T07:00:03","guid":{"rendered":"https:\/\/www.generationsanstabac.org\/?post_type=actualites&#038;p=23298"},"modified":"2025-01-28T14:08:09","modified_gmt":"2025-01-28T13:08:09","slug":"canada-les-groupes-de-sante-sinquietent-du-report-de-linterdiction-federale-des-aromes-pour-le-vapotage","status":"publish","type":"actualites","link":"https:\/\/www.generationsanstabac.org\/fr\/actualites\/canada-les-groupes-de-sante-sinquietent-du-report-de-linterdiction-federale-des-aromes-pour-le-vapotage\/","title":{"rendered":"Canada : Les groupes de sant\u00e9 s&rsquo;inqui\u00e8tent du report de l&rsquo;interdiction f\u00e9d\u00e9rale des ar\u00f4mes pour le vapotage"},"content":{"rendered":"<p style=\"text-align: justify\"><em>Les organisations de sant\u00e9 publique canadiennes expriment leur inqui\u00e9tude face \u00e0 l&rsquo;incertitude croissante qui entoure l&rsquo;interdiction des ar\u00f4mes pour les produits du vapotage au Canada. Bien que la ministre de la sant\u00e9 mentale et des toxicomanies, Ya&rsquo;ara Saks, ait assur\u00e9 \u00e0 l&rsquo;automne dernier que de telles restrictions \u00e9taient imminentes, des discussions r\u00e9centes sugg\u00e8rent le contraire.<\/em><\/p>\n<p style=\"text-align: justify\">Sant\u00e9 Canada \u00e9voque l\u2019interdiction des ar\u00f4mes pour les produits du vapotage depuis juin 2021. Le gouvernement f\u00e9d\u00e9ral a ensuite pass\u00e9 plus de trois ans \u00e0 mener des consultations et devait introduire cette r\u00e9glementation en juin 2024. Depuis, la ministre Saks a organis\u00e9 de nombreuses r\u00e9unions avec des repr\u00e9sentants de l&rsquo;industrie de la nicotine et du vapotage selon certaines organisations de sant\u00e9 qui en appellent \u00e0 sa d\u00e9mission.<\/p>\n<h2 style=\"text-align: justify\"><strong>Un calendrier parlementaire bouscul\u00e9 par les \u00e9lections au printemps<\/strong><\/h2>\n<p style=\"text-align: justify\">Cynthia Callard, directrice ex\u00e9cutive de Physicians for a Smoke-Free Canada, a indiqu\u00e9 qu&rsquo;apr\u00e8s une r\u00e9union avec un haut fonctionnaire du cabinet du ministre Saks mi-janvier, il est devenu \u00e9vident que l&rsquo;interdiction ne devrait pas se concr\u00e9tiser cette ann\u00e9e. <em>\u00ab Nous avons quitt\u00e9 la r\u00e9union avec la ferme conviction que l&rsquo;interdiction des ar\u00f4mes de vapotage n&rsquo;interviendrait pas cette ann\u00e9e \u00bb,<\/em> a d\u00e9clar\u00e9 Mme Callard<a href=\"#_ftn1\" name=\"_ftnref1\">[1]<\/a>.<\/p>\n<p style=\"text-align: justify\">Cette r\u00e9union s\u2019est tenue la semaine m\u00eame o\u00f9 les principaux m\u00e9decins de sant\u00e9 publique du Canada ont publi\u00e9 une d\u00e9claration commune dans laquelle ils r\u00e9it\u00e8rent leur appel au gouvernement f\u00e9d\u00e9ral pour qu&rsquo;il interdise les ar\u00f4mes pour les produits du vapotage, d\u00e9clarant <em>\u00ab\u00a0qu\u2019ils restent tr\u00e8s pr\u00e9occup\u00e9s par les taux \u00e9lev\u00e9s et de progression continue de consommation de produits du vapotage \u00e0 la nicotine chez les jeunes Canadiens \u00bb.<\/em><\/p>\n<p style=\"text-align: justify\">Les fonctionnaires f\u00e9d\u00e9raux ont invoqu\u00e9 des obstacles logistiques, notamment le calendrier parlementaire limit\u00e9 et la perspective imminente d&rsquo;une \u00e9lection au printemps, pour justifier le d\u00e9lai dans la mise en place de l\u2019interdiction. Ce retard a suscit\u00e9 des sp\u00e9culations sur les calculs politiques en jeu. \u00c0 l&rsquo;approche d&rsquo;une \u00e9ventuelle \u00e9lection, les critiques soutiennent que le gouvernement pourrait \u00eatre r\u00e9ticent \u00e0 faire avancer des r\u00e9glementations susceptibles de provoquer des r\u00e9actions n\u00e9gatives de la part de l&rsquo;industrie du vapotage.<\/p>\n<h2 style=\"text-align: justify\"><strong>Une interdiction f\u00e9d\u00e9rale n\u00e9cessaire pour qu\u2019elle soit efficace<\/strong><\/h2>\n<p style=\"text-align: justify\">Les groupes de sant\u00e9 ont toujours affirm\u00e9 que les produits de vapotage aromatis\u00e9s, souvent commercialis\u00e9s avec des ar\u00f4mes s\u00e9duisants constituent une porte d&rsquo;entr\u00e9e dans la d\u00e9pendance \u00e0 la nicotine chez les jeunes. Selon des donn\u00e9es r\u00e9centes de l&rsquo;Enqu\u00eate canadienne sur le tabac et la nicotine, pr\u00e8s d&rsquo;un adolescent sur cinq \u00e2g\u00e9 de 15 \u00e0 19 ans a d\u00e9clar\u00e9 avoir utilis\u00e9 des e-cigarettes au cours du mois pr\u00e9c\u00e9dent l\u2019enqu\u00eate, un r\u00e9sultat que les experts en sant\u00e9 associent directement \u00e0 l&rsquo;attrait des produits aromatis\u00e9s.<\/p>\n<p style=\"text-align: justify\">En l&rsquo;absence d&rsquo;action de la part du gouvernement f\u00e9d\u00e9ral, plusieurs provinces et territoires ont mis en place leur propre interdiction des ar\u00f4mes : Le Qu\u00e9bec, les Territoires du Nord-Ouest, le Nunavut, le Nouveau-Brunswick, l&rsquo;\u00cele-du-Prince-\u00c9douard et la Nouvelle-\u00c9cosse. Robert Strang, m\u00e9decin en chef de la Nouvelle-\u00c9cosse sp\u00e9cialiste des questions d\u2019hygi\u00e8ne, a d\u00e9clar\u00e9 qu&rsquo;il n&rsquo;y avait aucune raison de retarder davantage l&rsquo;interdiction des ar\u00f4mes \u00e0 l&rsquo;\u00e9chelle nationale. Selon lui, cette dimension f\u00e9d\u00e9rale de la mesure est essentielle pour que les r\u00e9glementations soient appliqu\u00e9es partout. \u00a0Une interdiction f\u00e9d\u00e9rale des saveurs permettrait de mettre fin au march\u00e9 interprovincial. De nombreux produits venant de l\u2019Ontario, o\u00f9 les saveurs sont autoris\u00e9es, sont en effet import\u00e9s librement au Qu\u00e9bec.<\/p>\n<p style=\"text-align: justify\">Au Qu\u00e9bec, des enqu\u00eates de terrain ont montr\u00e9 qu\u2019un an apr\u00e8s l\u2019entr\u00e9e en vigueur de la loi visant \u00e0 interdire la vente de produits de vapotage aromatis\u00e9s (\u00e0 l\u2019exception de l\u2019ar\u00f4me tabac), la r\u00e9glementation n\u2019est pas du tout appliqu\u00e9e. Les produits aromatis\u00e9s restent tr\u00e8s accessibles dans les lieux de vente et sur Internet, ce que d\u00e9plorent les associations en sant\u00e9 publique.\u00a0Certains d\u00e9taillants qu\u00e9b\u00e9cois ont modifi\u00e9 leur statut pour se d\u00e9clarer en tant qu\u2019\u00e9piceries. Cette transformation leur a permis de vendre des rehausseurs de saveur, con\u00e7us pour \u00eatre ajout\u00e9s aux e-liquides au go\u00fbt tabac.<\/p>\n<p style=\"text-align: justify\">Un rapport du Minist\u00e8re de la Sant\u00e9 et des Services sociaux (MSSS) publi\u00e9 fin 2024 avait montr\u00e9 que plus de 90 % des commerces inspect\u00e9s enfreignaient les lois en vigueur. Outre les d\u00e9taillants physiques hors-la-loi<a href=\"#_ftn2\" name=\"_ftnref2\">[2]<\/a>.<\/p>\n<p><strong style=\"text-align: justify\"><a href=\"https:\/\/www.generationsanstabac.org\/\">\u00a9G\u00e9n\u00e9ration Sans Tabac<\/a><\/strong><\/p>\n<p style=\"text-align: right\"><b><i>AE<\/i><\/b><\/p>\n<hr \/>\n<p style=\"text-align: justify\"><a href=\"#_ftnref1\" name=\"_ftn1\">[1]<\/a> Marina von Stackelberg<a href=\"https:\/\/www.cbc.ca\/news\/politics\/canada-vaping-flavour-ban-2025-medical-officers-of-health-1.7440718\">, Promised Canada-wide ban on vaping flavours increasingly unlikely, health groups warn<\/a>, CBC News, publi\u00e9 le 26 janvier 2025,\u00a0 consult\u00e9 le 28 janvier 2025<\/p>\n<p style=\"text-align: justify\"><a href=\"#_ftnref2\" name=\"_ftn2\">[2]<\/a> G\u00e9n\u00e9ration sans tabac, <a href=\"https:\/\/www.generationsanstabac.org\/fr\/actualites\/quebec-linterdiction-des-aromes-pour-le-vapotage-nest-pas-appliquee\/\">Qu\u00e9bec : l\u2019interdiction des ar\u00f4mes pour le vapotage n\u2019est pas appliqu\u00e9e,<\/a> publi\u00e9 le 5 novembre 2024, consult\u00e9 le 28 janvier 2025<\/p>\n<p><span style=\"color: #999999\"><strong><a style=\"color: #999999\" href=\"http:\/\/www.cnct.fr\/\" target=\"_blank\" rel=\"noopener noreferrer\">Comit\u00e9 national contre le tabagisme |<\/a><\/strong><\/span><\/p>\n","protected":false},"excerpt":{"rendered":"<p>Les organisations de sant\u00e9 publique canadiennes expriment leur inqui\u00e9tude face \u00e0 l&rsquo;incertitude croissante qui entoure l&rsquo;interdiction des ar\u00f4mes pour les produits du vapotage au Canada. Bien que la ministre de la sant\u00e9 mentale et des toxicomanies, Ya&rsquo;ara Saks, ait assur\u00e9 \u00e0 l&rsquo;automne dernier que de telles restrictions \u00e9taient imminentes, des discussions r\u00e9centes sugg\u00e8rent le contraire.<\/p>\n","protected":false},"featured_media":23301,"template":"","tags":[],"thematique":[491],"class_list":["post-23298","actualites","type-actualites","status-publish","has-post-thumbnail","hentry","thematique-politiques-publiques"],"acf":[],"_links":{"self":[{"href":"https:\/\/www.generationsanstabac.org\/fr\/wp-json\/wp\/v2\/actualites\/23298","targetHints":{"allow":["GET"]}}],"collection":[{"href":"https:\/\/www.generationsanstabac.org\/fr\/wp-json\/wp\/v2\/actualites"}],"about":[{"href":"https:\/\/www.generationsanstabac.org\/fr\/wp-json\/wp\/v2\/types\/actualites"}],"version-history":[{"count":0,"href":"https:\/\/www.generationsanstabac.org\/fr\/wp-json\/wp\/v2\/actualites\/23298\/revisions"}],"wp:featuredmedia":[{"embeddable":true,"href":"https:\/\/www.generationsanstabac.org\/fr\/wp-json\/wp\/v2\/media\/23301"}],"wp:attachment":[{"href":"https:\/\/www.generationsanstabac.org\/fr\/wp-json\/wp\/v2\/media?parent=23298"}],"wp:term":[{"taxonomy":"post_tag","embeddable":true,"href":"https:\/\/www.generationsanstabac.org\/fr\/wp-json\/wp\/v2\/tags?post=23298"},{"taxonomy":"thematique","embeddable":true,"href":"https:\/\/www.generationsanstabac.org\/fr\/wp-json\/wp\/v2\/thematique?post=23298"}],"curies":[{"name":"wp","href":"https:\/\/api.w.org\/{rel}","templated":true}]}}