{"id":23283,"date":"2025-01-27T08:05:43","date_gmt":"2025-01-27T07:05:43","guid":{"rendered":"https:\/\/www.generationsanstabac.org\/?post_type=actualites&#038;p=23283"},"modified":"2025-01-23T11:17:12","modified_gmt":"2025-01-23T10:17:12","slug":"irlande-le-ministre-de-la-sante-cherche-a-reduire-le-nombre-de-commerces-de-tabac-et-de-cigarettes-electroniques","status":"publish","type":"actualites","link":"https:\/\/www.generationsanstabac.org\/fr\/actualites\/irlande-le-ministre-de-la-sante-cherche-a-reduire-le-nombre-de-commerces-de-tabac-et-de-cigarettes-electroniques\/","title":{"rendered":"Irlande : le ministre de la Sant\u00e9 cherche \u00e0 r\u00e9duire le nombre de commerces de tabac et de cigarettes \u00e9lectroniques"},"content":{"rendered":"<p style=\"text-align: justify\"><em>En Irlande, les d\u00e9bitants de tabac et les commerces de produits du vapotage devront obtenir une licence et payer une redevance annuelle pour pouvoir exercer leur activit\u00e9. Cette mesure, annonc\u00e9e par le ministre de la Sant\u00e9, entrera en vigueur d\u00e8s f\u00e9vrier 2026, et s\u2019inscrit dans un objectif de r\u00e9duction de la consommation des produits du tabac et de la nicotine. <\/em><\/p>\n<p style=\"text-align: justify\">Actuellement, les commer\u00e7ants souhaitant vendre des produits du tabac doivent simplement s\u2019enregistrer aupr\u00e8s des pouvoirs publics et payer une taxe unique de cinquante euros. Pour les vendeurs d\u2019autres produits de la nicotine non m\u00e9dicale, aucune exigence de la sorte ne leur est impos\u00e9e<a href=\"#_ftn1\" name=\"_ftnref1\">[1]<\/a>.<\/p>\n<p style=\"text-align: justify\">A partir du 3 f\u00e9vrier 2026, ces commerces, pour pouvoir vendre des produits du tabac et de la nicotine, devront obtenir une licence aupr\u00e8s du syst\u00e8me de sant\u00e9 publique irlandais (Health Service Executive, HSE). Cette licence, valable pour une dur\u00e9e d\u2019une ann\u00e9e, constituera un co\u00fbt pour ces commer\u00e7ants, puisqu\u2019ils devront payer 1000 euros pour vendre des produits du tabac, et 800 euros pour des produits du vapotage. L\u2019objectif du ministre de la Sant\u00e9 est de r\u00e9duire le nombre de points de vente, l\u2019accessibilit\u00e9 des produits du tabac et de la nicotine, et, par cons\u00e9quent, de r\u00e9duire la pr\u00e9valence tabagique et nicotinique. Par ailleurs, ces licences ne pourront pas \u00eatre d\u00e9livr\u00e9es pour des commerces \u00e9ph\u00e9m\u00e8res ou nomades, \u00e9vitant notamment la vente de ces produits dans des \u00e9v\u00e9nements comme des festivals, tr\u00e8s fr\u00e9quent\u00e9s par les jeunes g\u00e9n\u00e9rations.<\/p>\n<h2 style=\"text-align: justify\"><strong>R\u00e9duire le nombre de points de vente, une mesure efficace<\/strong><\/h2>\n<p style=\"text-align: justify\">Le ministre de la Sant\u00e9 inscrit cette mesure dans l\u2019objectif gouvernemental d\u2019une Irlande sans tabac, lanc\u00e9 en 2016, et visant \u00e0 r\u00e9duire la pr\u00e9valence tabagique en dessous de la barre des 5% en 2025. A l\u2019heure actuelle, les niveaux constat\u00e9s de consommation sont bien au-del\u00e0 des pr\u00e9visions du programme, puisque la pr\u00e9valence tabagique s\u2019\u00e9tablit \u00e0 18% en Irlande. Toutefois, les politiques de sant\u00e9 publique irlandaises obtiennent de tr\u00e8s bons r\u00e9sultats aupr\u00e8s de la jeune g\u00e9n\u00e9ration, qui ne compte plus que 4% de fumeurs. La litt\u00e9rature scientifique a d\u00e9montr\u00e9 depuis plusieurs ann\u00e9es que la densit\u00e9 des commerces de produit du tabac au d\u00e9tail \u00e9tait syst\u00e9matiquement associ\u00e9e \u00e0 de mauvais r\u00e9sultats en mati\u00e8re de consommation tabagique<a href=\"#_ftn2\" name=\"_ftnref2\">[2]<\/a>. Plus pr\u00e9cis\u00e9ment, le niveau de densit\u00e9 des d\u00e9bits de tabac est positivement corr\u00e9l\u00e9 \u00e0 une consommation de tabac par les adolescents, qu\u2019il s\u2019agisse d\u2019initiation, d\u2019une consommation quotidienne ou occasionnelle. Par ailleurs, plus le maillage des d\u00e9bits de tabac est resserr\u00e9, plus les risques de rechute sont \u00e9lev\u00e9s aupr\u00e8s des personnes ayant amorc\u00e9 un sevrage tabagique. Surtout, diff\u00e9rentes \u00e9tudes soulignent l\u2019impact de la r\u00e9duction du nombre de d\u00e9taillants dans la consommation, et, plus largement, dans la d\u00e9normalisation tabagique.<\/p>\n<p style=\"text-align: justify\"><a href=\"#_ftnref1\" name=\"_ftn1\"><\/a><strong><a href=\"https:\/\/www.generationsanstabac.org\/\">\u00a9G\u00e9n\u00e9ration Sans Tabac<\/a><\/strong><\/p>\n<p style=\"text-align: right\"><b><i>FT<\/i><\/b><\/p>\n<hr \/>\n<p style=\"text-align: justify\"><a href=\"#_ftnref1\" name=\"_ftn1\">[1]<\/a> Irish Times, <a href=\"https:\/\/www.irishtimes.com\/health\/2025\/01\/20\/retailers-selling-tobacco-and-vaping-products-will-have-to-apply-and-pay-for-a-licence-from-next-year\/\">Retailers selling tobacco and vaping products will have to apply and pay for a licence from next year<\/a>, 20\/01\/2025, (consult\u00e9 le 21\/05\/2025)<\/p>\n<p style=\"text-align: justify\"><a href=\"#_ftnref2\" name=\"_ftn2\">[2]<\/a> Glasser AM, Roberts ME. Retailer density reduction approaches to tobacco control: A review. Health Place. 2021 Jan;67:102342. doi: 10.1016\/j.healthplace.2020.102342. Epub 2020 Apr 27. PMID: 33526207; PMCID: PMC7856310.<\/p>\n<p><span style=\"color: #999999\"><strong><a style=\"color: #999999\" href=\"http:\/\/www.cnct.fr\/\" target=\"_blank\" rel=\"noopener noreferrer\">Comit\u00e9 national contre le tabagisme |<\/a><\/strong><\/span><\/p>\n","protected":false},"excerpt":{"rendered":"<p>Le ministre de la Sant\u00e9 inscrit cette mesure dans l\u2019objectif gouvernemental d\u2019une Irlande sans tabac, lanc\u00e9 en 2016, et visant \u00e0 r\u00e9duire la pr\u00e9valence tabagique en dessous de la barre des 5% en 2025.<\/p>\n","protected":false},"featured_media":23286,"template":"","tags":[],"thematique":[516,491],"class_list":["post-23283","actualites","type-actualites","status-publish","has-post-thumbnail","hentry","thematique-nouveaux-produits","thematique-politiques-publiques"],"acf":[],"_links":{"self":[{"href":"https:\/\/www.generationsanstabac.org\/fr\/wp-json\/wp\/v2\/actualites\/23283","targetHints":{"allow":["GET"]}}],"collection":[{"href":"https:\/\/www.generationsanstabac.org\/fr\/wp-json\/wp\/v2\/actualites"}],"about":[{"href":"https:\/\/www.generationsanstabac.org\/fr\/wp-json\/wp\/v2\/types\/actualites"}],"version-history":[{"count":0,"href":"https:\/\/www.generationsanstabac.org\/fr\/wp-json\/wp\/v2\/actualites\/23283\/revisions"}],"wp:featuredmedia":[{"embeddable":true,"href":"https:\/\/www.generationsanstabac.org\/fr\/wp-json\/wp\/v2\/media\/23286"}],"wp:attachment":[{"href":"https:\/\/www.generationsanstabac.org\/fr\/wp-json\/wp\/v2\/media?parent=23283"}],"wp:term":[{"taxonomy":"post_tag","embeddable":true,"href":"https:\/\/www.generationsanstabac.org\/fr\/wp-json\/wp\/v2\/tags?post=23283"},{"taxonomy":"thematique","embeddable":true,"href":"https:\/\/www.generationsanstabac.org\/fr\/wp-json\/wp\/v2\/thematique?post=23283"}],"curies":[{"name":"wp","href":"https:\/\/api.w.org\/{rel}","templated":true}]}}