{"id":23269,"date":"2025-01-28T08:00:42","date_gmt":"2025-01-28T07:00:42","guid":{"rendered":"https:\/\/www.generationsanstabac.org\/?post_type=actualites&#038;p=23269"},"modified":"2025-01-23T14:55:02","modified_gmt":"2025-01-23T13:55:02","slug":"la-cote-divoire-interdit-de-fumer-et-vapoter-dans-lensemble-des-lieux-publics","status":"publish","type":"actualites","link":"https:\/\/www.generationsanstabac.org\/fr\/actualites\/la-cote-divoire-interdit-de-fumer-et-vapoter-dans-lensemble-des-lieux-publics\/","title":{"rendered":"La C\u00f4te d\u2019Ivoire interdit de fumer et vapoter dans l\u2019ensemble des lieux publics"},"content":{"rendered":"<p style=\"text-align: justify\"><em>Le gouvernement ivoirien a pris des mesures importantes pour r\u00e9duire la consommation de tabac et de produits du vapotage en \u00e9tendant les l\u00e9gislations existantes s\u2019appliquant aux produits du tabac traditionnels aux nouveaux produits tels que les e-cigarettes et les produits du tabac chauff\u00e9s. Ces r\u00e9glementations visent \u00e0 lutter contre les risques sanitaires associ\u00e9s \u00e0 la consommation de ces produits.<\/em><\/p>\n<p style=\"text-align: justify\">Le porte-parole du gouvernement ivoirien a annonc\u00e9 que le Conseil des ministres a adopt\u00e9 un d\u00e9cret pr\u00e9cisant les modalit\u00e9s d\u2019application, entre autres, de l\u2019interdiction de fumer dans les lieux publics et les transports en commun. Ce d\u00e9cret vise \u00e0 renforcer la protection des citoyens contre l\u2019exposition \u00e0 la fum\u00e9e de tabac, conform\u00e9ment \u00e0 la loi du 23 juillet 2019 sur la lutte antitabac en C\u00f4te d\u2019Ivoire<a href=\"#_ftn1\" name=\"_ftnref1\">[1]<\/a>.<\/p>\n<h2 style=\"text-align: justify\"><strong>Un ensemble de mesures coh\u00e9rent pour r\u00e9duire la consommation<\/strong><\/h2>\n<p style=\"text-align: justify\">Le gouvernement a interdit de fumer et de vapoter dans les espaces publics, notamment dans les transports publics, sur les lieux de travail, dans les \u00e9coles, dans les \u00e9tablissements de sant\u00e9 et dans les espaces ext\u00e9rieurs tels que les parcs et les stades. Cette interdiction vise \u00e0 r\u00e9duire l&rsquo;exposition au tabagisme passif et \u00e0 pr\u00e9server la sant\u00e9 publique. En outre, la vente de produits du tabac et de vapotage \u00e0 proximit\u00e9 des \u00e9coles et des h\u00f4pitaux a \u00e9t\u00e9 restreinte afin de cr\u00e9er une zone de protection autour de ces lieux.<\/p>\n<p style=\"text-align: justify\">D&rsquo;autres mesures comprennent l&rsquo;interdiction de toute forme de publicit\u00e9 pour le tabac et le vapotage, de parrainage et de rabais promotionnels. Les paquets de cigarettes doivent d\u00e9sormais comporter des avertissements sanitaires bien visibles, couvrant une grande partie de la surface. Les d\u00e9taillants doivent \u00e9galement obtenir des licences officielles pour vendre des produits du tabac, ce qui devrait permettre au gouvernement d&rsquo;exercer une plus grande surveillance et de garantir le respect des r\u00e9glementations. L&rsquo;inclusion des e-cigarettes et d&rsquo;autres nouveaux produits dans le champ d\u2019application de ces mesures refl\u00e8te les efforts du gouvernement ivoirien pour faire face aux \u00e9volutions du march\u00e9 et pr\u00e9venir la d\u00e9pendance \u00e0 la nicotine chez les jeunes.<\/p>\n<h2 style=\"text-align: justify\"><strong>La C\u00f4te d\u2019Ivoire, bon \u00e9l\u00e8ve de la lutte contre le tabagisme en Afrique <\/strong><\/h2>\n<p style=\"text-align: justify\">En novembre 2024, la C\u00f4te d&rsquo;Ivoire a franchi une \u00e9tape significative dans sa lutte contre le tabagisme en instaurant le paquet neutre pour les produits du tabac, devenant ainsi le deuxi\u00e8me pays africain, apr\u00e8s Maurice, \u00e0 adopter cette mesure<a href=\"#_ftn2\" name=\"_ftnref2\">[2]<\/a>. Cette r\u00e9glementation impose une uniformisation stricte des paquets de tabac, les rendant d\u00e9pourvus de toute publicit\u00e9 et affichant une couleur et une texture standardis\u00e9es. L&rsquo;objectif principal est de r\u00e9duire l&rsquo;attrait des produits du tabac, notamment chez les jeunes, et de renforcer l&rsquo;efficacit\u00e9 des avertissements sanitaires.<\/p>\n<p style=\"text-align: justify\">L\u2019organisation Campaign for Tobacco-Free Kids avait qualifi\u00e9 cette mesure de cruciale pour prot\u00e9ger la jeunesse africaine et esp\u00e8re que cela pourra servir de catalyseur pour des initiatives similaires dans le monde en particulier sur le continent africain.<\/p>\n<h2 style=\"text-align: justify\"><strong>Veiller \u00e0 bien faire respecter les interdictions<\/strong><\/h2>\n<p style=\"text-align: justify\">Le d\u00e9cret impose aux responsables de lieux publics, qu\u2019ils soient ferm\u00e9s ou en plein air, ainsi qu\u2019aux op\u00e9rateurs de transports publics, plusieurs obligations. Celles-ci incluent : l\u2019installation de panneaux visibles informant de l\u2019interdiction de fumer et de vapoter ; le retrait des cendriers des espaces concern\u00e9s ; la garantie du respect des interdictions de fumer et de vapoter ; ainsi que la mise en \u0153uvre de mesures visant \u00e0 dissuader le public de fumer, notamment en faisant appel, si n\u00e9cessaire, aux forces de l\u2019ordre ou aux autorit\u00e9s comp\u00e9tentes pour en assurer l\u2019application. Les contrevenants, qu&rsquo;il s&rsquo;agisse de particuliers ou d&rsquo;entreprises, s&rsquo;exposent \u00e0 des amendes ou \u00e0 des poursuites judiciaires. La r\u00e9glementation s&rsquo;applique uniform\u00e9ment dans tout le pays et des campagnes de sensibilisation sont \u00e9galement lanc\u00e9es pour informer les citoyens sur les nouvelles lois et sur les cons\u00e9quences pour la sant\u00e9 du tabac et des produits de vapotage.<\/p>\n<p style=\"text-align: justify\">Ces nouvelles mesures confirment la d\u00e9termination de la C\u00f4te d\u2019Ivoire \u00e0 se conformer aux dispositions de la Convention-Cadre pour la lutte antitabac de l\u2019OMS que le pays a ratifi\u00e9e pour r\u00e9duire durablement la consommation de tabac. Plus de 9 000 Ivoiriens d\u00e9c\u00e8dent pr\u00e9matur\u00e9ment chaque ann\u00e9e \u00e0 la suite de maladies caus\u00e9es par la consommation de tabac. Le\u00a0<a href=\"https:\/\/files.tobaccoatlas.org\/wp-content\/uploads\/pdf\/cote-divoire-country-facts-en.pdf\">taux de pr\u00e9valence<\/a>\u00a0en C\u00f4te d\u2019Ivoire est estim\u00e9 \u00e0 plus de 14 % de la population totale, avec une proportion grimpante chez les jeunes (19% des 13 \u2013 15 ans sont fumeurs selon l\u2019OMS).<\/p>\n<p><strong style=\"text-align: justify\"><a href=\"https:\/\/www.generationsanstabac.org\/\">\u00a9G\u00e9n\u00e9ration Sans Tabac<\/a><\/strong><\/p>\n<p style=\"text-align: right\"><b><i>AE<\/i><\/b><\/p>\n<hr \/>\n<p style=\"text-align: justify\"><a href=\"#_ftnref1\" name=\"_ftn1\">[1]<\/a> <a href=\"https:\/\/news.abidjan.net\/articles\/738511\/cote-divoire-linterdiction-de-fumer-dans-les-lieux-publics-et-les-transports-publics-etendue-aux-nouveaux-produits-du-tabac\">C\u00f4te d&rsquo;Ivoire: l&rsquo;interdiction de fumer dans les lieux publics et les transports publics \u00e9tendue aux nouveaux produits du tabac<\/a>, Abidjan.net, publi\u00e9 le 15 janvier 2025, consult\u00e9 le 21 janvier 2025<\/p>\n<p style=\"text-align: justify\"><a href=\"#_ftnref2\" name=\"_ftn2\">[2]<\/a> G\u00e9n\u00e9ration sans tabac, <a href=\"https:\/\/www.generationsanstabac.org\/fr\/actualites\/la-cote-divoire-est-le-deuxieme-pays-africain-a-adopter-le-paquet-neutre\/\">La C\u00f4te d\u2019Ivoire est le deuxi\u00e8me pays africain \u00e0 adopter le paquet neutre<\/a>, Abidjan.net, publi\u00e9 le 9 juin 2024, consult\u00e9 le 21 janvier 2025<\/p>\n<p><span style=\"color: #999999\"><strong><a style=\"color: #999999\" href=\"http:\/\/www.cnct.fr\/\" target=\"_blank\" rel=\"noopener noreferrer\">Comit\u00e9 national contre le tabagisme |<\/a><\/strong><\/span><\/p>\n","protected":false},"excerpt":{"rendered":"<p>Le gouvernement ivoirien a pris des mesures importantes pour r\u00e9duire la consommation de tabac et de produits du vapotage en \u00e9tendant les l\u00e9gislations existantes s\u2019appliquant aux produits du tabac traditionnels aux nouveaux produits tels que les e-cigarettes et les produits du tabac chauff\u00e9s. Ces r\u00e9glementations visent \u00e0 lutter contre les risques sanitaires associ\u00e9s \u00e0 la consommation de ces produits.<\/p>\n","protected":false},"featured_media":23272,"template":"","tags":[],"thematique":[491],"class_list":["post-23269","actualites","type-actualites","status-publish","has-post-thumbnail","hentry","thematique-politiques-publiques"],"acf":[],"_links":{"self":[{"href":"https:\/\/www.generationsanstabac.org\/fr\/wp-json\/wp\/v2\/actualites\/23269","targetHints":{"allow":["GET"]}}],"collection":[{"href":"https:\/\/www.generationsanstabac.org\/fr\/wp-json\/wp\/v2\/actualites"}],"about":[{"href":"https:\/\/www.generationsanstabac.org\/fr\/wp-json\/wp\/v2\/types\/actualites"}],"version-history":[{"count":0,"href":"https:\/\/www.generationsanstabac.org\/fr\/wp-json\/wp\/v2\/actualites\/23269\/revisions"}],"wp:featuredmedia":[{"embeddable":true,"href":"https:\/\/www.generationsanstabac.org\/fr\/wp-json\/wp\/v2\/media\/23272"}],"wp:attachment":[{"href":"https:\/\/www.generationsanstabac.org\/fr\/wp-json\/wp\/v2\/media?parent=23269"}],"wp:term":[{"taxonomy":"post_tag","embeddable":true,"href":"https:\/\/www.generationsanstabac.org\/fr\/wp-json\/wp\/v2\/tags?post=23269"},{"taxonomy":"thematique","embeddable":true,"href":"https:\/\/www.generationsanstabac.org\/fr\/wp-json\/wp\/v2\/thematique?post=23269"}],"curies":[{"name":"wp","href":"https:\/\/api.w.org\/{rel}","templated":true}]}}