{"id":23200,"date":"2025-01-17T08:00:08","date_gmt":"2025-01-17T07:00:08","guid":{"rendered":"https:\/\/www.generationsanstabac.org\/?post_type=actualites&#038;p=23200"},"modified":"2025-01-16T14:34:07","modified_gmt":"2025-01-16T13:34:07","slug":"etats-unis-vers-une-reduction-des-teneurs-en-nicotine-des-produits-du-tabac","status":"publish","type":"actualites","link":"https:\/\/www.generationsanstabac.org\/fr\/actualites\/etats-unis-vers-une-reduction-des-teneurs-en-nicotine-des-produits-du-tabac\/","title":{"rendered":"Etats-Unis : vers une r\u00e9duction des teneurs en nicotine des produits du tabac ?"},"content":{"rendered":"<p style=\"text-align: justify\"><em>L\u2019administration am\u00e9ricaine devrait publier une proposition d\u2019un plan de r\u00e9duction des niveaux de nicotine dans les produits du tabac dans les derniers jours du mandat de Joe Biden. Cette mesure, qui avait \u00e9t\u00e9 envisag\u00e9e lors de la premi\u00e8re pr\u00e9sidence de Donald Trump, pourrait toutefois \u00eatre abandonn\u00e9e par celui-ci, au regard de son positionnement antir\u00e9glementaire et sa proximit\u00e9 avec le lobby de l\u2019industrie du tabac<a href=\"#_ftn1\" name=\"_ftnref1\"><strong>[1]<\/strong><\/a>. <\/em><\/p>\n<h2 style=\"text-align: justify\"><strong>Une mesure historique de sant\u00e9 publique pour les derniers jours de Biden \u00e0 la Maison-Blanche<\/strong><\/h2>\n<p style=\"text-align: justify\">Dans les prochains jours, le gouvernement sortant de Joe Biden devrait proposer un plan visant \u00e0 r\u00e9duire la teneur nicotinique des produits du tabac. Une telle proposition devrait \u00eatre largement soutenue par les organisations de sant\u00e9 publique, alors que l\u2019interdiction du menthol, qui devait \u00eatre l\u2019une des mesures phares du mandat Biden, n\u2019a jamais vu le jour, en raison du fort lobbying exerc\u00e9 par l\u2019industrie du tabac, et un parti d\u00e9mocrate soucieux de ne pas appara\u00eetre comme discriminant \u00e0 l\u2019\u00e9gard des communaut\u00e9s afro-am\u00e9ricaines, particuli\u00e8rement consommatrices de cigarettes menthol\u00e9es. Toutefois, Donald Trump \u00e9tant investi le 20 janvier, l\u2019avenir de la proposition de r\u00e9duire les niveaux de nicotine dans les produits du tabac sera essentiellement dans les mains du futur pr\u00e9sident des Etats-Unis.<\/p>\n<h2 style=\"text-align: justify\"><strong>L\u2019avenir de la proposition tr\u00e8s incertain<\/strong><\/h2>\n<p style=\"text-align: justify\">En la mati\u00e8re, il est \u00e0 ce jour difficile de pr\u00e9voir ce que l\u2019administration Trump compte faire de ce projet. En effet, \u00e0 l&rsquo;\u00e9t\u00e9 2017, le premier commissaire de la Food and Drug Administration (FDA) de Trump, Scott Gottlieb, avait \u00e9galement annonc\u00e9 envisager un plan de r\u00e9duction des niveaux de nicotine dans les produits du tabac. Dans son annonce, Gottlieb avait avanc\u00e9 qu\u2019une telle mesure placerait les Etats-Unis \u00ab\u00a0sur la voie de l\u2019une des plus grandes victoires de sant\u00e9 publique de l\u2019histoire moderne\u00a0\u00bb, permettant \u00ab\u00a0la sauvegarde de millions de vie\u00a0\u00bb. Plus pr\u00e9cis\u00e9ment, une estimation de la FDA publi\u00e9e l\u2019ann\u00e9e suivant cette annonce consid\u00e9rait que la mise en place d\u2019une r\u00e9duction de la teneur en nicotine entra\u00eenerait un recul de 13 millions de fumeurs aux Etats-Unis dans les cinq ans suivant sa mise en \u0153uvre. Toutefois, Scott Gottlieb a quitt\u00e9 la FDA en 2019, et le projet a \u00e9t\u00e9 enterr\u00e9, notamment en raison d\u2019un manque de soutien de la part de la Maison Blanche, comme l\u2019affirme Mitch Zeller, alors directeur du Centre des produits du tabac de la FDA\u00a0: \u00ab On nous a dit que l&rsquo;administration ne soutenait plus [la mesure]. Litt\u00e9ralement, j&rsquo;ai d\u00fb cesser d&rsquo;en parler publiquement dans mes discours et mes pr\u00e9sentations \u00bb.<\/p>\n<h2 style=\"text-align: justify\"><strong>Une mesure dangereuse pour l\u2019industrie du tabac<\/strong><\/h2>\n<p style=\"text-align: justify\">Le positionnement vigoureusement antir\u00e9glementaire que Donald Trump affirme vouloir donner \u00e0 son deuxi\u00e8me mandat pourrait compromettre l\u2019aboutissement de cette proposition. De nombreux signaux laissent par ailleurs penser que l\u2019arriv\u00e9e du prochain pr\u00e9sident des Etats-Unis dans le Bureau ovale pourrait se traduire par un passage \u00e0 vide pour la sant\u00e9 publique, qu\u2019il s\u2019agisse de la <a href=\"https:\/\/www.generationsanstabac.org\/fr\/actualites\/la-cheffe-de-cabinet-de-donald-trump-lobbyiste-de-lindustrie-du-tabac\/\">nomination d\u2019un complotiste<\/a> au minist\u00e8re de la Sant\u00e9, ou la <a href=\"https:\/\/www.generationsanstabac.org\/fr\/actualites\/lindustrie-du-tabac-plus-gros-donateur-de-la-campagne-de-donald-trump\/\">forte proximit\u00e9<\/a> de Donald Trump avec le lobby de l\u2019industrie du tabac. En raison de l\u2019efficacit\u00e9 de la mesure pour lutter contre le tabagisme, les fabricants ont manifest\u00e9 leur opposition \u00e0 la mise en place d\u2019une r\u00e9duction de la teneur nicotinique de leurs produits. Si cette mesure venait toutefois \u00e0 \u00eatre soutenue par Donald Trump, elle pourrait \u00ab\u00a0sonner le glas du tabagisme en Am\u00e9rique\u00a0\u00bb, selon Dennis Henigan, vice-pr\u00e9sident charg\u00e9 des affaires juridiques et r\u00e9glementaires de l\u2019ONG Campaign for Tobacco Free Kids. Bien que l\u2019industrie du tabac ait \u00e9mis des doutes sur la capacit\u00e9 de cette mesure \u00e0 r\u00e9duire le tabagisme, l\u2019\u00e9volution boursi\u00e8re des fabricants semble toutefois indiquer que la r\u00e9duction de la teneur nicotinique pourrait consid\u00e9rablement fragiliser la sant\u00e9 \u00e9conomique du secteur. En effet, suite \u00e0 l\u2019annonce de Scott Gottlieb en juillet 2017, l\u2019action d\u2019Altria, fabricant de la marque Marlboro aux Etats-Unis, avait recul\u00e9 de plus de 10%<a href=\"#_ftn2\" name=\"_ftnref2\">[2]<\/a>.<\/p>\n<p><strong style=\"text-align: justify\"><a href=\"https:\/\/www.generationsanstabac.org\/\">\u00a9G\u00e9n\u00e9ration Sans Tabac<\/a><\/strong><\/p>\n<p style=\"text-align: right\"><b><i>FT<\/i><\/b><\/p>\n<hr \/>\n<p><a href=\"#_ftnref1\" name=\"_ftn1\">[1]<\/a> The Washington Post, <a href=\"https:\/\/www.washingtonpost.com\/health\/2025\/01\/14\/cigarettes-low-nicotine-regulation-biden\/\">The war on smoking turns to cigarettes with ultralow nicotine<\/a>, 14\/01\/2025<\/p>\n<p><a href=\"#_ftnref2\" name=\"_ftn2\">[2]<\/a> CNBC, <a href=\"https:\/\/www.cnbc.com\/2017\/07\/28\/altria-shares-fall-after-fda-releases-roadmap-to-curb-tobacco-related-deaths-.html\">Altria shares plunge after FDA releases road map to curb tobacco-related deaths<\/a>, 28\/07\/2017, (consult\u00e9 le 15\/01\/2025)<\/p>\n<p><span style=\"color: #999999\"><strong><a style=\"color: #999999\" href=\"http:\/\/www.cnct.fr\/\" target=\"_blank\" rel=\"noopener noreferrer\">Comit\u00e9 national contre le tabagisme |<\/a><\/strong><\/span><\/p>\n","protected":false},"excerpt":{"rendered":"<p>Une telle proposition devrait \u00eatre largement soutenue par les organisations de sant\u00e9 publique, alors que l\u2019interdiction du menthol, qui devait \u00eatre l\u2019une des mesures phares du mandat Biden, n\u2019a jamais vu le jour, en raison du fort lobbying exerc\u00e9 par l\u2019industrie du tabac, et un parti d\u00e9mocrate soucieux de ne pas appara\u00eetre comme discriminant \u00e0 l\u2019\u00e9gard des communaut\u00e9s afro-am\u00e9ricaines, particuli\u00e8rement consommatrices de cigarettes menthol\u00e9es.<\/p>\n","protected":false},"featured_media":23204,"template":"","tags":[],"thematique":[499,491],"class_list":["post-23200","actualites","type-actualites","status-publish","has-post-thumbnail","hentry","thematique-lobby","thematique-politiques-publiques"],"acf":[],"_links":{"self":[{"href":"https:\/\/www.generationsanstabac.org\/fr\/wp-json\/wp\/v2\/actualites\/23200","targetHints":{"allow":["GET"]}}],"collection":[{"href":"https:\/\/www.generationsanstabac.org\/fr\/wp-json\/wp\/v2\/actualites"}],"about":[{"href":"https:\/\/www.generationsanstabac.org\/fr\/wp-json\/wp\/v2\/types\/actualites"}],"version-history":[{"count":0,"href":"https:\/\/www.generationsanstabac.org\/fr\/wp-json\/wp\/v2\/actualites\/23200\/revisions"}],"wp:featuredmedia":[{"embeddable":true,"href":"https:\/\/www.generationsanstabac.org\/fr\/wp-json\/wp\/v2\/media\/23204"}],"wp:attachment":[{"href":"https:\/\/www.generationsanstabac.org\/fr\/wp-json\/wp\/v2\/media?parent=23200"}],"wp:term":[{"taxonomy":"post_tag","embeddable":true,"href":"https:\/\/www.generationsanstabac.org\/fr\/wp-json\/wp\/v2\/tags?post=23200"},{"taxonomy":"thematique","embeddable":true,"href":"https:\/\/www.generationsanstabac.org\/fr\/wp-json\/wp\/v2\/thematique?post=23200"}],"curies":[{"name":"wp","href":"https:\/\/api.w.org\/{rel}","templated":true}]}}