{"id":23163,"date":"2025-01-12T08:00:36","date_gmt":"2025-01-12T07:00:36","guid":{"rendered":"https:\/\/www.generationsanstabac.org\/?post_type=actualites&#038;p=23163"},"modified":"2025-01-07T16:49:45","modified_gmt":"2025-01-07T15:49:45","slug":"iqos-quelle-perception-du-produit-par-les-fumeurs-et-vapoteurs-americains","status":"publish","type":"actualites","link":"https:\/\/www.generationsanstabac.org\/fr\/actualites\/iqos-quelle-perception-du-produit-par-les-fumeurs-et-vapoteurs-americains\/","title":{"rendered":"IQOS : quelle perception du produit par les fumeurs et vapoteurs am\u00e9ricains ?"},"content":{"rendered":"<p style=\"text-align: justify\"><em>Une r\u00e9cente \u00e9tude publi\u00e9e dans la revue Tobacco Control s\u2019int\u00e9resse \u00e0 la perception du dispositif de tabac \u00e0 chauffer IQOS, par des fumeurs et consommateurs de cigarettes \u00e9lectroniques am\u00e9ricains. Les r\u00e9sultats montrent que les vapofumeurs comme les fumeurs ayant arr\u00eat\u00e9 de consommer des cigarettes \u00e9lectroniques avaient tendance \u00e0 percevoir positivement l\u2019IQOS. A l\u2019inverse, les personnes consommant exclusivement des cigarettes traditionnelles ou des cigarettes \u00e9lectroniques partageaient majoritairement une opinion n\u00e9gative du produit. <\/em><\/p>\n<p style=\"text-align: justify\">L\u2019\u00e9tude se base sur des entretiens qualitatifs men\u00e9s aupr\u00e8s de 61 personnes \u00e2g\u00e9es d\u2019au moins 21 ans et ayant fum\u00e9 au moins 100 cigarettes au cours de leur vie. Quatre profils ont \u00e9t\u00e9 retenus\u00a0: des personnes d\u00e9clarant une consommation actuelle de cigarettes traditionnelles mais n\u2019ayant jamais utilis\u00e9 de cigarettes \u00e9lectroniques, des personnes d\u00e9clarant une consommation actuelle et duale de cigarettes traditionnelles et de cigarettes \u00e9lectroniques (<em>vapofumeurs<\/em>), des personnes d\u00e9clarant une consommation actuelle de cigarettes traditionnelles et un arr\u00eat de la cigarette \u00e9lectronique, et des anciens fumeurs actuellement consommateurs de cigarettes \u00e9lectroniques. Les participants ont \u00e9t\u00e9 amen\u00e9s \u00e0 faire part de leurs opinions et de leurs perceptions \u00e0 l\u2019\u00e9gard de l\u2019IQOS, et des d\u00e9clarations relatives \u00e0 une <a href=\"https:\/\/www.generationsanstabac.org\/fr\/actualites\/le-tabac-chauffe-au-moins-aussi-nocif-que-la-cigarette-sur-les-plans-respiratoire-et-cardiovasculaire\/\">potentielle r\u00e9duction des risques<\/a> induite par la consommation du tabac \u00e0 chauffer<a href=\"#_ftn1\" name=\"_ftnref1\">[1]<\/a>.<\/p>\n<h2 style=\"text-align: justify\"><strong>Connaissance et perception de l\u2019IQOS<\/strong><\/h2>\n<p style=\"text-align: justify\">L\u2019\u00e9tude souligne un manque de connaissance g\u00e9n\u00e9ral des personnes interrog\u00e9es \u00e0 l\u2019\u00e9gard du dispositif, lesquelles ont montr\u00e9 une certaine curiosit\u00e9 \u00e0 l\u2019\u00e9gard de l\u2019IQOS et de son fonctionnement technique. Toutefois, les r\u00e9actions semblent se diff\u00e9rencier en fonction des groupes \u00e9tudi\u00e9s. Les individus n\u2019ayant jamais consomm\u00e9 de cigarettes \u00e9lectroniques ont r\u00e9agi n\u00e9gativement \u00e0 ce nouveau produit du tabac, estimant que sa forme hybride entre la cigarette traditionnelle et la cigarette \u00e9lectronique l\u2019excluait d\u2019\u00eatre une alternative moins risqu\u00e9e \u00e0 ces deux produits. Toutefois, certaines personnes ont soulign\u00e9 certains avantages de l\u2019IQOS en comparaison de la cigarettes traditionnelle (odeur, apparence, capacit\u00e9 \u00e0 fumer dans certains lieux). Dans le groupe de vapofumeurs, certaines personnes ont \u00e9galement fait valoir que l\u2019IQOS pouvait \u00eatre \u00e0 m\u00eame d\u2019offrir au fumeur les avantages d\u2019une cigarette traditionnelle (d\u00e9livrance de nicotine, go\u00fbt), tout en \u00e9liminant les aspects jug\u00e9s n\u00e9gatifs (odeur, fum\u00e9e, risque de cancer, etc.). Cependant, une partie de ces jugements \u00e9tait li\u00e9e \u00e0 une incompr\u00e9hension du fonctionnement du dispositif, certains participants pensant que l\u2019IQOS \u00e9tait compatible avec leurs propres cigarettes. Par ailleurs, la nocivit\u00e9 du dispositif et son co\u00fbt on\u00e9reux ont \u00e9t\u00e9 relev\u00e9s par une partie des vapofumeurs. Dans le groupe de personnes ayant arr\u00eat\u00e9 de consommer des cigarettes \u00e9lectroniques, si certains ont exprim\u00e9 des r\u00e9serves \u00e0 l\u2019\u00e9gard du prix de l\u2019IQOS, les participants ont r\u00e9agi positivement au produit et aux arguments marketing associ\u00e9s, qu\u2019il s\u2019agisse du design du produit, de l\u2019absence d\u2019odeur, de cendre, etc. A l\u2019inverse, le groupe de personnes \u00e9tant exclusivement pass\u00e9es \u00e0 la cigarette \u00e9lectronique ont globalement exprim\u00e9 un souhait de ne pas revenir \u00e0 leur consommation de tabac, mais ont toutefois consid\u00e9r\u00e9 que le dispositif pouvait \u00eatre int\u00e9ressant pour les fumeurs.<\/p>\n<h2 style=\"text-align: justify\"><strong>Intention des personnes de passer \u00e0 l\u2019IQOS<\/strong><\/h2>\n<p style=\"text-align: justify\">Les fumeurs n\u2019ayant jamais consomm\u00e9 de cigarettes \u00e9lectroniques ont montr\u00e9 une certaine h\u00e9sitation quant \u00e0 une possible intention de passer au tabac \u00e0 chauffer, en raison d\u2019incertitudes li\u00e9es au prix du produit et \u00e0 sa nocivit\u00e9. Les vapofumeurs ont montr\u00e9 un vif int\u00e9r\u00eat pour l\u2019IQOS, qui, contrairement \u00e0 la cigarette \u00e9lectronique, est per\u00e7u comme pouvant potentiellement fournir au fumeur une sensation \u00e9quivalente \u00e0 la cigarette traditionnelle. Encore une fois, une partie de ces r\u00e9ponses est li\u00e9e \u00e0 une incompr\u00e9hension de plusieurs participants \u00e0 l\u2019\u00e9gard du fonctionnement r\u00e9el du dispositif. Le groupe de personnes ayant arr\u00eat\u00e9 la cigarette \u00e9lectronique a \u00e9galement exprim\u00e9 un int\u00e9r\u00eat \u00e0 essayer le tabac \u00e0 chauffer, esp\u00e9rant retrouver dans l\u2019IQOS une sensation \u00e9quivalente \u00e0 celle de la cigarette traditionnelle et un dispositif d\u2019arr\u00eat du tabac. A l\u2019inverse, les personnes exclusivement pass\u00e9es \u00e0 la cigarette \u00e9lectronique ont t\u00e9moign\u00e9 un refus de s\u2019initier \u00e0 l\u2019IQOS, en raison de la pr\u00e9sence de tabac dans le produit.<\/p>\n<h2 style=\"text-align: justify\"><strong>Des opinions vari\u00e9es quant \u00e0 l\u2019all\u00e9gation d\u2019une exposition r\u00e9duite aux substances nocives<\/strong><\/h2>\n<p style=\"text-align: justify\">Les participants ont enfin \u00e9t\u00e9 amen\u00e9s \u00e0 r\u00e9agir \u00e0 la mention du fabricant, selon laquelle \u00ab\u00a0passer compl\u00e8tement des cigarettes au dispositif IQOS r\u00e9duit consid\u00e9rablement l&rsquo;exposition de votre corps aux substances chimiques nocives et potentiellement nocives\u00a0\u00bb, autoris\u00e9e par la FDA. Si certaines personnes du groupe de fumeurs non-consommateurs de cigarettes \u00e9lectroniques ont favorablement accueilli la mention, d\u2019autres ont notamment fait part de leur interrogation, voire de leur scepticisme, \u00e0 l\u2019\u00e9gard de cet argument. L\u2019\u00e9tude fait part d\u2019une r\u00e9action mitig\u00e9e de la part du groupe des vapofumeurs, pouvant \u00e0 la fois \u00eatre sceptiques \u00e0 l\u2019\u00e9gard de l\u2019argument comme des pouvoirs publics, tandis que certains ont montr\u00e9 un int\u00e9r\u00eat marqu\u00e9 pour cette mention. Aupr\u00e8s des personnes ayant arr\u00eat\u00e9 la cigarette \u00e9lectronique, une grande partie d\u2019entre eux se sont r\u00e9v\u00e9l\u00e9s sceptiques vis-\u00e0-vis de la mention, rappelant le discours initialement l\u00e9nifiant \u00e0 l\u2019\u00e9gard des cigarettes \u00e9lectroniques. Les consommateurs exclusifs de cigarettes \u00e9lectroniques ont massivement rejet\u00e9 la validit\u00e9 de la mention, soulignant leur m\u00e9fiance \u00e0 l\u2019\u00e9gard des discours des fabricants comme des pouvoirs publics.<\/p>\n<p><strong style=\"text-align: justify\"><a href=\"https:\/\/www.generationsanstabac.org\/\">\u00a9G\u00e9n\u00e9ration Sans Tabac<\/a><\/strong><\/p>\n<p style=\"text-align: right\"><b><i>FT<\/i><\/b><\/p>\n<hr \/>\n<p style=\"text-align: justify\"><a href=\"#_ftnref1\" name=\"_ftn1\">[1]<\/a> Weaver SR, Spears CA, Henderson KC, et alPerceptions and intentions regarding IQOS among current US adults who use cigarettes and\/or electronic nicotine delivery systemsTobacco Control Published Online First: 31 December 2024. doi: 10.1136\/tc-2024-058854<\/p>\n<p><span style=\"color: #999999\"><strong><a style=\"color: #999999\" href=\"http:\/\/www.cnct.fr\/\" target=\"_blank\" rel=\"noopener noreferrer\">Comit\u00e9 national contre le tabagisme |<\/a><\/strong><\/span><\/p>\n","protected":false},"excerpt":{"rendered":"<p>Les r\u00e9sultats montrent que les vapofumeurs comme les fumeurs ayant arr\u00eat\u00e9 de consommer des cigarettes \u00e9lectroniques avaient tendance \u00e0 percevoir positivement l\u2019IQOS. A l\u2019inverse, les personnes consommant exclusivement des cigarettes traditionnelles ou des cigarettes \u00e9lectroniques partageaient majoritairement une opinion n\u00e9gative du produit.<\/p>\n","protected":false},"featured_media":23168,"template":"","tags":[],"thematique":[516],"class_list":["post-23163","actualites","type-actualites","status-publish","has-post-thumbnail","hentry","thematique-nouveaux-produits"],"acf":[],"_links":{"self":[{"href":"https:\/\/www.generationsanstabac.org\/fr\/wp-json\/wp\/v2\/actualites\/23163","targetHints":{"allow":["GET"]}}],"collection":[{"href":"https:\/\/www.generationsanstabac.org\/fr\/wp-json\/wp\/v2\/actualites"}],"about":[{"href":"https:\/\/www.generationsanstabac.org\/fr\/wp-json\/wp\/v2\/types\/actualites"}],"version-history":[{"count":0,"href":"https:\/\/www.generationsanstabac.org\/fr\/wp-json\/wp\/v2\/actualites\/23163\/revisions"}],"wp:featuredmedia":[{"embeddable":true,"href":"https:\/\/www.generationsanstabac.org\/fr\/wp-json\/wp\/v2\/media\/23168"}],"wp:attachment":[{"href":"https:\/\/www.generationsanstabac.org\/fr\/wp-json\/wp\/v2\/media?parent=23163"}],"wp:term":[{"taxonomy":"post_tag","embeddable":true,"href":"https:\/\/www.generationsanstabac.org\/fr\/wp-json\/wp\/v2\/tags?post=23163"},{"taxonomy":"thematique","embeddable":true,"href":"https:\/\/www.generationsanstabac.org\/fr\/wp-json\/wp\/v2\/thematique?post=23163"}],"curies":[{"name":"wp","href":"https:\/\/api.w.org\/{rel}","templated":true}]}}