{"id":23126,"date":"2025-01-05T09:00:01","date_gmt":"2025-01-05T08:00:01","guid":{"rendered":"https:\/\/www.generationsanstabac.org\/?post_type=actualites&#038;p=23126"},"modified":"2025-01-03T11:05:20","modified_gmt":"2025-01-03T10:05:20","slug":"lafrique-dans-le-viseur-de-philip-morris-pour-ses-nouveaux-produits-du-tabac","status":"publish","type":"actualites","link":"https:\/\/www.generationsanstabac.org\/fr\/actualites\/lafrique-dans-le-viseur-de-philip-morris-pour-ses-nouveaux-produits-du-tabac\/","title":{"rendered":"L\u2019Afrique dans le viseur de Philip Morris pour ses nouveaux produits du tabac"},"content":{"rendered":"<p style=\"text-align: justify\"><em>L&rsquo;industrie du tabac s&rsquo;int\u00e9resse de plus en plus \u00e0 l&rsquo;Afrique, un continent dont la population de jeunes est en plein essor et dont le potentiel \u00e9conomique est important. Des d\u00e9veloppements r\u00e9cents soulignent cette tendance, Philip Morris International (PMI) ayant d\u00e9voil\u00e9 des plans visant \u00e0 introduire des produits sans fum\u00e9e plus abordables dans la r\u00e9gion.<\/em><\/p>\n<p style=\"text-align: justify\">Frederic de Wilde, PDG de PMI Asie du Sud, Asie du Sud-Est, Communaut\u00e9 des \u00c9tats ind\u00e9pendants, Moyen-Orient et Afrique, a d\u00e9clar\u00e9 en d\u00e9cembre dernier, lors d&rsquo;un \u00e9v\u00e9nement sur l&rsquo;innovation technologique \u00e0 Abu Dhabi, aux \u00c9mirats arabes unis, que le march\u00e9 des nouveaux produits du tabac en Afrique en \u00e9tait encore \u00e0 ses d\u00e9buts, les consommateurs \u00e9tant tr\u00e8s sensibles au prix. Cependant ce march\u00e9 repr\u00e9sente une opportunit\u00e9 commerciale pour l&rsquo;entreprise<a href=\"#_ftn1\" name=\"_ftnref1\">[1]<\/a>.<\/p>\n<h2 style=\"text-align: justify\"><strong>L\u2019Afrique, un march\u00e9 cl\u00e9 pour l\u2019industrie du tabac <\/strong><\/h2>\n<p style=\"text-align: justify\">Alors que les taux de tabagisme ont progressivement diminu\u00e9 dans de nombreux pays occidentaux depuis la mise en place de mesures compl\u00e8tes de lutte contre le tabagisme, l&rsquo;industrie du tabac a r\u00e9orient\u00e9 ses pratiques de marketing vers les march\u00e9s \u00e9mergents et plus lucratifs, notamment en Afrique, en ciblant directement les plus jeunes et les femmes. Selon l&rsquo;Union internationale de lutte contre le cancer, en Afrique, 65 % de personnes ont moins de 30 ans<a href=\"#_ftn2\" name=\"_ftnref2\">[2]<\/a>.<\/p>\n<p style=\"text-align: justify\">Actuellement, le continent africain a les taux de tabagisme les plus bas du monde : en 2020, 10,3 % environ de la population dans la r\u00e9gion Afro fumaient selon l&rsquo;Organisation mondiale de la sant\u00e9 (OMS), alors, qu\u2019au niveau mondial, la pr\u00e9valence du tabagisme s&rsquo;\u00e9levait \u00e0 22,3 %. Cependant, l&rsquo;am\u00e9lioration de l&rsquo;\u00e9conomie africaine et la croissance rapide de la population jeune entrainent une augmentation du tabagisme.<\/p>\n<p style=\"text-align: justify\">Nulle part ailleurs, le nombre de fumeurs n&rsquo;a autant augment\u00e9 depuis 1990 qu&rsquo;en Afrique &#8211; + 104 % en Afrique du Nord et au Moyen-Orient et pr\u00e8s de 75 % en Afrique subsaharienne. Le continent comptait environ 66 millions de fumeurs en 2015, et, d&rsquo;ici 2025, on estime qu&rsquo;ils pourraient atteindre 84 millions<a href=\"#_ftn3\" name=\"_ftnref3\">[3]<\/a>.<\/p>\n<h2 style=\"text-align: justify\"><strong>Des dispositifs de tabac chauff\u00e9 \u00e0 des couts r\u00e9duits pour le continent africain<\/strong><\/h2>\n<p style=\"text-align: justify\">De Wilde a soulign\u00e9 que les nouveaux produits du tabac (tabac chauff\u00e9) correspondent \u00e0 des produits hauts de gamme initialement lanc\u00e9s \u00e0 des prix \u00e9lev\u00e9s. \u00c0 titre d\u2019illustration, le dispositif de tabac chauff\u00e9 IQOS est vendu 69\u20ac en France, entre 50 et 100 CHF selon le mod\u00e8le en Suisse, ou encore entre 40 et 80\u00a3 au Royaume-Uni. Bien qu&rsquo;ils aient atteint une certaine p\u00e9n\u00e9tration du march\u00e9 dans certaines \u00e9conomies o\u00f9 les lois antitabac sont plus permissives, seuls 5 \u00e0 10 % des consommateurs en Afrique pourraient se les offrir. Afin rendre ce produit plus accessible financi\u00e8rement, PMI a d\u00e9j\u00e0 lanc\u00e9 une version moins ch\u00e8re du principal produit de tabac chauff\u00e9 IQOS aux Philippines en novembre 2022. L\u2019entreprise pr\u00e9voit de d\u00e9ployer ce dispositif sur de nouveaux march\u00e9s \u00e9mergents dont l\u2019Afrique et ce, tr\u00e8s prochainement.<\/p>\n<p style=\"text-align: justify\">De Wilde a indiqu\u00e9 que l&rsquo;entreprise mettait au point un dispositif de tabac chauff\u00e9 ciblant les march\u00e9s de pays aux revenus faibles et interm\u00e9diaires. Dans le secteur des e-cigarettes, l&rsquo;entreprise d\u00e9veloppe \u00e9galement de nouvelles gammes de produits destin\u00e9s sp\u00e9cifiquement aux \u00e9conomies \u00e9mergentes.<\/p>\n<h2 style=\"text-align: justify\"><strong>Philip Morris pr\u00e9voit une pression suppl\u00e9mentaire aupr\u00e8s des gouvernements africains<\/strong><\/h2>\n<p style=\"text-align: justify\">Pour De Wilde, si les produits du tabac de PMI offrent des opportunit\u00e9s prometteuses en Afrique, le paysage politique et r\u00e9glementaire du continent pose d&rsquo;importants d\u00e9fis, selon lui. Les r\u00e9glementations varient consid\u00e9rablement d&rsquo;un pays \u00e0 l&rsquo;autre, chacun adoptant sa propre approche de la lutte antitabac. En outre, certains d\u00e9cideurs politiques restent h\u00e9sitants \u00e0 l&rsquo;\u00e9gard des \u00ab\u00a0alternatives\u00a0\u00bb, les pla\u00e7ant souvent dans la m\u00eame cat\u00e9gorie que les cigarettes traditionnelles. Ainsi, De Wilde a pr\u00e9cis\u00e9 qu\u2019il sera important de \u00ab\u00a0gagner la confiance des d\u00e9cideurs publics\u00a0\u00bb pour promouvoir ces produits du tabac dans les pays africains. Il ajoute \u00e9galement que les pays devraient \u00ab\u00a0assouplir les restrictions actuelles concernant ces produits\u00a0\u00bb, qui selon lui \u00ab\u00a0ne devraient pas \u00eatre class\u00e9s dans la m\u00eame cat\u00e9gorie que les cigarettes traditionnelles\u00a0\u00bb.<\/p>\n<p style=\"text-align: justify\">Il pr\u00e9conise de laisser le march\u00e9 libre afin que les entreprises puissent interagir avec les consommateurs et les aider \u00e0 essayer de nouveaux produits pour faciliter la transition vers des \u00ab\u00a0solutions sans fum\u00e9e\u00a0\u00bb. En d\u2019autres termes, le fabricant vise l\u2019autorisation de faire de la publicit\u00e9 pour son dispositif de tabac chauff\u00e9.<\/p>\n<h2 style=\"text-align: justify\"><strong>D\u00e9fis r\u00e9glementaires et n\u00e9cessit\u00e9 de bien faire appliquer la Convention-Cadre de l\u2019OMS<\/strong><\/h2>\n<p style=\"text-align: justify\">De nombreux pays africains peinent \u00e0 mettre en \u0153uvre des politiques antitabac efficaces. Les avertissements sanitaires sur les paquets de cigarettes, les interdictions de fumer dans les lieux publics, et les interdictions de publicit\u00e9 pour les produits du tabac dans les lieux de vente n\u2019ont \u00e9t\u00e9 adopt\u00e9s que par environ un tiers des pays de l\u2019Afrique subsaharienne. Une situation encore aggrav\u00e9e par une mauvaise application des textes li\u00e9e \u00e0 l\u2019absence de contr\u00f4les et par la forte ing\u00e9rence de l\u2019industrie du tabac qui affaiblit les r\u00e9glementations. En effet, bien que 43 des 46 pays de la r\u00e9gion africaine sub-saharienne aient ratifi\u00e9 la Convention-Cadre de l\u2019OMS pour la lutte antitabac (CCLAT), aucun n\u2019a, \u00e0 ce jour, pleinement mis en \u0153uvre l\u2019ensemble des dispositions du trait\u00e9. Cette situation r\u00e9sulte notamment du lobby d\u00e9ploy\u00e9 par l\u2019industrie du tabac. Les multinationales du tabac se d\u00e9veloppent depuis ces derni\u00e8res d\u00e9cennies en Afrique et exploitent le climat sociopolitique du continent.<\/p>\n<p style=\"text-align: justify\">Le tabagisme repr\u00e9sente \u00e9galement une charge \u00e9conomique de plus en plus lourde pour les pays africains. Sans prendre en compte toutes les externalit\u00e9s n\u00e9gatives du tabac, ce fardeau comprend notamment le co\u00fbt du traitement des maladies li\u00e9es au tabac ainsi que les pertes de productivit\u00e9 dues aux maladies et aux d\u00e9c\u00e8s pr\u00e9matur\u00e9s. Un r\u00e9cent rapport de l\u2019OMS a montr\u00e9 que l\u2019augmentation de l\u2019incidence des maladies non-transmissibles li\u00e9es \u00e0 la consommation de tabac, d\u2019alcool ou d\u2019aliments transform\u00e9s menace les progr\u00e8s en sant\u00e9 r\u00e9alis\u00e9s en Afrique ces derni\u00e8res ann\u00e9es.<\/p>\n<p style=\"text-align: justify\">Certains pays, qui ont progress\u00e9 dans la lutte contre le tabagisme, comme le Kenya, voient ces avanc\u00e9es menac\u00e9es par l\u2019arriv\u00e9e de nouveaux produits, notamment les sachets de nicotine, fortement commercialis\u00e9s aupr\u00e8s des jeunes<a href=\"#_ftn4\" name=\"_ftnref4\">[4]<\/a>.<\/p>\n<p style=\"text-align: justify\"><strong style=\"text-align: justify\"><a href=\"https:\/\/www.generationsanstabac.org\/\">\u00a9G\u00e9n\u00e9ration Sans Tabac<\/a><\/strong><\/p>\n<p style=\"text-align: right\"><b><i>AE<\/i><\/b><\/p>\n<hr \/>\n<p style=\"text-align: justify\"><a href=\"#_ftnref1\" name=\"_ftn1\">[1]<\/a> <a href=\"https:\/\/www.2firsts.com\/news\/pmi-developing-affordable-ngps-for-africa\">Tobacco giant PMI aims for cheaper smoke-free products in Africa<\/a>, African Business, publi\u00e9 le 28 d\u00e9cembre 2024, consult\u00e9 le 2 janvier 2025<\/p>\n<p style=\"text-align: justify\"><a href=\"#_ftnref2\" name=\"_ftn2\">[2]<\/a> Elwina Majiwa, <a href=\"https:\/\/www.uicc.org\/news-and-updates\/blog\/tobacco-industrys-ruthless-tactics-hook-africas-youth\">The tobacco industry\u2019s ruthless tactics to hook Africa\u2019s<\/a> , UICC, publi\u00e9 le 16 mai 2024, consult\u00e9 le 2 janvier 2025<\/p>\n<p style=\"text-align: justify\"><a href=\"#_ftnref3\" name=\"_ftn3\">[3]<\/a> G\u00e9n\u00e9ration sans tabac, <a href=\"https:\/\/www.generationsanstabac.org\/fr\/actualites\/afrique-lingerence-de-lindustrie-du-tabac-rend-difficile-la-mise-en-place-de-mesures-antitabac\/\">Afrique : l\u2019ing\u00e9rence de l\u2019industrie du tabac rend difficile la mise en place de mesures antitabac<\/a>, publi\u00e9 le 5 ao\u00fbt 2023, consult\u00e9 le 2 janvier 2025<\/p>\n<p style=\"text-align: justify\"><a href=\"#_ftnref4\" name=\"_ftn4\">[4]<\/a> G\u00e9n\u00e9ration sans tabac, <a href=\"https:\/\/www.generationsanstabac.org\/fr\/actualites\/kenya-la-lutte-antitabac-menacee-par-les-nouveaux-produits-tres-addictifs-de-la-nicotine-et-le-tabac-aromatise\/\">Kenya : la lutte antitabac menac\u00e9e par les nouveaux produits tr\u00e8s addictifs de la nicotine et le tabac aromatis\u00e9<\/a>, publi\u00e9 le 9 ao\u00fbt 2023, consult\u00e9 le 2 janvier 2025<\/p>\n<p><span style=\"color: #999999\"><strong><a style=\"color: #999999\" href=\"http:\/\/www.cnct.fr\/\" target=\"_blank\" rel=\"noopener noreferrer\">Comit\u00e9 national contre le tabagisme |<\/a><\/strong><\/span><\/p>\n","protected":false},"excerpt":{"rendered":"<p>L&rsquo;industrie du tabac s&rsquo;int\u00e9resse de plus en plus \u00e0 l&rsquo;Afrique, un continent dont la population de jeunes est en plein essor et dont le potentiel \u00e9conomique est important. Des d\u00e9veloppements r\u00e9cents soulignent cette tendance, Philip Morris International (PMI) ayant d\u00e9voil\u00e9 des plans visant \u00e0 introduire des produits sans fum\u00e9e plus abordables dans la r\u00e9gion.<\/p>\n","protected":false},"featured_media":23129,"template":"","tags":[],"thematique":[516],"class_list":["post-23126","actualites","type-actualites","status-publish","has-post-thumbnail","hentry","thematique-nouveaux-produits"],"acf":[],"_links":{"self":[{"href":"https:\/\/www.generationsanstabac.org\/fr\/wp-json\/wp\/v2\/actualites\/23126","targetHints":{"allow":["GET"]}}],"collection":[{"href":"https:\/\/www.generationsanstabac.org\/fr\/wp-json\/wp\/v2\/actualites"}],"about":[{"href":"https:\/\/www.generationsanstabac.org\/fr\/wp-json\/wp\/v2\/types\/actualites"}],"version-history":[{"count":0,"href":"https:\/\/www.generationsanstabac.org\/fr\/wp-json\/wp\/v2\/actualites\/23126\/revisions"}],"wp:featuredmedia":[{"embeddable":true,"href":"https:\/\/www.generationsanstabac.org\/fr\/wp-json\/wp\/v2\/media\/23129"}],"wp:attachment":[{"href":"https:\/\/www.generationsanstabac.org\/fr\/wp-json\/wp\/v2\/media?parent=23126"}],"wp:term":[{"taxonomy":"post_tag","embeddable":true,"href":"https:\/\/www.generationsanstabac.org\/fr\/wp-json\/wp\/v2\/tags?post=23126"},{"taxonomy":"thematique","embeddable":true,"href":"https:\/\/www.generationsanstabac.org\/fr\/wp-json\/wp\/v2\/thematique?post=23126"}],"curies":[{"name":"wp","href":"https:\/\/api.w.org\/{rel}","templated":true}]}}