{"id":23048,"date":"2024-12-20T09:00:53","date_gmt":"2024-12-20T08:00:53","guid":{"rendered":"https:\/\/www.generationsanstabac.org\/?post_type=actualites&#038;p=23048"},"modified":"2024-12-19T09:58:24","modified_gmt":"2024-12-19T08:58:24","slug":"milan-interdiction-de-fumer-dans-les-rues-des-le-1er-janvier-2025","status":"publish","type":"actualites","link":"https:\/\/www.generationsanstabac.org\/fr\/actualites\/milan-interdiction-de-fumer-dans-les-rues-des-le-1er-janvier-2025\/","title":{"rendered":"Milan : interdiction de fumer dans les rues d\u00e8s le 1er janvier 2025"},"content":{"rendered":"<p style=\"text-align: justify\"><em>\u00c0 compter du 1er janvier 2025, Milan franchit une nouvelle \u00e9tape dans sa lutte contre la pollution et le tabagisme. La ville \u00e9tend l\u2019interdiction de fumer \u00e0 toutes les rues et espaces ext\u00e9rieurs publics, sauf dans des lieux isol\u00e9s avec un p\u00e9rim\u00e8tre d\u2019un rayon d\u2019au moins 10 m\u00e8tres de distance avec d\u2019autres personnes est respect\u00e9. Cette mesure s&rsquo;inscrit dans le cadre du Plan Climat Air, visant \u00e0 r\u00e9duire de moiti\u00e9 les \u00e9missions de CO2 d&rsquo;ici 2050<\/em><a href=\"#_ftn1\" name=\"_ftnref1\">[1]<\/a>.<\/p>\n<h2 style=\"text-align: justify\"><strong>Une r\u00e9ponse \u00e0 l\u2019urgence environnementale et sanitaire<\/strong><\/h2>\n<p style=\"text-align: justify\">Le tabagisme contribue \u00e0 environ 7 % des \u00e9missions de particules fines \u00e0 Milan, selon l&rsquo;Agence r\u00e9gionale de protection de l&rsquo;environnement (ARPA Lombardia). En r\u00e9duisant ces \u00e9missions, la municipalit\u00e9 vise \u00e0 prot\u00e9ger non seulement les fumeurs et non fumeurs des effets sanitaires d\u00e9l\u00e9t\u00e8res du tabagisme passif \u00a0mais \u00e9galement \u00e0 r\u00e9duire l\u2019incidence environnementale de ce tabagisme.<\/p>\n<h2 style=\"text-align: justify\"><strong>Des restrictions \u00e9largies pour prot\u00e9ger la sant\u00e9 publique<\/strong><\/h2>\n<p style=\"text-align: justify\">Apr\u00e8s une premi\u00e8re phase en 2021, interdisant de fumer aux arr\u00eats de transports publics, dans les installations sportives et dans certains espaces des parcs, tels que les abords des aires de jeux pour enfants ou les lieux situ\u00e9s \u00e0 moins de 10 m\u00e8tres d\u2019autres personnes, la ville \u00e9largit d\u00e9sormais l\u2019interdiction \u00e0 tous les lieux publics ext\u00e9rieurs.<\/p>\n<p style=\"text-align: justify\">\u00c0 partir de 2025, il sera uniquement possible de fumer dans des zones isol\u00e9es respectant une distance minimale de 10 m\u00e8tres avec toute autre personne. Cette mesure s\u2019accompagne de sanctions : les contrevenants s\u2019exposent \u00e0 des amendes allant de 40 \u00e0 250 euros.<\/p>\n<h2 style=\"text-align: justify\"><strong>Un cadre encore flou pour les terrasses<\/strong><\/h2>\n<p style=\"text-align: justify\">Toutefois, la situation des terrasses des bars et restaurants reste \u00e0 pr\u00e9ciser : leur classification comme espaces priv\u00e9s ou publics pourrait d\u00e9finir leur inclusion dans la nouvelle r\u00e9glementation. Si ces espaces sont consid\u00e9r\u00e9s comme \u00ab zones \u00e0 usage public \u00bb, l\u2019interdiction s\u2019y appliquera \u00e9galement. Dans le cas contraire, les fumeurs pourront continuer \u00e0 s\u2019y installer pour consommer des cigarettes. Les cigarettes \u00e9lectroniques, quant \u00e0 elles, restent pour l\u2019instant exclues de cette interdiction.<\/p>\n<h2 style=\"text-align: justify\"><strong>Un contexte europ\u00e9en en faveur des espaces sans tabac<\/strong><\/h2>\n<p style=\"text-align: justify\">Cette initiative s\u2019inscrit dans un mouvement plus large \u00e0 l\u2019\u00e9chelle europ\u00e9enne. En septembre 2024, la Commission europ\u00e9enne a recommand\u00e9 aux \u00c9tats membres d\u2019\u00e9tendre les espaces sans tabac aux principaux lieux ext\u00e9rieurs tels que les terrains de jeux, les parcs, les arr\u00eats de transport public, les terrasses et les abords des b\u00e2timents publics. Cette recommandation inclut les nouveaux produits du tabac comme le tabac chauff\u00e9 et les produits du vapotage et ce, afin de prot\u00e9ger les populations vuln\u00e9rables, notamment les jeunes<a href=\"#_ftn2\" name=\"_ftnref2\">[2]<\/a>.<\/p>\n<p style=\"text-align: justify\">L\u2019objectif europ\u00e9en est ambitieux : atteindre une g\u00e9n\u00e9ration sans tabac d\u2019ici 2040, avec moins de 5 % de consommateurs dans la population, contre 25 % aujourd\u2019hui. La Commission met en avant l\u2019importance de ces mesures pour d\u00e9normaliser la consommation de tabac et de nicotine, particuli\u00e8rement chez les jeunes, fortement expos\u00e9s aux campagnes marketing des industriels.<\/p>\n<p style=\"text-align: justify\">Avec cette initiative, Milan se positionne pour un air plus pur et un espace public plus sain. l\u2019accompagnement de la mesure et l\u2019\u00e9valuation de son acceptation et de son effectivit\u00e9 seront \u00e0 suivre.<\/p>\n<p style=\"text-align: justify\"><strong><a href=\"https:\/\/www.generationsanstabac.org\/\">\u00a9G\u00e9n\u00e9ration Sans Tabac<\/a><\/strong><\/p>\n<p style=\"text-align: right\"><strong><em>RK<\/em><\/strong><\/p>\n<hr \/>\n<p><a href=\"#_ftnref1\" name=\"_ftn1\">[1]<\/a> <a href=\"https:\/\/lepetitjournal.com\/milan\/actualites\/1er-janvier-2025-interdiction-fumer-rue-milan-399600\">https:\/\/lepetitjournal.com\/milan\/actualites\/1er-janvier-2025-interdiction-fumer-rue-milan-399600<\/a> (consult\u00e9 le 17\/12\/2024)<\/p>\n<p><a href=\"#_ftnref2\" name=\"_ftn2\">[2]<\/a> <a href=\"https:\/\/www.generationsanstabac.org\/fr\/actualites\/la-commission-europeenne-recommande-lextension-des-espaces-sans-tabac-et-sans-vapotage-dans-les-etats-membres\/\">https:\/\/www.generationsanstabac.org\/fr\/actualites\/la-commission-europeenne-recommande-lextension-des-espaces-sans-tabac-et-sans-vapotage-dans-les-etats-membres\/<\/a><\/p>\n<p style=\"text-align: justify\"><a href=\"#_ftnref3\" name=\"_ftn3\">[3]<\/a> Joe Burn et Gabe Greschler, <a href=\"https:\/\/sfstandard.com\/2024\/09\/04\/zyn-ban-san-francisco-online-tobacco-flavor-pouch-lawsuit\/\">City targets online sales of flavored Zyn nicotine pouches in lawsuit<\/a>, The San Francisco Standard, publi\u00e9 le 4 septembre 2024, consult\u00e9 le 16 d\u00e9cembre 2024<\/p>\n<p><span style=\"color: #999999\"><strong><a style=\"color: #999999\" href=\"http:\/\/www.cnct.fr\/\" target=\"_blank\" rel=\"noopener noreferrer\">Comit\u00e9 national contre le tabagisme |<\/a><\/strong><\/span><\/p>\n","protected":false},"excerpt":{"rendered":"<p>\u00c0 compter du 1er janvier 2025, Milan franchit une nouvelle \u00e9tape dans sa lutte contre la pollution et le tabagisme. La ville \u00e9tend l\u2019interdiction de fumer \u00e0 toutes les rues et espaces ext\u00e9rieurs publics, sauf dans des lieux isol\u00e9s avec un p\u00e9rim\u00e8tre d\u2019un rayon d\u2019au moins 10 m\u00e8tres de distance avec d\u2019autres personnes est respect\u00e9. Cette mesure s&rsquo;inscrit dans le cadre du Plan Climat Air, visant \u00e0 r\u00e9duire de moiti\u00e9 les \u00e9missions de CO2 d&rsquo;ici 2050<\/p>\n","protected":false},"featured_media":23051,"template":"","tags":[],"thematique":[474],"class_list":["post-23048","actualites","type-actualites","status-publish","has-post-thumbnail","hentry","thematique-sante"],"acf":[],"_links":{"self":[{"href":"https:\/\/www.generationsanstabac.org\/fr\/wp-json\/wp\/v2\/actualites\/23048","targetHints":{"allow":["GET"]}}],"collection":[{"href":"https:\/\/www.generationsanstabac.org\/fr\/wp-json\/wp\/v2\/actualites"}],"about":[{"href":"https:\/\/www.generationsanstabac.org\/fr\/wp-json\/wp\/v2\/types\/actualites"}],"version-history":[{"count":0,"href":"https:\/\/www.generationsanstabac.org\/fr\/wp-json\/wp\/v2\/actualites\/23048\/revisions"}],"wp:featuredmedia":[{"embeddable":true,"href":"https:\/\/www.generationsanstabac.org\/fr\/wp-json\/wp\/v2\/media\/23051"}],"wp:attachment":[{"href":"https:\/\/www.generationsanstabac.org\/fr\/wp-json\/wp\/v2\/media?parent=23048"}],"wp:term":[{"taxonomy":"post_tag","embeddable":true,"href":"https:\/\/www.generationsanstabac.org\/fr\/wp-json\/wp\/v2\/tags?post=23048"},{"taxonomy":"thematique","embeddable":true,"href":"https:\/\/www.generationsanstabac.org\/fr\/wp-json\/wp\/v2\/thematique?post=23048"}],"curies":[{"name":"wp","href":"https:\/\/api.w.org\/{rel}","templated":true}]}}