{"id":23037,"date":"2024-12-17T08:00:46","date_gmt":"2024-12-17T07:00:46","guid":{"rendered":"https:\/\/www.generationsanstabac.org\/?post_type=actualites&#038;p=23037"},"modified":"2024-12-16T15:31:26","modified_gmt":"2024-12-16T14:31:26","slug":"1-million-de-cigarettes-electroniques-jetees-par-jour-le-cauchemar-environnemental-des-puffs-au-royaume-uni","status":"publish","type":"actualites","link":"https:\/\/www.generationsanstabac.org\/fr\/actualites\/1-million-de-cigarettes-electroniques-jetees-par-jour-le-cauchemar-environnemental-des-puffs-au-royaume-uni\/","title":{"rendered":"1 million de cigarettes \u00e9lectroniques jet\u00e9es par jour : le \u00ab cauchemar environnemental \u00bb des puffs au Royaume-Uni"},"content":{"rendered":"<p style=\"text-align: justify\"><em>Au Royaume-Uni, treize cigarettes \u00e9lectroniques sont jet\u00e9es chaque seconde, soit plus d\u2019un million de dispositifs par jour. En l\u2019absence d\u2019une fili\u00e8re de recyclage d\u00e9di\u00e9e et d\u2019une information suffisante au consommateur, les cigarettes \u00e9lectroniques, et \u00e0 plus forte raison les cigarettes \u00e9lectroniques jetables, constituent un risque environnemental majeur. <\/em><\/p>\n<p style=\"text-align: justify\">Une \u00e9tude men\u00e9e par Opinium pour le compte de Material Focus s\u2019est pench\u00e9e sur les comportements en mati\u00e8re de recyclage des cigarettes \u00e9lectroniques, soulignant \u00e0 la fois l\u2019ampleur des d\u00e9chets g\u00e9n\u00e9r\u00e9s par ces nouveaux produits, le d\u00e9veloppement rapide de la consommation, et l\u2019importance d\u2019une interdiction de toutes les cigarettes \u00e9lectroniques jetables<a href=\"#_ftn1\" name=\"_ftnref1\">[1]<\/a>.<\/p>\n<h2 style=\"text-align: justify\"><strong>Pollution, incendies\u00a0: les nouveaux d\u00e9fis de ces d\u00e9chets de masse<\/strong><\/h2>\n<p style=\"text-align: justify\">En tant que dispositifs \u00e9lectroniques, les cigarettes \u00e9lectroniques ne doivent pas \u00eatre jet\u00e9es comme des d\u00e9chets ordinaires, mais doivent \u00eatre d\u00e9pos\u00e9es dans des points de collecte d\u00e9di\u00e9s. En effet, 80% des composants d\u2019une cigarette \u00e9lectronique peuvent \u00e0 ce jour \u00eatre recycl\u00e9s. En revanche, la pr\u00e9sence de lithium ou de cuivre en font des d\u00e9chets particuli\u00e8rement toxiques, pouvant entra\u00eener une pollution durable des eaux et des sols. Pr\u00e8s de 40% des cigarettes \u00e9lectroniques achet\u00e9es sont des cigarettes \u00e9lectroniques \u00e0 usage unique (<em>puff<\/em>). Les faibles niveaux de recyclage de ces produits sont pr\u00e9occupants pour l\u2019environnement, puisque 61% des consommateurs de <em>puffs<\/em> indiquent les jeter \u00e0 la poubelle. Au total, 8,2 millions de cigarettes \u00e9lectroniques sont jet\u00e9es chaque semaine en dehors de toute fili\u00e8re de recyclage. La pr\u00e9sence de batterie dans ces produits constitue un nouveau d\u00e9fi pour les centres de d\u00e9chets, avec une augmentation de 71% des incendies li\u00e9e \u00e0 des cigarettes \u00e9lectroniques endommag\u00e9es ou \u00e9cras\u00e9es, entre 2022 et 2023.<\/p>\n<h2 style=\"text-align: justify\"><strong>Les \u00ab\u00a0<em>big puffs\u00a0<\/em>\u00bb, la solution des fabricants pour contourner l\u2019interdiction<\/strong><\/h2>\n<p style=\"text-align: justify\">Selon l\u2019\u00e9tude, 77% des consommateurs de cigarettes \u00e9lectroniques consid\u00e8rent que les fabricants fournissent une information insuffisante sur les bonnes pratiques en mati\u00e8re de recyclage.\u00a0 De la m\u00eame mani\u00e8re, de nombreuses enseignes de vapotage ne mettent pas de points de recyclage \u00e0 la disposition des consommateurs, bien qu\u2019il s\u2019agisse d\u2019une de leurs obligations l\u00e9gales. Selon la ministre britannique de l\u2019\u00e9conomie circulaire, les fabricants de cigarettes \u00e9lectroniques participent encore trop peu au financement du traitement ou du recyclage des d\u00e9chets que leur activit\u00e9 g\u00e9n\u00e8re. Surtout, alors que les cigarettes \u00e9lectroniques jetables devaient \u00eatre interdites \u00e0 partir de juin 2025, les fabricants ont anticip\u00e9 le risque r\u00e9glementaire en commercialisant des \u00ab\u00a0<em>big puffs\u00a0<\/em>\u00bb, offrant 6000 bouff\u00e9es au consommateur, contre 600 pour les <em>puffs<\/em> de premi\u00e8re g\u00e9n\u00e9ration. Ces nouvelles cigarettes \u00e9lectroniques, pouvant \u00eatre recharg\u00e9es \u00e9lectroniquement, mais ne permettant pas au consommateur de recharger en liquide, ni de changer la r\u00e9sistance, ont en r\u00e9alit\u00e9 une dur\u00e9e de vie extr\u00eamement limit\u00e9e. Cependant, elles \u00e9chappent \u00e0 la d\u00e9finition r\u00e9glementaire du \u00ab\u00a0jetable\u00a0\u00bb, et donc \u00e0 l\u2019interdiction pr\u00e9vue dans six mois. En divisant par plus de quatre le prix par bouff\u00e9e, ces nouveaux produits attirent un nombre croissant de consommateurs, atteignant trois millions d\u2019achats par semaine.<\/p>\n<h2 style=\"text-align: justify\"><strong>Interdiction des puffs, fili\u00e8re de recyclage\u00a0: les solutions pour faire face au probl\u00e8me<\/strong><\/h2>\n<p style=\"text-align: justify\">Pour faire face au \u00ab\u00a0cauchemar environnemental\u00a0\u00bb des cigarettes \u00e9lectroniques jetables, Material Focus plaide notamment pour la mise en place d\u2019une action imm\u00e9diate, significative et transparente des fabricants, pour proposer une solution de reprise au consommateur, associ\u00e9e \u00e0 une campagne de communication, et demande que l\u2019ensemble des dispositifs vendus soient accompagn\u00e9s d\u2019une information claire sur les possibilit\u00e9s de recyclage. De leur c\u00f4t\u00e9, les organisations de sant\u00e9 publique consid\u00e8rent que la pr\u00e9vention de la production de d\u00e9chets demeure la solution la plus efficace pour lutter contre la pollution. Autrement dit, ces acteurs demandent prioritairement l\u2019interdiction de toutes les cigarettes \u00e9lectroniques jetables, y compris les mod\u00e8les de nouvelle g\u00e9n\u00e9ration. Par ailleurs, comme cette probl\u00e9matique a \u00e9t\u00e9 soulev\u00e9e avec l\u2019\u00e9co-organisme <a href=\"https:\/\/www.generationsanstabac.org\/fr\/actualites\/alcome-pourquoi-leco-organisme-de-lutte-contre-les-megots-pose-probleme\/\">Alcome<\/a> pour les produits du tabac, les ONG de sant\u00e9 publique estiment que la mise en place d\u2019une fili\u00e8re de recyclage des cigarettes \u00e9lectroniques doit \u00eatre strictement encadr\u00e9e, et ne pas \u00eatre d\u00e9tourn\u00e9e par les fabricants comme un outil de <em>green washing<\/em> et de cr\u00e9dibilisation aupr\u00e8s des d\u00e9cideurs publics.<\/p>\n<p style=\"text-align: justify\"><strong><a href=\"https:\/\/www.generationsanstabac.org\/\">\u00a9G\u00e9n\u00e9ration Sans Tabac<\/a><\/strong><\/p>\n<p style=\"text-align: right\"><strong><em>FT<\/em><\/strong><\/p>\n<hr \/>\n<p style=\"text-align: justify\"><a href=\"#_ftnref1\" name=\"_ftn1\">[1]<\/a> Material Focus, <a href=\"https:\/\/www.materialfocus.org.uk\/press-releases\/big-puff-vapes-are-surging-onto-the-market-adding-to-the-vape-environmental-crisis\/\">\u201cBig puff\u201d vapes are surging onto the market adding to the vape environmental crisis<\/a>, 16\/12\/2024, (consult\u00e9 le jour m\u00eame)<\/p>\n<p><span style=\"color: #999999\"><strong><a style=\"color: #999999\" href=\"http:\/\/www.cnct.fr\/\" target=\"_blank\" rel=\"noopener noreferrer\">Comit\u00e9 national contre le tabagisme |<\/a><\/strong><\/span><\/p>\n","protected":false},"excerpt":{"rendered":"<p>La pr\u00e9sence de batterie dans ces produits constitue un nouveau d\u00e9fi pour les centres de d\u00e9chets, avec une augmentation de 71% des incendies li\u00e9e \u00e0 des cigarettes \u00e9lectroniques endommag\u00e9es ou \u00e9cras\u00e9es, entre 2022 et 2023.<\/p>\n","protected":false},"featured_media":23040,"template":"","tags":[],"thematique":[480,516],"class_list":["post-23037","actualites","type-actualites","status-publish","has-post-thumbnail","hentry","thematique-environnement","thematique-nouveaux-produits"],"acf":[],"_links":{"self":[{"href":"https:\/\/www.generationsanstabac.org\/fr\/wp-json\/wp\/v2\/actualites\/23037","targetHints":{"allow":["GET"]}}],"collection":[{"href":"https:\/\/www.generationsanstabac.org\/fr\/wp-json\/wp\/v2\/actualites"}],"about":[{"href":"https:\/\/www.generationsanstabac.org\/fr\/wp-json\/wp\/v2\/types\/actualites"}],"version-history":[{"count":0,"href":"https:\/\/www.generationsanstabac.org\/fr\/wp-json\/wp\/v2\/actualites\/23037\/revisions"}],"wp:featuredmedia":[{"embeddable":true,"href":"https:\/\/www.generationsanstabac.org\/fr\/wp-json\/wp\/v2\/media\/23040"}],"wp:attachment":[{"href":"https:\/\/www.generationsanstabac.org\/fr\/wp-json\/wp\/v2\/media?parent=23037"}],"wp:term":[{"taxonomy":"post_tag","embeddable":true,"href":"https:\/\/www.generationsanstabac.org\/fr\/wp-json\/wp\/v2\/tags?post=23037"},{"taxonomy":"thematique","embeddable":true,"href":"https:\/\/www.generationsanstabac.org\/fr\/wp-json\/wp\/v2\/thematique?post=23037"}],"curies":[{"name":"wp","href":"https:\/\/api.w.org\/{rel}","templated":true}]}}