{"id":23012,"date":"2024-12-13T08:33:48","date_gmt":"2024-12-13T07:33:48","guid":{"rendered":"https:\/\/www.generationsanstabac.org\/?post_type=actualites&#038;p=23012"},"modified":"2024-12-11T15:43:08","modified_gmt":"2024-12-11T14:43:08","slug":"au-vietnam-lepidemie-tabagique-persiste","status":"publish","type":"actualites","link":"https:\/\/www.generationsanstabac.org\/fr\/actualites\/au-vietnam-lepidemie-tabagique-persiste\/","title":{"rendered":"Au Vietnam, l\u2019\u00e9pid\u00e9mie tabagique persiste  \u00a0"},"content":{"rendered":"<p style=\"text-align: justify\"><em>Au Vietnam, le vice-ministre de la Sant\u00e9, Tran Van Thuan, fait \u00e9tat de la persistance des niveaux \u00e9lev\u00e9s de consommation des produits du tabac dans le pays, rappelant par ailleurs que le tabagisme repr\u00e9sente un co\u00fbt financier particuli\u00e8rement lourd pour les pouvoirs publics<a href=\"#_ftn1\" name=\"_ftnref1\"><strong>[1]<\/strong><\/a>. <\/em><\/p>\n<h2 style=\"text-align: justify\"><strong>Plus de 40% de fumeurs chez les hommes<\/strong><\/h2>\n<p style=\"text-align: justify\">Bien que la consommation de tabac ait baiss\u00e9 au Vietnam depuis la ratification de la Convention-cadre de l\u2019Organisation mondiale de la sant\u00e9 pour la lutte antitabac en 2004, le pays enregistre une des pr\u00e9valences tabagiques les plus \u00e9lev\u00e9es du monde. Selon les donn\u00e9es de l\u2019OMS, plus d\u2019un Vietnamien sur cinq \u00e2g\u00e9 de 15 ans et plus est fumeur. Comme dans de nombreux pays, le tabagisme touche avant tout les hommes, puisque plus de 40% d\u2019entre eux consomment du tabac, contre moins de 1% des femmes. Un rapport publi\u00e9 en novembre 2023 montre que la faiblesse de la pr\u00e9valence tabagique des femmes est per\u00e7ue comme une opportunit\u00e9 par l\u2019industrie du tabac, qui cible cette r\u00e9serve de consommation \u00e0 travers des campagnes publicitaires et marketing, associant le tabac \u00e0 la mode, au glamour, ou \u00e0 l\u2019\u00e9mancipation des femmes<a href=\"#_ftn2\" name=\"_ftnref2\">[2]<\/a>, reprenant une strat\u00e9gie \u00e9labor\u00e9e par les cigarettiers depuis maintenant un si\u00e8cle.<\/p>\n<h2 style=\"text-align: justify\"><strong>Le co\u00fbt du tabagisme au Vietnam<\/strong><\/h2>\n<p style=\"text-align: justify\">En 2022, le Vietnam a produit pr\u00e8s de 35 000 tonnes de tabac brut, soit 0,6% de la consommation mondiale annuelle, estim\u00e9e \u00e0 5,8 millions de tonnes, pla\u00e7ant le pays \u00e0 la 19<sup>\u00e8me<\/sup> place des producteurs de tabac. Toutefois, le poids du tabac dans l\u2019\u00e9conomie tend \u00e0 diminuer progressivement\u00a0: entre 2010 et 2022, la production de tabac brut au Vietnam a diminu\u00e9 de pr\u00e8s de 40%, tandis que les surfaces agricoles d\u00e9di\u00e9es \u00e0 la production de tabac ont recul\u00e9 de plus de 56%<a href=\"#_ftn3\" name=\"_ftnref3\">[3]<\/a>. Un tel recul tend \u00e0 refl\u00e9ter la progressive prise de conscience des pouvoirs publics vietnamiens \u00e0 l\u2019\u00e9gard du co\u00fbt que repr\u00e9sente le tabac pour l\u2019\u00e9conomie. En effet, les d\u00e9penses des pouvoirs publics vietnamiens li\u00e9s \u00e0 la consommation de tabac, englobant \u00e0 la fois les d\u00e9penses de sant\u00e9, les pertes de productivit\u00e9 li\u00e9es au d\u00e9veloppement de pathologies, ou les d\u00e9c\u00e8s pr\u00e9matur\u00e9s, s\u2019\u00e9levaient en 2022 \u00e0 plus de quatre milliards d\u2019euros par an, soit cinq fois plus que les recettes fiscales g\u00e9n\u00e9r\u00e9es par la vente de produits du tabac dans le pays. Au-del\u00e0 des comptes publics, l\u2019ensemble de la soci\u00e9t\u00e9 vietnamienne est p\u00e9nalis\u00e9 \u00e9conomiquement par le tabagisme, puisqu\u2019une \u00e9tude estime que la consommation de tabac, particuli\u00e8rement addictive, tend \u00e0 aggraver les in\u00e9galit\u00e9s sociales en maintenant des populations dans des cycles de pauvret\u00e9. Cette m\u00eame \u00e9tude consid\u00e8re qu\u2019en 2018, le tabagisme a fait basculer plus de 300 000 Vietnamiens dans la pauvret\u00e9.<\/p>\n<h2 style=\"text-align: justify\"><strong>Une r\u00e9glementation encore insuffisante face au fardeau sanitaire du tabagisme<\/strong><\/h2>\n<p style=\"text-align: justify\">Surtout, l\u2019industrie du tabac est responsable de pr\u00e8s d\u2019un d\u00e9c\u00e8s pr\u00e9matur\u00e9 sur quatre au Vietnam (23,8%), la consommation de ces produits entra\u00eenant la mort annuelle de plus de 100 000 personnes dans le pays (dont 19 000 d\u2019entre eux \u00e9tant dus au tabagisme passif). Plus pr\u00e9cis\u00e9ment, le tabagisme est responsable de pr\u00e8s de 80% des d\u00e9c\u00e8s par cancer du poumon, de 60% des d\u00e9c\u00e8s par BPCO, ou encore de 22% des d\u00e9c\u00e8s par AVC. Bien que des progr\u00e8s aient \u00e9t\u00e9 r\u00e9alis\u00e9s en la mati\u00e8re, la r\u00e9glementation sur les produits du tabac demeure encore insuffisante, notamment en mati\u00e8re de publicit\u00e9, puisque les activit\u00e9s de sponsor et de responsabilit\u00e9 sociale des entreprises ne sont pas interdites au Vietnam<a href=\"#_ftn4\" name=\"_ftnref4\">[4]<\/a>. Par ailleurs, les interdictions de fumer dans les espaces publics demeurent incompl\u00e8tes, ne comprenant pas, par exemple, les transports publics ou les caf\u00e9s. Enfin, la vente de cigarettes \u00e0 l\u2019unit\u00e9, ciblant principalement les jeunes g\u00e9n\u00e9rations, n\u2019est pas interdite, ni la vente de tabac sur internet. Fin novembre, l\u2019Assembl\u00e9e nationale vietnamienne a toutefois adopt\u00e9 <a href=\"https:\/\/www.generationsanstabac.org\/fr\/actualites\/vietnam-une-interdiction-totale-des-cigarettes-electroniques-et-du-tabac-chauffe-des-2025\/\">l\u2019interdiction<\/a> de la production, de la vente, de l\u2019importation, du stockage, du transport et de l\u2019utilisation de cigarettes \u00e9lectroniques et de tabac \u00e0 chauffer, et ce d\u00e8s 2025.<\/p>\n<p style=\"text-align: justify\"><strong><a href=\"https:\/\/www.generationsanstabac.org\/\">\u00a9G\u00e9n\u00e9ration Sans Tabac<\/a><\/strong><\/p>\n<p style=\"text-align: right\"><strong><em>FT<\/em><\/strong><\/p>\n<hr \/>\n<p style=\"text-align: justify\"><a href=\"#_ftnref1\" name=\"_ftn1\">[1]<\/a> Vietnam Plus, <a href=\"https:\/\/en.vietnamplus.vn\/vietnam-remains-among-countries-with-highest-smoking-rates-post306373.vnp\">Vietnam remains among countries with highest smoking rates<\/a>, 09\/12\/2024, (consult\u00e9 le 10\/12\/2024)<\/p>\n<p style=\"text-align: justify\"><a href=\"#_ftnref2\" name=\"_ftn2\">[2]<\/a> Organisation mondiale de la Sant\u00e9, <a href=\"https:\/\/www.who.int\/vietnam\/news\/commentaries\/detail\/women-and-tobacco-in-viet-nam--the-hidden-threat\">Women and Tobacco in Viet Nam: The Hidden Threat<\/a>, 16\/11\/2023<\/p>\n<p style=\"text-align: justify\"><a href=\"#_ftnref3\" name=\"_ftn3\">[3]<\/a> Global Action to End Smoking, <a href=\"https:\/\/globalactiontoendsmoking.org\/research\/tobacco-around-the-world\/viet-nam\/\">State of Smoking and Health in Vietnam,<\/a> 04\/09\/2024, (consult\u00e9 le 10\/12\/2024)<\/p>\n<p style=\"text-align: justify\"><a href=\"#_ftnref4\" name=\"_ftn4\">[4]<\/a> OMS, <a href=\"https:\/\/cdn.who.int\/media\/docs\/default-source\/country-profiles\/tobacco\/gtcr-2023\/tobacco-2023-vnm.pdf?sfvrsn=2384015e_3&amp;download=true\">Country profile\u00a0: Vietnam<\/a>, 2023, (consult\u00e9 le 10\/12\/2024)<\/p>\n<p><span style=\"color: #999999\"><strong><a style=\"color: #999999\" href=\"http:\/\/www.cnct.fr\/\" target=\"_blank\" rel=\"noopener noreferrer\">Comit\u00e9 national contre le tabagisme |<\/a><\/strong><\/span><\/p>\n","protected":false},"excerpt":{"rendered":"<p>Le poids du tabac dans l\u2019\u00e9conomie tend \u00e0 diminuer progressivement\u00a0: entre 2010 et 2022, la production de tabac brut au Vietnam a diminu\u00e9 de pr\u00e8s de 40%, tandis que les surfaces agricoles d\u00e9di\u00e9es \u00e0 la production de tabac ont recul\u00e9 de plus de 56%. <\/p>\n","protected":false},"featured_media":23015,"template":"","tags":[],"thematique":[491,474],"class_list":["post-23012","actualites","type-actualites","status-publish","has-post-thumbnail","hentry","thematique-politiques-publiques","thematique-sante"],"acf":[],"_links":{"self":[{"href":"https:\/\/www.generationsanstabac.org\/fr\/wp-json\/wp\/v2\/actualites\/23012","targetHints":{"allow":["GET"]}}],"collection":[{"href":"https:\/\/www.generationsanstabac.org\/fr\/wp-json\/wp\/v2\/actualites"}],"about":[{"href":"https:\/\/www.generationsanstabac.org\/fr\/wp-json\/wp\/v2\/types\/actualites"}],"version-history":[{"count":0,"href":"https:\/\/www.generationsanstabac.org\/fr\/wp-json\/wp\/v2\/actualites\/23012\/revisions"}],"wp:featuredmedia":[{"embeddable":true,"href":"https:\/\/www.generationsanstabac.org\/fr\/wp-json\/wp\/v2\/media\/23015"}],"wp:attachment":[{"href":"https:\/\/www.generationsanstabac.org\/fr\/wp-json\/wp\/v2\/media?parent=23012"}],"wp:term":[{"taxonomy":"post_tag","embeddable":true,"href":"https:\/\/www.generationsanstabac.org\/fr\/wp-json\/wp\/v2\/tags?post=23012"},{"taxonomy":"thematique","embeddable":true,"href":"https:\/\/www.generationsanstabac.org\/fr\/wp-json\/wp\/v2\/thematique?post=23012"}],"curies":[{"name":"wp","href":"https:\/\/api.w.org\/{rel}","templated":true}]}}