{"id":23007,"date":"2024-12-12T09:00:17","date_gmt":"2024-12-12T08:00:17","guid":{"rendered":"https:\/\/www.generationsanstabac.org\/?post_type=actualites&#038;p=23007"},"modified":"2024-12-12T09:35:00","modified_gmt":"2024-12-12T08:35:00","slug":"traite-plastique-opportunite-manquee-pour-la-lutte-contre-le-tabagisme","status":"publish","type":"actualites","link":"https:\/\/www.generationsanstabac.org\/fr\/actualites\/traite-plastique-opportunite-manquee-pour-la-lutte-contre-le-tabagisme\/","title":{"rendered":"Trait\u00e9 plastique \u2013 opportunit\u00e9 manqu\u00e9e pour la lutte contre le tabagisme"},"content":{"rendered":"<p style=\"text-align: justify\"><em>La cinqui\u00e8me session du Comit\u00e9 intergouvernemental de n\u00e9gociation (CIN5) charg\u00e9 d\u2019\u00e9laborer un trait\u00e9 international juridiquement contraignant pour mettre fin \u00e0 la pollution plastique s\u2019est termin\u00e9e le 1er d\u00e9cembre dernier \u00e0 Busan, en Cor\u00e9e du Sud. Les n\u00e9gociations ont \u00e9chou\u00e9 \u00e0 aboutir \u00e0 un accord lors de cette rencontre et se poursuivront en 2025. Outre l\u2019interdiction imm\u00e9diate des filtres de cigarettes, la prise en compte des enjeux de sant\u00e9 publique et environnementale comme prioritaires ont constitu\u00e9 une pr\u00e9occupation majeure lors de ces n\u00e9gociations pour les acteurs de la lutte contre le tabagisme, dont le Comit\u00e9 national contre le tabagisme, pr\u00e9sent sur place.<\/em><\/p>\n<p style=\"text-align: justify\">Plus de 170 pays \u00e9taient pr\u00e9sents du 25 novembre au 1<sup>er<\/sup> d\u00e9cembre en vue de finaliser un trait\u00e9 international juridiquement contraignant visant \u00e0 mettre fin aux d\u00e9chets plastiques d\u2019ici \u00e0 2040<a href=\"#_ftn1\" name=\"_ftnref1\">[1]<\/a>.<\/p>\n<h2 style=\"text-align: justify\"><strong>Des progr\u00e8s, mais beaucoup reste \u00e0 faire en particulier pour l\u2019interdiction des filtres de cigarettes<\/strong><\/h2>\n<p style=\"text-align: justify\">Bien qu&rsquo;aucun texte de trait\u00e9 n&rsquo;ait \u00e9t\u00e9 adopt\u00e9, plus de 100 pays r\u00e9unis sous la High Coalition Ambition (dont la France et l\u2019Union Europ\u00e9enne) ont soutenu un trait\u00e9 solide visant \u00e0 r\u00e9duire drastiquement la pollution plastique \u00e0 la source en ciblant les plastiques probl\u00e9matiques.<\/p>\n<p style=\"text-align: justify\">Dans le texte en discussion, les \u00ab filtres \u00e0 cigarettes en plastique \u00bb figurent dans une annexe de produits pour lesquels des mesures \u00ab appropri\u00e9es \u00bb doivent \u00eatre transmises par un comit\u00e9 d&rsquo;examen sp\u00e9cifique et soumises pour adoption \u00e0 la premi\u00e8re Conf\u00e9rence des parties cons\u00e9cutive \u00e0 l\u2019entr\u00e9e en vigueur du trait\u00e9. \u00a0Si l&rsquo;inclusion des filtres de cigarettes est une \u00e9tape cruciale dans la lutte contre les d\u00e9chets plastiques inutiles et toxiques, pour les d\u00e9fenseurs de la lutte contre le tabagisme, la r\u00e9f\u00e9rence \u00e0 \u00ab fabriqu\u00e9 avec du plastique \u00bb est probl\u00e9matique car elle donne l&rsquo;impression que des filtres dits biod\u00e9gradables seraient l\u00e9gitimes. \u00a0Les associations rappellent que les m\u00e9gots, quelle que soit leur composition (plastique ou non plastique), contiennent jusqu\u2019\u00e0 7 000 substances chimiques et sont particuli\u00e8rement toxiques et dangereux pour l\u2019environnement. \u00a0En outre, les mesures \u00ab appropri\u00e9es \u00bb auxquelles ces produits sont soumis dans l\u2019annexe ne signifient pas n\u00e9cessairement une interdiction.<\/p>\n<p style=\"text-align: justify\">Les d\u00e9fenseurs antitabac alertent aussi sur le fait que la cr\u00e9ation d\u2019un comit\u00e9 d\u2019examen pour \u00e9valuer les mesures \u00e0 prendre sur les produits identifi\u00e9s pourrait constituer une opportunit\u00e9 pour l\u2019industrie du tabac d\u2019\u00eatre une partie prenante active au processus avec le risque de \u00ab solutions \u00bb contre-productives (comme les filtres biod\u00e9gradables) susceptibles d\u2019\u00eatre promues par les fabricants.<\/p>\n<h2 style=\"text-align: justify\"><strong>Int\u00e9grer les obligations de sant\u00e9 dans les objectifs environnementaux<\/strong><\/h2>\n<p style=\"text-align: justify\">Les d\u00e9fenseurs de la lutte antitabac ont soulign\u00e9 l&rsquo;importance de pr\u00e9server le futur trait\u00e9 de toute ing\u00e9rence de l&rsquo;industrie du tabac et de veiller \u00e0 ce que ses dispositions sur la pollution plastique n&rsquo;entrent pas en conflit avec les obligations d\u00e9j\u00e0 existantes issues en particulier de la Convention-cadre de l&rsquo;OMS pour la lutte antitabac (CCLAT).<\/p>\n<p style=\"text-align: justify\">Les acteurs de sant\u00e9 ont activement promu la d\u00e9cision de la derni\u00e8re Conf\u00e9rence des Parties de la CCLAT adopt\u00e9e en f\u00e9vrier dernier \u00e0 Panama concernant une des dispositions du trait\u00e9 d\u00e9di\u00e9 \u00e0 la protection de l\u2019environnement. Cette d\u00e9cision appelait les n\u00e9gociateurs du trait\u00e9 plastique et les pays \u00e0 <em>\u00ab coordonner leurs efforts pour lutter contre les d\u00e9chets plastiques provenant des produits du tabac \u00bb<\/em> et \u00e0 prot\u00e9ger les politiques environnementales li\u00e9es au tabac des int\u00e9r\u00eats commerciaux et particuliers de l\u2019industrie du tabac. Ils ont rappel\u00e9 aux d\u00e9l\u00e9gu\u00e9s que toute implication de l&rsquo;industrie du tabac dans les solutions \u00e0 la pollution plastique, en particulier sous le vocable de la responsabilit\u00e9 \u00e9largie des producteurs (REP) ou de la responsabilit\u00e9 sociale des entreprises (RSE), saperait les objectifs environnementaux.<\/p>\n<p style=\"text-align: justify\">Le Comit\u00e9 national contre le tabagisme a par ailleurs insist\u00e9 aupr\u00e8s des d\u00e9l\u00e9gu\u00e9s fran\u00e7ais et europ\u00e9ens pr\u00e9sents que si les fili\u00e8res REP sont des solutions efficaces pour certains secteurs, elles ne sont pas adapt\u00e9es pour les produits de l\u2019industrie du tabac, le cas de l\u2019\u00e9co-organisme Alcome en constituant une illustration. \u00a0En effet, l\u2019\u00e9co-organisme, enti\u00e8rement g\u00e9r\u00e9 par l\u2019industrie du tabac, rejette la responsabilit\u00e9 de la pollution par les m\u00e9gots sur les consommateurs. Le dispositif leur donne une opportunit\u00e9 de communiquer en offrant une image de respectabilit\u00e9 et d\u2019acteur l\u00e9gitime. Elle les place enfin en situation de nouer des accords avec les diff\u00e9rents acteurs locaux et ce faisant de participer aux prises de d\u00e9cision<a href=\"#_ftn2\" name=\"_ftnref2\">[2]<\/a>.<\/p>\n<p style=\"text-align: justify\">Dans une d\u00e9claration, les d\u00e9fenseurs de la lutte antitabac, r\u00e9unis au sein de l&rsquo;alliance Stop Tobacco Pollution, ont indiqu\u00e9 poursuivre leurs efforts de collaboration avec les gouvernements, les ONG et les organismes internationaux pour veiller \u00e0 ce que le trait\u00e9 final int\u00e8gre les garanties sanitaires n\u00e9cessaires et s&rsquo;aligne pleinement sur les normes mondiales en mati\u00e8re de sant\u00e9.<\/p>\n<p style=\"text-align: justify\"><strong><a href=\"https:\/\/www.generationsanstabac.org\/\">\u00a9G\u00e9n\u00e9ration Sans Tabac<\/a><\/strong><\/p>\n<p style=\"text-align: right\"><strong><em>AE<\/em><\/strong><\/p>\n<hr \/>\n<p style=\"text-align: justify\"><a href=\"#_ftnref1\" name=\"_ftn1\">[1]<\/a> Communiqu\u00e9, <a href=\"https:\/\/cnct.fr\/communiques\/inc5-2-une-opportunite-davoir-un-traite-plastique-audacieux-aligne-sur-les-objectifs-de-sante-et-incluant-la-pollution-des-produits-du-tabac\/\">INC5.2 \u2013 Une opportunit\u00e9 d\u2019avoir un trait\u00e9 plastique audacieux, align\u00e9 sur les objectifs de sant\u00e9 et incluant la pollution des produits du tabac<\/a>, CNCT, publi\u00e9 le 2 d\u00e9cembre 2024, consult\u00e9 le 10 d\u00e9cembre 2024<\/p>\n<p style=\"text-align: justify\"><a href=\"#_ftnref2\" name=\"_ftn2\">[2]<\/a> D\u00e9cryptage, <a href=\"https:\/\/cnct.fr\/communiques\/traite-plastique-lintersection-cruciale-de-la-lutte-antitabac-et-de-la-sante-environnementale\/\">Trait\u00e9 plastique \u2013 L\u2019intersection cruciale de la lutte antitabac et de la sant\u00e9 environnementale<\/a>, CNCT, publi\u00e9 le 21 novembre 2024, consult\u00e9 le 10 d\u00e9cembre 2024<\/p>\n<p><span style=\"color: #999999\"><strong><a style=\"color: #999999\" href=\"http:\/\/www.cnct.fr\/\" target=\"_blank\" rel=\"noopener noreferrer\">Comit\u00e9 national contre le tabagisme |<\/a><\/strong><\/span><\/p>\n","protected":false},"excerpt":{"rendered":"<p>La cinqui\u00e8me session du Comit\u00e9 intergouvernemental de n\u00e9gociation (CIN5) charg\u00e9 d\u2019\u00e9laborer un trait\u00e9 international juridiquement contraignant pour mettre fin \u00e0 la pollution plastique s\u2019est termin\u00e9e le 1er d\u00e9cembre dernier \u00e0 Busan, en Cor\u00e9e du Sud.\u00a0Les n\u00e9gociations ont \u00e9chou\u00e9 \u00e0 aboutir \u00e0 un accord lors de cette rencontre et se poursuivront en 2025. Outre l\u2019interdiction imm\u00e9diate des filtres de cigarettes, la prise en compte des pr\u00e9occupations de sant\u00e9 publique et environnementale comme prioritaires ont constitu\u00e9 une pr\u00e9occupation majeure lors de ces n\u00e9gociations pour les acteurs de la lutte contre le tabagisme, dont le Comit\u00e9 national contre le tabagisme, pr\u00e9sent sur place.<\/p>\n","protected":false},"featured_media":23010,"template":"","tags":[],"thematique":[480,474],"class_list":["post-23007","actualites","type-actualites","status-publish","has-post-thumbnail","hentry","thematique-environnement","thematique-sante"],"acf":[],"_links":{"self":[{"href":"https:\/\/www.generationsanstabac.org\/fr\/wp-json\/wp\/v2\/actualites\/23007","targetHints":{"allow":["GET"]}}],"collection":[{"href":"https:\/\/www.generationsanstabac.org\/fr\/wp-json\/wp\/v2\/actualites"}],"about":[{"href":"https:\/\/www.generationsanstabac.org\/fr\/wp-json\/wp\/v2\/types\/actualites"}],"version-history":[{"count":0,"href":"https:\/\/www.generationsanstabac.org\/fr\/wp-json\/wp\/v2\/actualites\/23007\/revisions"}],"wp:featuredmedia":[{"embeddable":true,"href":"https:\/\/www.generationsanstabac.org\/fr\/wp-json\/wp\/v2\/media\/23010"}],"wp:attachment":[{"href":"https:\/\/www.generationsanstabac.org\/fr\/wp-json\/wp\/v2\/media?parent=23007"}],"wp:term":[{"taxonomy":"post_tag","embeddable":true,"href":"https:\/\/www.generationsanstabac.org\/fr\/wp-json\/wp\/v2\/tags?post=23007"},{"taxonomy":"thematique","embeddable":true,"href":"https:\/\/www.generationsanstabac.org\/fr\/wp-json\/wp\/v2\/thematique?post=23007"}],"curies":[{"name":"wp","href":"https:\/\/api.w.org\/{rel}","templated":true}]}}