{"id":22934,"date":"2024-12-02T08:00:06","date_gmt":"2024-12-02T07:00:06","guid":{"rendered":"https:\/\/www.generationsanstabac.org\/?post_type=actualites&#038;p=22934"},"modified":"2024-11-29T10:14:41","modified_gmt":"2024-11-29T09:14:41","slug":"belgique-linterdiction-des-sachets-de-nicotine-nest-pas-respectee","status":"publish","type":"actualites","link":"https:\/\/www.generationsanstabac.org\/fr\/actualites\/belgique-linterdiction-des-sachets-de-nicotine-nest-pas-respectee\/","title":{"rendered":"Belgique : l\u2019interdiction des sachets de nicotine n\u2019est pas respect\u00e9e"},"content":{"rendered":"<p style=\"text-align: justify\"><em>En d\u00e9pit de leur interdiction en octobre 2023, le journal Brussel Times alerte sur la facilit\u00e9 d\u2019acc\u00e8s des sachets de nicotine chez les commer\u00e7ants en Belgique. <\/em><\/p>\n<p style=\"text-align: justify\">Il y a un an, un arr\u00eat royal interdisait la commercialisation des sachets de nicotine en Belgique, \u00e0 la demande des organisations de sant\u00e9 du pays. Cette d\u00e9cision avait \u00e9t\u00e9 port\u00e9e par Franck Vandebroucke, le ministre de la Sant\u00e9 belge, consid\u00e9rant que l\u2019objectif d\u2019une g\u00e9n\u00e9ration sans tabac est indissociable d\u2019une politique de sant\u00e9 publique restreignant l\u2019acc\u00e8s \u00e0 tous les produits de la nicotine<a href=\"#_ftn1\" name=\"_ftnref1\">[1]<\/a>.<\/p>\n<h2 style=\"text-align: justify\"><strong>Pr\u00e8s d\u2019un commer\u00e7ant sur cinq continue \u00e0 vendre des sachets de nicotine<\/strong><\/h2>\n<p style=\"text-align: justify\">Cette ann\u00e9e, un contr\u00f4le effectu\u00e9 par les autorit\u00e9s belges aupr\u00e8s de 1781 \u00e9tablissements faisait \u00e9tat que plus de 300 d\u2019entre eux ne respectaient pas l\u2019interdiction de vente de sachets de nicotine. Selon Annelies Wynant, la porte-parole du minist\u00e8re de la Sant\u00e9, les commer\u00e7ants contournent la l\u00e9gislation en dissimulant leurs produits dans leurs commerces\u00a0: dans les machines \u00e0 laver, des fours, des friteuses, etc. Les contr\u00f4les men\u00e9s par les autorit\u00e9s ont permis de saisir plus de 3200 bo\u00eetes de sachets de nicotine.<\/p>\n<h2 style=\"text-align: justify\"><strong>Un manque de moyen du minist\u00e8re pour assurer la conformit\u00e9 des pratiques<\/strong><\/h2>\n<p style=\"text-align: justify\">Le Brussel Times note par ailleurs que la l\u00e9gislation sur la nicotine rel\u00e8ve de la l\u00e9gislation sur les produits alimentaires, et donc de la comp\u00e9tence du minist\u00e8re de la Sant\u00e9, m\u00eame si la police peut \u00e9galement proc\u00e9der \u00e0 des contr\u00f4les de conformit\u00e9. En cas d\u2019infraction, le commer\u00e7ant s\u2019expose \u00e0 une amende, pouvant aller de 208 \u00e0 120 000 euros. Au-del\u00e0 des nombreuses infractions constat\u00e9es aupr\u00e8s des commer\u00e7ants belges, la porte-parole du minist\u00e8re de la Sant\u00e9 souligne le risque d\u2019un d\u00e9veloppement d\u2019un commerce ill\u00e9gal de sachets de nicotine sur Internet. Toutefois, pour l\u2019heure, les pratiques de vente et de publicit\u00e9 en ligne sont essentiellement circonscrites aux cigarettes \u00e9lectroniques. Pour Wynant, la lutte contre le commerce de sachets de nicotine devrait \u00eatre davantage endoss\u00e9e par la police que par le minist\u00e8re de la Sant\u00e9, dont l\u2019expertise et les ressources sont trop limit\u00e9es pour \u00eatre men\u00e9e \u00e0 bien.<\/p>\n<h2 style=\"text-align: justify\"><strong>En France, l\u2019interdiction des sachets de nicotine est en discussion<\/strong><\/h2>\n<p style=\"text-align: justify\">Selon le minist\u00e8re de la Sant\u00e9 belge, la prochaine interdiction des sachets de nicotine dans les pays voisins pourrait faciliter la mise en \u0153uvre effective de la mesure. Fin octobre, Genevi\u00e8ve Darrieussecq, la ministre de la Sant\u00e9 et de l\u2019Acc\u00e8s aux soins en France, a annonc\u00e9 l\u2019interdiction prochaine des sachets de nicotine, invoquant notamment la d\u00e9multiplication de cas d\u2019intoxication \u00e0 la nicotine chez les jeunes. Toutefois, le S\u00e9nat et la commission mixte paritaire ont depuis vot\u00e9 en faveur d\u2019une fiscalisation de ces nouveaux produits de la nicotine, suite \u00e0 une strat\u00e9gie de lobbying port\u00e9e conjointement par les fabricants de tabac et la Conf\u00e9d\u00e9ration des buralistes. Toutefois, le d\u00e9cret d\u2019interdiction des sachets de nicotine, port\u00e9e par le gouvernement, a \u00e9t\u00e9 transmis au Conseil d\u2019Etat.<\/p>\n<p style=\"text-align: right\"><strong><em>FT<\/em><\/strong><\/p>\n<p style=\"text-align: justify\"><a href=\"#_ftnref1\" name=\"_ftn1\">[1]<\/a> Brussel Times, <a href=\"https:\/\/www.brusselstimes.com\/belgium\/1326931\/a-year-on-nicotine-pouches-still-available-in-shops-despite-ban\">A year on, nicotine pouches still available in shops despite ban<\/a>, 26\/11\/2024, (consult\u00e9 le 27\/11\/2024)<\/p>\n<p><span style=\"color: #999999\"><strong><a style=\"color: #999999\" href=\"http:\/\/www.cnct.fr\/\" target=\"_blank\" rel=\"noopener noreferrer\">Comit\u00e9 national contre le tabagisme |<\/a><\/strong><\/span><\/p>\n","protected":false},"excerpt":{"rendered":"<p>Cette ann\u00e9e, un contr\u00f4le effectu\u00e9 par les autorit\u00e9s belges aupr\u00e8s de 1781 \u00e9tablissements faisait \u00e9tat que plus de 300 d\u2019entre eux ne respectaient pas l\u2019interdiction de vente de sachets de nicotine.<\/p>\n","protected":false},"featured_media":22530,"template":"","tags":[],"thematique":[516],"class_list":["post-22934","actualites","type-actualites","status-publish","has-post-thumbnail","hentry","thematique-nouveaux-produits"],"acf":[],"_links":{"self":[{"href":"https:\/\/www.generationsanstabac.org\/fr\/wp-json\/wp\/v2\/actualites\/22934","targetHints":{"allow":["GET"]}}],"collection":[{"href":"https:\/\/www.generationsanstabac.org\/fr\/wp-json\/wp\/v2\/actualites"}],"about":[{"href":"https:\/\/www.generationsanstabac.org\/fr\/wp-json\/wp\/v2\/types\/actualites"}],"version-history":[{"count":0,"href":"https:\/\/www.generationsanstabac.org\/fr\/wp-json\/wp\/v2\/actualites\/22934\/revisions"}],"wp:featuredmedia":[{"embeddable":true,"href":"https:\/\/www.generationsanstabac.org\/fr\/wp-json\/wp\/v2\/media\/22530"}],"wp:attachment":[{"href":"https:\/\/www.generationsanstabac.org\/fr\/wp-json\/wp\/v2\/media?parent=22934"}],"wp:term":[{"taxonomy":"post_tag","embeddable":true,"href":"https:\/\/www.generationsanstabac.org\/fr\/wp-json\/wp\/v2\/tags?post=22934"},{"taxonomy":"thematique","embeddable":true,"href":"https:\/\/www.generationsanstabac.org\/fr\/wp-json\/wp\/v2\/thematique?post=22934"}],"curies":[{"name":"wp","href":"https:\/\/api.w.org\/{rel}","templated":true}]}}