{"id":22815,"date":"2024-11-09T09:00:41","date_gmt":"2024-11-09T08:00:41","guid":{"rendered":"https:\/\/www.generationsanstabac.org\/?post_type=actualites&#038;p=22815"},"modified":"2024-11-07T10:08:08","modified_gmt":"2024-11-07T09:08:08","slug":"linterdiction-generationnelle-de-vente-du-tabac-presentee-devant-le-parlement-britannique","status":"publish","type":"actualites","link":"https:\/\/www.generationsanstabac.org\/fr\/actualites\/linterdiction-generationnelle-de-vente-du-tabac-presentee-devant-le-parlement-britannique\/","title":{"rendered":"L\u2019interdiction g\u00e9n\u00e9rationnelle de vente du tabac pr\u00e9sent\u00e9e devant le parlement britannique"},"content":{"rendered":"<p style=\"text-align: justify\"><em>Le <\/em><a href=\"https:\/\/publications.parliament.uk\/pa\/bills\/cbill\/59-01\/0121\/240121v2.pdf\"><em>Tobacco and Vapes Bill<\/em><\/a><em> (projet de loi sur le tabac et les produits du vapotage) a franchi l&rsquo;\u00e9tape de la commission parlementaire lors de la derni\u00e8re l\u00e9gislature. Elle pr\u00e9voir d\u2019introduire une interdiction progressive de la vente de tabac pour la prochaine g\u00e9n\u00e9ration et accordera au gouvernement britannique des pouvoirs suppl\u00e9mentaires pour r\u00e9glementer les dispositifs de vapotage. <\/em><\/p>\n<p style=\"text-align: justify\">Si le projet de loi est adopt\u00e9, ce qui est probable en raison de la majorit\u00e9 du parti travailliste \u00e0 la Chambre des Communes, le Royaume-Uni disposera d\u2019une loi antitabac parmi les plus s\u00e9v\u00e8res au monde. \u00c0 ce projet de loi, s\u2019ajoutent, dans un projet de loi distinct l\u2019interdiction des cigarettes \u00e9lectroniques jetables (puff) \u00e0 compter de juin 2025 et la hausse des taxes sur le tabac et le vapotage.<\/p>\n<p style=\"text-align: justify\">Certaines de ces mesures seront mises en \u0153uvre au niveau du Royaume-Uni, tandis que d&rsquo;autres pourront \u00eatre l\u00e9gif\u00e9r\u00e9es s\u00e9par\u00e9ment par l&rsquo;\u00c9cosse, l&rsquo;Angleterre, le Pays de Galles et l&rsquo;Irlande du Nord. Des consultations ult\u00e9rieures fourniront des orientations plus d\u00e9taill\u00e9es sur ces changements.<\/p>\n<h2 style=\"text-align: justify\"><strong>Une loi soutenue par l\u2019ensemble de l\u2019\u00e9chiquier politique<\/strong><\/h2>\n<p style=\"text-align: justify\">Le rel\u00e8vement de l&rsquo;\u00e2ge de la vente de tabac &#8211; de sorte qu&rsquo;aucune personne n\u00e9e \u00e0 partir de 2009 ne puisse l\u00e9galement se voir vendre du tabac &#8211; a b\u00e9n\u00e9fici\u00e9 d&rsquo;un fort soutien de tous les partis au cours de la derni\u00e8re l\u00e9gislature. La mesure est \u00e9galement soutenue par des \u00e9lecteurs issus de tout l&rsquo;\u00e9chiquier politique et par une majorit\u00e9 de toutes les circonscriptions \u00e9lectorales britanniques. Le soutien s&rsquo;\u00e9l\u00e8ve \u00e0 74 % parmi les \u00e9lecteurs travaillistes (11 % s&rsquo;y opposent), \u00e0 70 % parmi les conservateurs (13 % s&rsquo;y opposent) et \u00e0 75 % parmi les lib\u00e9raux-d\u00e9mocrates (9 % s&rsquo;y opposent).<\/p>\n<p style=\"text-align: justify\">Outre l\u2019interdiction g\u00e9n\u00e9rationnelle de vente de tabac, le projet de loi propose un ensemble de mesures coh\u00e9rentes visant \u00e0 r\u00e9duire durablement le tabagisme et \u00e0 restreindre l\u2019attractivit\u00e9 des produits du tabac et de la nicotine, notamment\u00a0:<\/p>\n<ul style=\"text-align: justify\">\n<li>L\u2019extension de l&rsquo;interdiction de fumer en vigueur \u00e0 l&rsquo;int\u00e9rieur des b\u00e2timents \u00e0 certains espaces ext\u00e9rieurs, en mettant l&rsquo;accent sur la protection des enfants et des personnes vuln\u00e9rables (\u00e9coles, terrains de jeux et h\u00f4pitaux mentionn\u00e9s), sous r\u00e9serve de consultations ;<\/li>\n<li>L\u2019extension de l\u2019interdiction de consommer aux produits du vapotage (pas seulement les produits du tabac) en particulier dans les zones o\u00f9 se trouvent des enfants et des jeunes adultes\u00a0;<\/li>\n<li>L\u2019interdiction de la publicit\u00e9 et du parrainage pour les dispositifs de vapotage, ainsi que la possibilit\u00e9 pour les pouvoirs publics de restreindre les ar\u00f4mes, et r\u00e9glementer la pr\u00e9sentation et l&#8217;emballage de tous les types de dispositifs de vapotage ainsi que d&rsquo;autres produits \u00e0 base de nicotine ;<\/li>\n<li>L\u2019habilitation \u00e0 cr\u00e9er un r\u00e9gime de licences de vente au d\u00e9tail pour la vente de tabac et de produits de vapotage ;<\/li>\n<li>L\u2019introduction d\u2019amendes forfaitaires d\u2019un montant de 200\u00a3 pour les d\u00e9taillants pris sur le fait, qui enfreignent les r\u00e9glementations ;<\/li>\n<\/ul>\n<p style=\"text-align: justify\">L\u2019introduction de ce projet de loi est salu\u00e9e par l\u2019ensemble des associations en sant\u00e9 publique qui f\u00e9licitent le gouvernement britannique de <em>\u00ab\u00a0continuer \u00e0 jouer un r\u00f4le de premier plan dans la l\u00e9gislation sur le tabac dans le monde\u00a0\u00bb.<\/em><\/p>\n<p style=\"text-align: justify\">La Nouvelle-Z\u00e9lande avait \u00e9t\u00e9 le premier pays \u00e0 vouloir interdire la vente de tabac aux jeunes n\u00e9s apr\u00e8s une certaine date mais le nouveau gouvernement issu des urnes a abrog\u00e9 cette loi suite aux pressions exerc\u00e9es par l\u2019industrie du tabac<a href=\"#_ftn1\" name=\"_ftnref1\">[1]<\/a>.<\/p>\n<p style=\"text-align: justify\"><strong><a href=\"https:\/\/www.generationsanstabac.org\/\">\u00a9G\u00e9n\u00e9ration Sans Tabac<\/a><\/strong><\/p>\n<p style=\"text-align: right\"><strong><em>AE<\/em><\/strong><\/p>\n<hr \/>\n<p style=\"text-align: justify\"><a href=\"#_ftnref1\" name=\"_ftn1\">[1]<\/a> G\u00e9n\u00e9ration sans tabac, <a href=\"https:\/\/www.generationsanstabac.org\/fr\/actualites\/nouvelle-zelande-la-strategie-de-la-ministre-de-la-sante-pour-parvenir-a-une-generation-sans-tabac-est-un-echec\/\">Nouvelle-Z\u00e9lande : la strat\u00e9gie de la ministre de la sant\u00e9 pour parvenir \u00e0 une g\u00e9n\u00e9ration sans tabac est un \u00e9chec<\/a>, publi\u00e9 le 15 octobre 2024, consult\u00e9 le 6 novembre 2024<\/p>\n<p><span style=\"color: #999999\"><strong><a style=\"color: #999999\" href=\"http:\/\/www.cnct.fr\/\" target=\"_blank\" rel=\"noopener noreferrer\">Comit\u00e9 national contre le tabagisme |<\/a><\/strong><\/span><\/p>\n","protected":false},"excerpt":{"rendered":"<p>Le Tobacco and Vapes Bill (projet de loi sur le tabac et les produits du vapotage) a franchi l&rsquo;\u00e9tape de la commission parlementaire lors de la derni\u00e8re l\u00e9gislature. Elle pr\u00e9voir d\u2019introduire une interdiction progressive de la vente de tabac pour la prochaine g\u00e9n\u00e9ration et accordera au gouvernement britannique des pouvoirs suppl\u00e9mentaires pour r\u00e9glementer les dispositifs de vapotage.<\/p>\n","protected":false},"featured_media":22818,"template":"","tags":[],"thematique":[491,474],"class_list":["post-22815","actualites","type-actualites","status-publish","has-post-thumbnail","hentry","thematique-politiques-publiques","thematique-sante"],"acf":[],"_links":{"self":[{"href":"https:\/\/www.generationsanstabac.org\/fr\/wp-json\/wp\/v2\/actualites\/22815","targetHints":{"allow":["GET"]}}],"collection":[{"href":"https:\/\/www.generationsanstabac.org\/fr\/wp-json\/wp\/v2\/actualites"}],"about":[{"href":"https:\/\/www.generationsanstabac.org\/fr\/wp-json\/wp\/v2\/types\/actualites"}],"version-history":[{"count":0,"href":"https:\/\/www.generationsanstabac.org\/fr\/wp-json\/wp\/v2\/actualites\/22815\/revisions"}],"wp:featuredmedia":[{"embeddable":true,"href":"https:\/\/www.generationsanstabac.org\/fr\/wp-json\/wp\/v2\/media\/22818"}],"wp:attachment":[{"href":"https:\/\/www.generationsanstabac.org\/fr\/wp-json\/wp\/v2\/media?parent=22815"}],"wp:term":[{"taxonomy":"post_tag","embeddable":true,"href":"https:\/\/www.generationsanstabac.org\/fr\/wp-json\/wp\/v2\/tags?post=22815"},{"taxonomy":"thematique","embeddable":true,"href":"https:\/\/www.generationsanstabac.org\/fr\/wp-json\/wp\/v2\/thematique?post=22815"}],"curies":[{"name":"wp","href":"https:\/\/api.w.org\/{rel}","templated":true}]}}