{"id":22745,"date":"2024-11-06T09:00:52","date_gmt":"2024-11-06T08:00:52","guid":{"rendered":"https:\/\/www.generationsanstabac.org\/?post_type=actualites&#038;p=22745"},"modified":"2025-01-16T15:46:14","modified_gmt":"2025-01-16T14:46:14","slug":"le-sevrage-tabagique-un-enjeu-de-taille-en-france-qui-compte-encore-12-millions-de-fumeurs-quotidiens","status":"publish","type":"actualites","link":"https:\/\/www.generationsanstabac.org\/fr\/actualites\/le-sevrage-tabagique-un-enjeu-de-taille-en-france-qui-compte-encore-12-millions-de-fumeurs-quotidiens\/","title":{"rendered":"Le sevrage tabagique, un enjeu de taille en France qui compte encore 12 millions de fumeurs quotidiens"},"content":{"rendered":"<p style=\"text-align: justify\"><em>La neuvi\u00e8me \u00e9dition de Mois sans tabac, mis en place par le Minist\u00e8re de la Sant\u00e9 et de l\u2019Acc\u00e8s aux soins et Sant\u00e9 publique France, en partenariat avec l\u2019Assurance Maladie, a d\u00e9but\u00e9 ce 1<sup>er<\/sup> novembre<a href=\"#_ftn1\" name=\"_ftnref1\"><strong>[1]<\/strong><\/a>. Mois sans tabac fait partie d\u2019un ensemble de mesures visant \u00e0 r\u00e9duire le tabagisme encore tr\u00e8s \u00e9lev\u00e9 en France. Avec 24,5% de fumeurs quotidiens, la prise en charge de ces derniers doit rester une priorit\u00e9 de sant\u00e9 publique et s\u2019inscrire dans une d\u00e9marche compl\u00e8te et offensive selon les associations. <\/em><\/p>\n<p style=\"text-align: justify\">Con\u00e7ue sous la forme d\u2019un d\u00e9fi collectif, le <a href=\"https:\/\/mois-sans-tabac.tabac-info-service.fr\/\">Mois sans tabac<\/a> incite les fumeurs \u00e0 arr\u00eater de fumer durant les 30 jours de novembre. Maintenir l\u2019arr\u00eat du tabac durant tout un mois multiplie en effet par cinq la probabilit\u00e9 de parvenir \u00e0 un r\u00e9sultat d\u00e9finitif. Pr\u00e8s de 117 000 personnes et 5 200 partenaires participent cette ann\u00e9e \u00e0 l\u2019op\u00e9ration Mois sans tabac, qu\u2019il s\u2019agisse d\u2019entreprises, d\u2019associations ou institutions.<\/p>\n<p style=\"text-align: justify\">\u00c0 l\u2019inscription, le fumeur b\u00e9n\u00e9ficie de\u00a0nombreux outils et conseils\u00a0pour l\u2019aider dans sa d\u00e9marche d\u2019arr\u00eat. Il peut notamment compter sur une consultation avec un professionnel de l\u2019arr\u00eat du tabac, un kit d\u2019aide \u00e0 l\u2019arr\u00eat avec un programme bas\u00e9 sur 40 jours, des soutiens pour l\u2019aider \u00e0 ne pas craquer et une communaut\u00e9 au sein de laquelle le fumeur peut s\u2019appuyer pour partager doutes et astuces.<\/p>\n<h2 style=\"text-align: justify\"><strong>Avoir une offre de soins suffisante pour bien accompagner les fumeurs<\/strong><\/h2>\n<p style=\"text-align: justify\">Avec pr\u00e8s de 32% de fumeurs chez les 18-75 ans en France, un taux de 24,5% de fumeurs quotidiens, le tabagisme reste particuli\u00e8rement \u00e9lev\u00e9 en France. Il est chaque ann\u00e9e responsable de 75 000 d\u00e9c\u00e8s pr\u00e9matur\u00e9s, soit 13 % de la mortalit\u00e9 totale dans le pays. Pr\u00e8s de deux fumeurs sur trois (59 %) souhaitent pourtant arr\u00eater de fumer.<\/p>\n<p style=\"text-align: justify\">Sant\u00e9 Publique France (SPF) et les associations de lutte contre le tabagisme, \u00e0 l\u2019instar du Comit\u00e9 national contre le tabagisme (CNCT), rappellent qu\u2019ils existent des traitements \u00e9prouv\u00e9s pour aider le fumeur dans sa d\u00e9marche d\u2019arr\u00eat. Les traitements pharmacologiques reconnus efficaces et recommand\u00e9s par l\u2019OMS sont les substituts nicotiniques\u00a0: formes cutan\u00e9es (patchs), formes buccales (gommes, pastilles, inhalateurs, sprays), formes nasales (sprays), ainsi que la var\u00e9nicline, le bupropion et la cytisine.<\/p>\n<p style=\"text-align: justify\">Mois sans tabac est \u00e9galement l\u2019occasion de rappeler que les professionnels de sant\u00e9 ont un r\u00f4le primordial \u00e0 jouer dans l\u2019accompagne de la d\u00e9marche d\u2019arr\u00eat. SPF rappelle que l\u2019accompagnement par un professionnel de sant\u00e9 augmente de 70% les chances de r\u00e9ussite du sevrage. De plus en plus de professionnels de sant\u00e9 comme les infirmiers, masseurs-kin\u00e9sith\u00e9rapeutes, chirurgiens-dentistes sont habilit\u00e9s \u00e0 prescrire des traitements de substitutions nicotiniques. Cependant, le CNCT pr\u00e9cise que ces derniers demeurent encore trop peu form\u00e9s \u00e0 la prise en charge du sevrage tabagique et que l\u2019offre de soin n\u2019est pas suffisante au regard des besoins. L\u2019association plaide \u00e9galement pour que\u00a0tous les professionnels de sant\u00e9 abordent de mani\u00e8re syst\u00e9matique le statut tabagique de leur patient lors d\u2019une consultation.<\/p>\n<h2 style=\"text-align: justify\"><strong>Mois sans tabac, une campagne particuli\u00e8rement co\u00fbt-efficace<\/strong><\/h2>\n<p style=\"text-align: justify\">Dans un communiqu\u00e9, Sant\u00e9 Publique France indique que chaque euro investi dans la campagne Mois sans tabac permet d\u2019\u00e9conomiser plus de 7 euros sur les d\u00e9penses de sant\u00e9 du fait de l\u2019arr\u00eat du tabagisme. En 2023, l\u2019OCDE a r\u00e9alis\u00e9 une \u00e9valuation \u00e9conomique des politiques de lutte contre le tabac en France. Leurs mod\u00e9lisations montrent que, reconduite chaque ann\u00e9e,\u00a0l\u2019op\u00e9ration permettrait de r\u00e9duire les d\u00e9penses de sant\u00e9 de 94 millions d\u2019euros par an en moyenne\u00a0entre 2023 et 2050 (pour un co\u00fbt par ann\u00e9e d\u2019environ 12 millions d\u2019euros).<\/p>\n<p style=\"text-align: justify\">La mod\u00e9lisation de l\u2019OCDE avait montr\u00e9 qu\u2019\u00e0 l\u2019horizon 2050, Mois sans tabac permettrait d\u2019\u00e9viter 241 000 cas d\u2019infections respiratoires basses, 44 000 cas de bronchopneumopathies chroniques obstructives (BPCO) et 28 000 cas de cancers.<\/p>\n<p style=\"text-align: justify\">Depuis le lancement de la campagne en 2016, plus de 1,34\u00a0million de Fran\u00e7ais s\u2019y sont inscrits. D\u2019apr\u00e8s un barom\u00e8tre de Sant\u00e9 publique France, environ 20\u00a0% des personnes ayant particip\u00e9 au Mois sans tabac \u00e9taient toujours non-fumeuses six mois apr\u00e8s leur arr\u00eat.<\/p>\n<h2 style=\"text-align: justify\"><strong>Alerte sur les m\u00e9thodes alternatives d\u2019arr\u00eat qui n\u2019ont pas fait leurs preuves<\/strong><\/h2>\n<p style=\"text-align: justify\">Dans son communiqu\u00e9<a href=\"#_ftn2\" name=\"_ftnref2\">[2]<\/a>, le CNCT alerte \u00e9galement sur les nombreuses m\u00e9thodes alternatives qui fleurissent et proposent des \u00ab\u00a0moyens miraculeux\u00a0\u00bb pour arr\u00eater de fumer comme le laser, les th\u00e9rapies traditionnelles, la pleine conscience, l\u2019acupuncture, l\u2019hypnose, ou encore le yoga. De nombreux spots t\u00e9l\u00e9vis\u00e9s diffus\u00e9s actuellement sur les cha\u00eenes publiques et les r\u00e9seaux sociaux mettent en avant l\u2019efficacit\u00e9 de la las\u00e9roth\u00e9rapie, promettant d\u2019\u00eatre \u00ab\u00a0innovante et efficace \u00e0 pr\u00e8s de 85%\u00a0en une seule s\u00e9ance d\u2019environ heure\u00a0\u00bb. L\u2019OMS rappelle que cette technique qui n\u2019a pas \u00e9t\u00e9 valid\u00e9e et pr\u00e9cise qu\u2019elle n\u2019est pas pratiqu\u00e9e par des m\u00e9decins.<\/p>\n<p style=\"text-align: justify\">Le CNCT pr\u00e9cise \u00e9galement que l\u2019axe du sevrage doit \u00eatre accompagn\u00e9 d\u2019autres mesures, notamment une fiscalit\u00e9 forte sur les produits du tabac. Dans le cadre des d\u00e9bats actuels relatifs au Projet de loi de finance (PLF) et au Projet de loi de financement de la S\u00e9curit\u00e9 sociale (PLFSS), l\u2019association rappelle que les hausses des taxes, lorsqu\u2019elles sont r\u00e9p\u00e9t\u00e9es et significatives sont l\u2019outil le plus efficace pour r\u00e9duire la consommation de tabac, notamment aupr\u00e8s des jeunes et des populations pr\u00e9caires, les plus sensibles \u00e0 l\u2019argument du prix.<\/p>\n<p style=\"text-align: justify\">Souvent mise en avant comme un outil efficace de sevrage tabagique, la cigarette \u00e9lectronique ne fait pas partie des m\u00e9thodes reconnues. Dans un avis publi\u00e9 le 4 janvier 2022, le Haut Conseil de la sant\u00e9 publique (HCSP) recommande aux professionnels de sant\u00e9 qui accompagnent les fumeurs dans leur d\u00e9marche d\u2019arr\u00eat du tabac de ne pas proposer les produits du vapotage comme outil de sevrage<a href=\"#_ftn3\" name=\"_ftnref3\">[3]<\/a>. Selon l\u2019HCSP, les b\u00e9n\u00e9fices potentiels et les risques de l\u2019utilisation de cigarettes \u00e9lectroniques <em>\u00ab ne sont pas \u00e9tablis \u00e0 ce jour \u00bb. <\/em><\/p>\n<p style=\"text-align: justify\">Les cigarettes \u00e9lectroniques peuvent cependant \u00eatre envisag\u00e9es par les professionnels dans une seconde intention aupr\u00e8s de certains publics pr\u00e9caires, sous r\u00e9serve qu\u2019il n\u2019y ait pas du vapofumage. En effet, la consommation simultan\u00e9e de produits du tabac et de produits du vapotage n&rsquo;est pas associ\u00e9e \u00e0 une diminution des risques pour la sant\u00e9.<\/p>\n<h2 style=\"text-align: justify\"><strong>Les politiques de sevrage tabagique \u00e0 la tra\u00eene \u00e0 l\u2019\u00e9chelle internationale<\/strong><\/h2>\n<p style=\"text-align: justify\">Le sevrage tabagique est l&rsquo;une des principales strat\u00e9gies propos\u00e9es l\u2019Organisation mondiale de la sant\u00e9 (OMS) pour lutter contre l&rsquo;\u00e9pid\u00e9mie de tabagisme. Par ailleurs, l&rsquo;article 14 de la Convention-cadre pour la lutte antitabac (CCLAT) de l&rsquo;OMS et ses directives d&rsquo;application appellent les Parties \u00e0 <em>\u00ab faciliter l&rsquo;accessibilit\u00e9 et le caract\u00e8re abordable du traitement de la d\u00e9pendance tabagique \u00bb.<\/em> Toutefois, le dernier rapport de l&rsquo;OMS sur l&rsquo;\u00e9pid\u00e9mie mondiale de tabagisme montre que les politiques de sevrage tabagique sont encore parmi les moins appliqu\u00e9es de toutes les mesures de r\u00e9duction de la demande de la CCLAT, avec seulement 23 pays au total fournissant des services de sevrage tabagique conformes aux meilleures pratiques, la majorit\u00e9 d&rsquo;entre eux \u00e9tant des pays \u00e0 revenu \u00e9lev\u00e9.<\/p>\n<p style=\"text-align: justify\">L&rsquo;OMS rappelle \u00e9galement qu&rsquo;en l&rsquo;absence de m\u00e9dicaments ou d&rsquo;aide au sevrage, seuls 4 % environ des tentatives de sevrage tabagique sont couronn\u00e9es de succ\u00e8s, compte tenu de la nature hautement addictive de la nicotine.<\/p>\n<p style=\"text-align: justify\"><strong><a href=\"https:\/\/www.generationsanstabac.org\/\">\u00a9G\u00e9n\u00e9ration Sans Tabac<\/a><\/strong><\/p>\n<p style=\"text-align: right\"><strong><em>AE<\/em><\/strong><\/p>\n<hr \/>\n<p style=\"text-align: justify\"><a href=\"#_ftnref1\" name=\"_ftn1\">[1]<\/a> Communiqu\u00e9, <a href=\"https:\/\/www.santepubliquefrance.fr\/presse\/2024\/9e-edition-du-mois-sans-tabac-inscriptions-ouvertes-pour-relever-le-defi-d-une-vie-sans-tabac\"><strong>9e \u00e9dition du Mois sans tabac : inscriptions ouvertes pour relever le d\u00e9fi d\u2019une vie sans tabac !<\/strong><\/a><strong>, <\/strong>Sant\u00e9 Publique France, publi\u00e9 le 8 octobre 2024, consult\u00e9 le 4 novembre 2024<\/p>\n<p style=\"text-align: justify\"><a href=\"#_ftnref2\" name=\"_ftn2\">[2]<\/a> Communiqu\u00e9, <a href=\"https:\/\/cnct.fr\/communiques\/mois-sans-tabac-le-cnct-rappelle-la-necessite-davoir-une-offre-de-soins-suffisante-pour-les-12-millions-de-fumeurs\/\"><strong>Mois sans tabac : le CNCT rappelle la n\u00e9cessit\u00e9 d\u2019avoir une offre de soins suffisante pour les 12 millions de fumeurs<\/strong><\/a><strong>, <\/strong>CNCT, publi\u00e9 le 31 octobre 2024, consult\u00e9 le 4 novembre 2024<\/p>\n<p style=\"text-align: justify\"><a href=\"#_ftnref3\" name=\"_ftn3\">[3]<\/a> <a href=\"https:\/\/www.hcsp.fr\/Explore.cgi\/avisrapportsdomaine?clefr=1138\">Avis du Haut Conseil de la sant\u00e9 publique, relatif aux b\u00e9n\u00e9fices-risques de la cigarette \u00e9lectronique<\/a>, publi\u00e9 le 4 janvier 2022, consult\u00e9 le 4 novembre 2024<\/p>\n<p><span style=\"color: #999999\"><strong><a style=\"color: #999999\" href=\"http:\/\/www.cnct.fr\/\" target=\"_blank\" rel=\"noopener noreferrer\">Comit\u00e9 national contre le tabagisme |<\/a><\/strong><\/span><\/p>\n","protected":false},"excerpt":{"rendered":"<p>La neuvi\u00e8me \u00e9dition de Mois sans tabac, mis en place par le Minist\u00e8re de la Sant\u00e9 et de l\u2019Acc\u00e8s aux soins et Sant\u00e9 publique France, en partenariat avec l\u2019Assurance Maladie, a d\u00e9but\u00e9 ce 1er novembre. Mois sans tabac fait partie d\u2019un ensemble de mesures visant \u00e0 r\u00e9duire le tabagisme encore tr\u00e8s \u00e9lev\u00e9 en France. Avec 24,5% de fumeurs quotidiens, la prise en charge de ces derniers doit rester une priorit\u00e9 de sant\u00e9 publique et s\u2019inscrire dans une d\u00e9marche compl\u00e8te et offensive selon les associations.<\/p>\n","protected":false},"featured_media":22748,"template":"","tags":[],"thematique":[491,474,565],"class_list":["post-22745","actualites","type-actualites","status-publish","has-post-thumbnail","hentry","thematique-politiques-publiques","thematique-sante","thematique-sensibilisation"],"acf":[],"_links":{"self":[{"href":"https:\/\/www.generationsanstabac.org\/fr\/wp-json\/wp\/v2\/actualites\/22745","targetHints":{"allow":["GET"]}}],"collection":[{"href":"https:\/\/www.generationsanstabac.org\/fr\/wp-json\/wp\/v2\/actualites"}],"about":[{"href":"https:\/\/www.generationsanstabac.org\/fr\/wp-json\/wp\/v2\/types\/actualites"}],"version-history":[{"count":0,"href":"https:\/\/www.generationsanstabac.org\/fr\/wp-json\/wp\/v2\/actualites\/22745\/revisions"}],"wp:featuredmedia":[{"embeddable":true,"href":"https:\/\/www.generationsanstabac.org\/fr\/wp-json\/wp\/v2\/media\/22748"}],"wp:attachment":[{"href":"https:\/\/www.generationsanstabac.org\/fr\/wp-json\/wp\/v2\/media?parent=22745"}],"wp:term":[{"taxonomy":"post_tag","embeddable":true,"href":"https:\/\/www.generationsanstabac.org\/fr\/wp-json\/wp\/v2\/tags?post=22745"},{"taxonomy":"thematique","embeddable":true,"href":"https:\/\/www.generationsanstabac.org\/fr\/wp-json\/wp\/v2\/thematique?post=22745"}],"curies":[{"name":"wp","href":"https:\/\/api.w.org\/{rel}","templated":true}]}}