{"id":22740,"date":"2024-11-05T09:00:43","date_gmt":"2024-11-05T08:00:43","guid":{"rendered":"https:\/\/www.generationsanstabac.org\/?post_type=actualites&#038;p=22740"},"modified":"2024-11-04T14:11:40","modified_gmt":"2024-11-04T13:11:40","slug":"quebec-linterdiction-des-aromes-pour-le-vapotage-nest-pas-appliquee","status":"publish","type":"actualites","link":"https:\/\/www.generationsanstabac.org\/fr\/actualites\/quebec-linterdiction-des-aromes-pour-le-vapotage-nest-pas-appliquee\/","title":{"rendered":"Qu\u00e9bec : l\u2019interdiction des ar\u00f4mes pour le vapotage n\u2019est pas appliqu\u00e9e"},"content":{"rendered":"<p style=\"text-align: justify\"><em>Un an apr\u00e8s l\u2019entr\u00e9e en vigueur de la loi visant \u00e0 interdire la vente de produits de vapotage aromatis\u00e9s (\u00e0 l\u2019exception de l\u2019ar\u00f4me tabac) au Qu\u00e9bec, la r\u00e9glementation n\u2019est pas du tout appliqu\u00e9e et les produits aromatis\u00e9s restent tr\u00e8s accessibles dans les lieux de vente et sur Internet d\u00e9plorent les associations en sant\u00e9 publique.\u00a0 <\/em><\/p>\n<p style=\"text-align: justify\">Le Qu\u00e9bec a, depuis le 31 octobre 2023,\u00a0interdit les ar\u00f4mes\u00a0autres que la saveur tabac pour les cigarettes \u00e9lectroniques. La nouvelle r\u00e9glementation limite aussi la concentration en nicotine des e-liquides et la contenance des r\u00e9servoirs et des cartouches (pods). Elle r\u00e9glemente \u00e9galement l\u2019\u00e9tiquetage avec des mises en garde sanitaires sur les produits et leurs emballages.<\/p>\n<h2 style=\"text-align: justify\"><strong>Peu de contr\u00f4les et peu de sanctions<\/strong><\/h2>\n<p style=\"text-align: justify\">Tr\u00e8s peu de temps apr\u00e8s l\u2019interdiction, des d\u00e9taillants qu\u00e9b\u00e9cois ont modifi\u00e9 leur statut pour devenir des \u00e9piceries, ceci leur permettant de vendre des rehausseurs de saveur, destin\u00e9s \u00e0 \u00eatre m\u00e9lang\u00e9s aux e-liquides au go\u00fbt tabac<a href=\"#_ftn1\" name=\"_ftnref1\">[1]<\/a>. Ce changement de statut a conduit non seulement \u00e0 la poursuite de la vente des ar\u00f4mes mais \u00e9galement \u00e0 une exposition renforc\u00e9e des mineurs aux produits du vapotage. En effet, \u00e0 la diff\u00e9rence des enseignes sp\u00e9cialis\u00e9s o\u00f9 il ne leur \u00e9tait pas possible de se rendre, l\u2019acc\u00e8s aux \u00e9piceries ne leur est pas interdit<\/p>\n<p style=\"text-align: justify\">Le ministre de la sant\u00e9 avait alors exprim\u00e9 son indignation face \u00e0 ces contournements et promis que des agents du minist\u00e8re examineraient les situations et proc\u00e8deraient, si besoin, \u00e0 des inspections pour que la loi soit respect\u00e9e. Cependant, pour la Coalition qu\u00e9b\u00e9coise pour le contr\u00f4le du tabac, les contr\u00f4les restent insuffisants lorsque des poursuites sont engag\u00e9es \u00e0 l\u2019encontre de d\u00e9taillants ne respectant pas la loi, les d\u00e9lais de proc\u00e9dure sont trop longs.<\/p>\n<p style=\"text-align: justify\">Un rapport du Minist\u00e8re de la Sant\u00e9 et des Services sociaux (MSSS) r\u00e9v\u00e8le que seulement 150 boutiques de vapotage (soit 38 % de l&rsquo;ensemble des boutiques) ont \u00e9t\u00e9 inspect\u00e9es par le MSSS. Par ailleurs, seules 28 de ces 150 boutiques ont eu une amende pour non-respect de la l\u00e9gislation alors plus de 90 % d&rsquo;entre elles ne respectaient pas la loi.<\/p>\n<h2 style=\"text-align: justify\"><strong>La n\u00e9cessit\u00e9 d\u2019une l\u00e9gislation f\u00e9d\u00e9rale plus compl\u00e8te \u00e0 ce sujet<\/strong><\/h2>\n<p style=\"text-align: justify\">Les associations r\u00e9clament aussi une interdiction f\u00e9d\u00e9rale des saveurs, ce qui permettrait de mettre fin au march\u00e9 interprovincial. De nombreux produits venant de l\u2019Ontario, o\u00f9 les saveurs sont autoris\u00e9es, sont import\u00e9s librement au Qu\u00e9bec. La Coalition qu\u00e9b\u00e9coise pr\u00e9cise que la situation actuelle n\u2019\u00e9voluera pas si le gouvernement f\u00e9d\u00e9ral ne met pas davantage de moyens. Outre les d\u00e9taillants physiques hors-la-loi, les produits aromatis\u00e9s restent facilement disponibles sur Internet puisque rien dans la loi n\u2019emp\u00eache l\u2019exp\u00e9dition de ces produits \u00e0 travers les provinces du Canada<a href=\"#_ftn2\" name=\"_ftnref2\">[2]<\/a>.<\/p>\n<p style=\"text-align: justify\">Outre l\u2019accessibilit\u00e9 ais\u00e9e des e-cigarettes aromatis\u00e9es, une autre enqu\u00eate avait montr\u00e9 en ao\u00fbt 2024 que l\u2019interdiction de vente des sachets de nicotine hors des pharmacies n\u2019\u00e9tait pas respect\u00e9e au Qu\u00e9bec et que ces produits \u00e9taient disponibles chez de nombreux \u00ab\u00a0d\u00e9panneurs\u00a0\u00bb (d\u00e9taillants) et sur internet<a href=\"#_ftn3\" name=\"_ftnref3\">[3]<\/a>.<\/p>\n<p style=\"text-align: justify\"><strong><a href=\"https:\/\/www.generationsanstabac.org\/\">\u00a9G\u00e9n\u00e9ration Sans Tabac<\/a><\/strong><\/p>\n<p style=\"text-align: right\"><strong><em>AE<\/em><\/strong><\/p>\n<hr \/>\n<p style=\"text-align: justify\"><a href=\"#_ftnref1\" name=\"_ftn1\">[1]<\/a> G\u00e9n\u00e9ration sans tabac, <a href=\"https:\/\/www.generationsanstabac.org\/fr\/actualites\/au-quebec-les-magasins-de-vapotage-contournent-linterdiction-des-aromes\/\">Au Qu\u00e9bec, les magasins de vapotage contournent l\u2019interdiction des ar\u00f4mes, publi\u00e9 le 14 janvier 2024<\/a>, consult\u00e9 le 31 octobre 2024<\/p>\n<p style=\"text-align: justify\"><a href=\"#_ftnref2\" name=\"_ftn2\">[2]<\/a> G\u00e9n\u00e9ration sans tabac, <a href=\"https:\/\/www.generationsanstabac.org\/fr\/actualites\/quebec-les-produits-du-vapotage-aromatises-toujours-accessibles-sur-internet-malgre-linterdiction\/\">Qu\u00e9bec : les produits du vapotage aromatis\u00e9s toujours accessibles sur Internet malgr\u00e9 l\u2019interdiction<\/a>, publi\u00e9 le 18 mars 2024, consult\u00e9 le 31 octobre 2024<\/p>\n<p style=\"text-align: justify\"><a href=\"#_ftnref3\" name=\"_ftn3\">[3]<\/a> G\u00e9n\u00e9ration sans tabac, <a href=\"https:\/\/www.generationsanstabac.org\/fr\/actualites\/quebec-linterdiction-de-vente-des-sachets-de-nicotine-hors-des-pharmacies-nest-pas-respectee\/\">Qu\u00e9bec : l\u2019interdiction de vente des sachets de nicotine hors des pharmacies n\u2019est pas respect\u00e9e<\/a>, publi\u00e9 le 11 ao\u00fbt 2024, consult\u00e9 le 31 octobre 2024<\/p>\n<p><span style=\"color: #999999\"><strong><a style=\"color: #999999\" href=\"http:\/\/www.cnct.fr\/\" target=\"_blank\" rel=\"noopener noreferrer\">Comit\u00e9 national contre le tabagisme |<\/a><\/strong><\/span><\/p>\n","protected":false},"excerpt":{"rendered":"<p>Un an apr\u00e8s l\u2019entr\u00e9e en vigueur de la loi visant \u00e0 interdire la vente de produits de vapotage aromatis\u00e9s (\u00e0 l\u2019exception de l\u2019ar\u00f4me tabac) au Qu\u00e9bec, la r\u00e9glementation n\u2019est pas du tout appliqu\u00e9e et les produits aromatis\u00e9s restent tr\u00e8s accessibles dans les lieux de vente et sur Internet d\u00e9plorent les associations en sant\u00e9 publique.\u00a0<\/p>\n","protected":false},"featured_media":22743,"template":"","tags":[],"thematique":[502,491],"class_list":["post-22740","actualites","type-actualites","status-publish","has-post-thumbnail","hentry","thematique-justice","thematique-politiques-publiques"],"acf":[],"_links":{"self":[{"href":"https:\/\/www.generationsanstabac.org\/fr\/wp-json\/wp\/v2\/actualites\/22740","targetHints":{"allow":["GET"]}}],"collection":[{"href":"https:\/\/www.generationsanstabac.org\/fr\/wp-json\/wp\/v2\/actualites"}],"about":[{"href":"https:\/\/www.generationsanstabac.org\/fr\/wp-json\/wp\/v2\/types\/actualites"}],"version-history":[{"count":0,"href":"https:\/\/www.generationsanstabac.org\/fr\/wp-json\/wp\/v2\/actualites\/22740\/revisions"}],"wp:featuredmedia":[{"embeddable":true,"href":"https:\/\/www.generationsanstabac.org\/fr\/wp-json\/wp\/v2\/media\/22743"}],"wp:attachment":[{"href":"https:\/\/www.generationsanstabac.org\/fr\/wp-json\/wp\/v2\/media?parent=22740"}],"wp:term":[{"taxonomy":"post_tag","embeddable":true,"href":"https:\/\/www.generationsanstabac.org\/fr\/wp-json\/wp\/v2\/tags?post=22740"},{"taxonomy":"thematique","embeddable":true,"href":"https:\/\/www.generationsanstabac.org\/fr\/wp-json\/wp\/v2\/thematique?post=22740"}],"curies":[{"name":"wp","href":"https:\/\/api.w.org\/{rel}","templated":true}]}}