{"id":22556,"date":"2024-10-07T09:00:01","date_gmt":"2024-10-07T07:00:01","guid":{"rendered":"https:\/\/www.generationsanstabac.org\/?post_type=actualites&#038;p=22556"},"modified":"2024-10-04T10:11:51","modified_gmt":"2024-10-04T08:11:51","slug":"linterdiction-de-la-vente-de-tabac-aux-jeunes-pourrait-eviter-12-million-de-deces-par-cancer-du-poumon","status":"publish","type":"actualites","link":"https:\/\/www.generationsanstabac.org\/fr\/actualites\/linterdiction-de-la-vente-de-tabac-aux-jeunes-pourrait-eviter-12-million-de-deces-par-cancer-du-poumon\/","title":{"rendered":"L&rsquo;interdiction de la vente de tabac aux jeunes pourrait \u00e9viter 1,2 million de d\u00e9c\u00e8s par cancer du poumon"},"content":{"rendered":"<p style=\"text-align: justify\"><em>Une \u00e9tude de simulation publi\u00e9e dans The Lancet<a href=\"#_ftn1\" name=\"_ftnref1\"><strong>[1]<\/strong><\/a>, qui s&rsquo;appuie sur des donn\u00e9es historiques provenant de 82 pays sugg\u00e8re que l&rsquo;interdiction de vente des produits du tabac pour les personnes n\u00e9es entre 2006 et 2010 pourrait pr\u00e9venir pr\u00e8s de la moiti\u00e9 des futurs d\u00e9c\u00e8s par cancer du poumon chez les hommes et un tiers chez les femmes d&rsquo;ici 2095 dans le monde.<\/em><\/p>\n<p style=\"text-align: justify\">Pour cette \u00e9tude de simulation de cohorte de naissance bas\u00e9e sur la population, les auteurs ont propos\u00e9 un sc\u00e9nario dans lequel les ventes de tabac \u00e9taient interdites pour les personnes n\u00e9es entre le 1er janvier 2006 et le 31 d\u00e9cembre 2010, et dans lequel cette mesure \u00e9tait parfaitement appliqu\u00e9e. Les auteurs ont quantifi\u00e9 le nombre de d\u00e9c\u00e8s par cancer du poumon \u00e9vitables dans cette cohorte de naissance jusqu\u2019en 2095.<\/p>\n<p style=\"text-align: justify\">Le cancer du poumon est le deuxi\u00e8me cancer le plus diagnostiqu\u00e9 et la premi\u00e8re cause de d\u00e9c\u00e8s par cancer dans le monde, responsable d&rsquo;environ 1,8 million de d\u00e9c\u00e8s par an. Le tabagisme est le principal facteur de risque du cancer du poumon et, en 2019, on estimait qu&rsquo;il \u00e9tait \u00e0 l&rsquo;origine de plus de 67 % des d\u00e9c\u00e8s dus au cancer du poumon dans le monde.<\/p>\n<h2 style=\"text-align: justify\"><strong>Plus d\u2019un million de d\u00e9c\u00e8s par cancer du poumon \u00e9vit\u00e9s<\/strong><\/h2>\n<p style=\"text-align: justify\">La cohorte de naissance comprenait une population totale de 650 525 800 personnes. Globalement, les auteurs ont pr\u00e9dit que 2 951 400 d\u00e9c\u00e8s par cancer du poumon pourraient survenir dans la population n\u00e9e entre 2006 et 2010 si les taux de cancer du poumon continuent \u00e0 suivre les tendances observ\u00e9es au cours des 15 derni\u00e8res ann\u00e9es. Ils ont estim\u00e9 que 1 186 500 (40,2 %) des 2 951 400 d\u00e9c\u00e8s par cancer du poumon chez les personnes n\u00e9es entre 2006 et 2010 pourraient \u00eatre \u00e9vit\u00e9s d\u2019ici 2095 si la mesure d\u2019interdiction de vente de produits du tabac \u00e0 ces personnes \u00e9tait mise en place et correctement appliqu\u00e9e.<\/p>\n<p style=\"text-align: justify\">Chez les hommes, c&rsquo;est dans les pays \u00e0 revenu interm\u00e9diaire de la tranche sup\u00e9rieure que l&rsquo;on \u00e9viterait le plus grand nombre de d\u00e9c\u00e8s par cancer du poumon (64,1 %, soit 541 100 d\u00e9c\u00e8s sur 844 200). L&rsquo;effet de la mesure sur la mortalit\u00e9 par cancer du poumon serait la plus importante en Europe centrale et orientale, o\u00f9 74,3 % des d\u00e9c\u00e8s potentiels (48 900 sur 65 800) pourraient \u00eatre \u00e9vit\u00e9s.<\/p>\n<p style=\"text-align: justify\">Chez les femmes, les pays \u00e0 revenu \u00e9lev\u00e9 seraient tout sp\u00e9cialement concern\u00e9s par la diminution du nombre de d\u00e9c\u00e8s \u00e9valu\u00e9e (62%, soit 212 300 d\u00e9c\u00e8s sur 342 400). L\u2019Europe occidentale se distingue tout particuli\u00e8rement avec 77,7 % des d\u00e9c\u00e8s (56 200 sur 72 300) qui pourraient \u00eatre \u00e9vit\u00e9s.<\/p>\n<p style=\"text-align: justify\">En France sp\u00e9cifiquement, 45 200 d\u00e9c\u00e8s potentiels par cancer du poumon sur 58 400 (77%), chez les deux sexes confondus, pourraient \u00eatre \u00e9vit\u00e9s \u00e0 l\u2019horizon 2095 si une interdiction de vente de tabac \u00e9tait pleinement appliqu\u00e9e.<\/p>\n<p style=\"text-align: justify\">Cette nouvelle recherche accompagne une autre \u00e9tude publi\u00e9e mercredi 2 octobre dans The Lancet Public Health<a href=\"#_ftn2\" name=\"_ftnref2\">[2]<\/a>, qui indique que la r\u00e9duction de la pr\u00e9valence actuelle du tabagisme dans le monde \u00e0 5 % d&rsquo;ici 2050 se traduirait par une ann\u00e9e suppl\u00e9mentaire d&rsquo;esp\u00e9rance de vie pour les hommes et 0,2 ann\u00e9e pour les femmes.<\/p>\n<p style=\"text-align: justify\">Les auteurs alertent cependant sur le fait que l&rsquo;utilisation des nouveaux produits du tabac et de la nicotine n\u2019a pas \u00e9t\u00e9 prise en compte dans cette \u00e9tude car les produits sont arriv\u00e9s r\u00e9cemment sur le march\u00e9 et leur cons\u00e9quence sur la mortalit\u00e9 par cancer du poumon n&rsquo;est pas claire. Ceci pourrait affecter les tendances en mati\u00e8re d\u2019incidence de cancer du poumon dans leur sc\u00e9nario.<\/p>\n<h2 style=\"text-align: justify\"><strong>Une mesure encore trop peu consid\u00e9r\u00e9e \u00e0 travers le monde<\/strong><\/h2>\n<p style=\"text-align: justify\">L&rsquo;une des mesures incluses dans de nombreuses strat\u00e9gies de lutte contre le tabagisme est la g\u00e9n\u00e9ration sans tabac, qui limiterait la vente et l&rsquo;offre de tabac aux personnes n\u00e9es apr\u00e8s une ann\u00e9e donn\u00e9e. La Nouvelle-Z\u00e9lande a \u00e9t\u00e9 pionni\u00e8re dans la strat\u00e9gie de la g\u00e9n\u00e9ration sans tabac en proposant d&rsquo;interdire la vente de tabac aux personnes n\u00e9es \u00e0 partir du 1er janvier 2009. Le nouveau gouvernement n\u00e9o-z\u00e9landais, sous l\u2019impulsion de la ministre de la sant\u00e9 Casey Costello, influenc\u00e9e par l\u2019industrie du tabac, est revenu sur cette strat\u00e9gie et a abrog\u00e9 la mesure. Situation similaire en Malaisie o\u00f9 le ministre de la sant\u00e9 avait indiqu\u00e9 en 2022 vouloir interdire la vente de tabac aux jeunes n\u00e9s apr\u00e8s 2007. Le gouvernement, sous pression des fabricants de tabac, a annul\u00e9 la mesure en 2023. Le Royaume-Uni<a href=\"#_ftn3\" name=\"_ftnref3\">[3]<\/a> en revanche envisage bien de mettre en place une telle interdiction de vente pour les personnes n\u00e9es apr\u00e8s 2009. \u00a0Les d\u00e9tails de la nouvelle loi devraient para\u00eetre prochainement. \u00c0 l\u2019\u00e9chelle locale, certaines villes ont d\u00e9j\u00e0 mis en \u0153uvre une interdiction de vente, comme Balanga City (Philippines), et plusieurs villes (Brookline, Melrose, Wakefield, Stoneham, Malden, Reading et Winchester) du Massachussetts aux \u00c9tats-Unis<a href=\"#_ftn4\" name=\"_ftnref4\">[4]<\/a>.<\/p>\n<p style=\"text-align: justify\">Les auteurs rappellent cependant que la mise en \u0153uvre d&rsquo;une politique de g\u00e9n\u00e9ration sans tabac peut \u00eatre envisag\u00e9e dans les pays dot\u00e9s de solides politiques de lutte contre le tabagisme, o\u00f9 la pr\u00e9valence du tabagisme est inf\u00e9rieure \u00e0 15 %, ou qui ont connu une baisse rapide de la pr\u00e9valence. Cette mesure doit s&rsquo;accompagner d&rsquo;autres mesures de lutte contre le tabagisme, telles que l&rsquo;augmentation des taxes ou la r\u00e9duction du nombre de points de vente, l\u2019extension des espaces sans tabac, les restrictions sur la publicit\u00e9, des aides efficaces pour les fumeurs etc.<\/p>\n<p style=\"text-align: justify\">Dans les pays \u00e0 revenu faible ou interm\u00e9diaire, o\u00f9 la population de jeunes augmente rapidement, les effets de l&rsquo;interdiction de la vente de tabac pourraient \u00eatre encore plus importants. <em>\u00ab Notre mod\u00e9lisation met en \u00e9vidence l&rsquo;ampleur des b\u00e9n\u00e9fices pour les gouvernements qui envisagent de mettre en \u0153uvre des plans ambitieux visant \u00e0 cr\u00e9er une g\u00e9n\u00e9ration sans tabac \u00bb,<\/em> a pr\u00e9cis\u00e9 l&rsquo;auteure de l&rsquo;\u00e9tude, Julia Rey Brandariz, de l&rsquo;universit\u00e9 de Saint-Jacques-de-Compostelle, en Espagne. <em>\u00ab Non seulement cela permettrait de sauver un tr\u00e8s grand nombre de vies, mais cela pourrait aussi r\u00e9duire consid\u00e9rablement la pression exerc\u00e9e sur les syst\u00e8mes de sant\u00e9 par le traitement et la prise en charge des personnes souffrant d\u2019une maladie li\u00e9e \u00e0 la consommation de tabac.\u00a0\u00bb<\/em><\/p>\n<p style=\"text-align: justify\"><strong><a href=\"https:\/\/www.generationsanstabac.org\/\">\u00a9G\u00e9n\u00e9ration Sans Tabac<\/a><\/strong><\/p>\n<p style=\"text-align: right\"><b><i>AE<\/i><\/b><\/p>\n<hr \/>\n<p style=\"text-align: justify\"><a href=\"#_ftnref1\" name=\"_ftn1\">[1]<\/a> Estimated impact of a tobacco-elimination strategy on lung-cancer mortality in 185 countries: a population-based birth-cohort simulation study, Rey Brandariz, Julia et al. The Lancet Public Health, Volume 9, Issue 10, e745 &#8211; e754<\/p>\n<p style=\"text-align: justify\"><a href=\"#_ftnref2\" name=\"_ftn2\">[2]<\/a> Forecasting the effects of smoking prevalence scenarios on years of life lost and life expectancy from 2022 to 2050: a systematic analysis for the Global Burden of Disease Study 2021 Bryazka, Dana et al. The Lancet Public Health, Volume 9, Issue 10, e729 &#8211; e744<\/p>\n<p style=\"text-align: justify\"><a href=\"#_ftnref3\" name=\"_ftn3\">[3]<\/a> G\u00e9n\u00e9ration sans tabac, <a href=\"https:\/\/www.generationsanstabac.org\/fr\/actualites\/royaume-uni-les-travaillistes-reintroduisent-linterdiction-de-vente-de-tabac-aux-personnes-nees-apres-2009\/\">Royaume-Uni : les travaillistes r\u00e9introduisent l\u2019interdiction de vente de tabac aux personnes n\u00e9es apr\u00e8s 2009<\/a>, publi\u00e9 le 27 juillet 2024, consult\u00e9 le 3 octobre 2024<\/p>\n<p style=\"text-align: justify\"><a href=\"#_ftnref4\" name=\"_ftn4\">[4]<\/a> G\u00e9n\u00e9ration sans tabac, <a href=\"https:\/\/www.generationsanstabac.org\/fr\/actualites\/deux-villes-du-massachussetts-envisagent-dinterdire-la-vente-de-tabac-et-nicotine-aux-personnes-nees-apres-2004\/\">Deux villes du Massachussetts envisagent d\u2019interdire la vente de tabac et nicotine aux personnes n\u00e9es apr\u00e8s 2004<\/a>, publi\u00e9 le 24 septembre 2024, consult\u00e9 le 3 octobre 2024<\/p>\n<p><span style=\"color: #999999\"><strong><a style=\"color: #999999\" href=\"http:\/\/www.cnct.fr\/\" target=\"_blank\" rel=\"noopener noreferrer\">Comit\u00e9 national contre le tabagisme |<\/a><\/strong><\/span><\/p>\n","protected":false},"excerpt":{"rendered":"<p>Une \u00e9tude de simulation publi\u00e9e dans The Lancet, qui s&rsquo;appuie sur des donn\u00e9es historiques provenant de 82 pays sugg\u00e8re que l&rsquo;interdiction de vente des produits du tabac pour les personnes n\u00e9es entre 2006 et 2010 pourrait pr\u00e9venir pr\u00e8s de la moiti\u00e9 des futurs d\u00e9c\u00e8s par cancer du poumon chez les hommes et un tiers chez les femmes d&rsquo;ici 2095 dans le monde.<\/p>\n","protected":false},"featured_media":22560,"template":"","tags":[],"thematique":[491,474],"class_list":["post-22556","actualites","type-actualites","status-publish","has-post-thumbnail","hentry","thematique-politiques-publiques","thematique-sante"],"acf":[],"_links":{"self":[{"href":"https:\/\/www.generationsanstabac.org\/fr\/wp-json\/wp\/v2\/actualites\/22556","targetHints":{"allow":["GET"]}}],"collection":[{"href":"https:\/\/www.generationsanstabac.org\/fr\/wp-json\/wp\/v2\/actualites"}],"about":[{"href":"https:\/\/www.generationsanstabac.org\/fr\/wp-json\/wp\/v2\/types\/actualites"}],"version-history":[{"count":0,"href":"https:\/\/www.generationsanstabac.org\/fr\/wp-json\/wp\/v2\/actualites\/22556\/revisions"}],"wp:featuredmedia":[{"embeddable":true,"href":"https:\/\/www.generationsanstabac.org\/fr\/wp-json\/wp\/v2\/media\/22560"}],"wp:attachment":[{"href":"https:\/\/www.generationsanstabac.org\/fr\/wp-json\/wp\/v2\/media?parent=22556"}],"wp:term":[{"taxonomy":"post_tag","embeddable":true,"href":"https:\/\/www.generationsanstabac.org\/fr\/wp-json\/wp\/v2\/tags?post=22556"},{"taxonomy":"thematique","embeddable":true,"href":"https:\/\/www.generationsanstabac.org\/fr\/wp-json\/wp\/v2\/thematique?post=22556"}],"curies":[{"name":"wp","href":"https:\/\/api.w.org\/{rel}","templated":true}]}}