{"id":22513,"date":"2024-09-28T09:00:05","date_gmt":"2024-09-28T07:00:05","guid":{"rendered":"https:\/\/www.generationsanstabac.org\/?post_type=actualites&#038;p=22513"},"modified":"2024-09-27T11:42:47","modified_gmt":"2024-09-27T09:42:47","slug":"la-commission-europeenne-valide-linterdiction-des-puffs-en-france","status":"publish","type":"actualites","link":"https:\/\/www.generationsanstabac.org\/fr\/actualites\/la-commission-europeenne-valide-linterdiction-des-puffs-en-france\/","title":{"rendered":"La Commission europ\u00e9enne valide l\u2019interdiction des puffs en France"},"content":{"rendered":"<p style=\"text-align: justify\"><em>Ce mercredi 25 septembre, la Commission europ\u00e9enne a annonc\u00e9 avoir valid\u00e9 l\u2019interdiction des cigarettes \u00e9lectroniques jetables en France. \u00a0Cette autorisation \u00e9tait n\u00e9cessaire dans le processus l\u00e9gislatif entam\u00e9 en d\u00e9cembre 2023 et r\u00e9clam\u00e9 depuis 2022 par les associations de lutte contre le tabagisme.<\/em><\/p>\n<p style=\"text-align: justify\">Une\u00a0proposition de loi portant sur l\u2019interdiction de ces dispositifs\u00a0avait \u00e9t\u00e9 adopt\u00e9e par le S\u00e9nat et l\u2019Assembl\u00e9e nationale, puis en commission mixte paritaire (CMP), en mars dernier<a href=\"#_ftn1\" name=\"_ftnref1\">[1]<\/a> et devait \u00eatre notifi\u00e9e \u00e0 la Commission europ\u00e9enne s\u2019agit de produits concern\u00e9s par une directive europ\u00e9enne.<\/p>\n<h2 style=\"text-align: justify\"><strong>Une interdiction \u00ab\u00a0justifi\u00e9e, n\u00e9cessaire et proportionn\u00e9e\u00a0\u00bb<\/strong><\/h2>\n<p style=\"text-align: justify\">Dans sa d\u00e9cision, la Commission juge que l\u2019interdiction des puffs est \u00ab\u00a0justifi\u00e9e, n\u00e9cessaire et proportionn\u00e9e\u00a0\u00bb au regard des enjeux sanitaires. Une d\u00e9cision similaire avait \u00e9t\u00e9 rendue en mars dernier pour la Belgique<a href=\"#_ftn2\" name=\"_ftnref2\">[2]<\/a>. La Commission justifie aussi sa d\u00e9cision par le fait que ces produits sont vendus \u00e0 des prix bien plus bas que celui des cigarettes traditionnelles, ce qui peut attirer les plus jeunes, sensibles \u00e0 l\u2019argument du prix.<\/p>\n<p style=\"text-align: justify\">Outre l\u2019argument sanitaire, la France mettait aussi en avant l\u2019enjeu environnemental li\u00e9 \u00e0 ces dispositifs, avec les microplastiques et les produits chimiques que ces produits contiennent, notamment une\u00a0batterie en lithium qui sont difficilement et peu recycl\u00e9es.<\/p>\n<p style=\"text-align: justify\">Le Parlement fran\u00e7ais peut d\u00e9sormais confirmer d\u00e9finitivement son vote,\u00a0ouvrant la voie \u00e0 la promulgation de la loi. L\u2019interdiction pourrait donc \u00eatre effective d\u00e8s la fin de l\u2019ann\u00e9e en France.<\/p>\n<h2 style=\"text-align: justify\"><strong>Les fabricants ont anticip\u00e9 l\u2019interdiction<\/strong><\/h2>\n<p style=\"text-align: justify\">Cette interdiction concerne les produits qui ne peuvent \u00eatre recharg\u00e9s par un liquide. L\u2019institution europ\u00e9enne a cependant rejet\u00e9 l\u2019interdiction concernant <em>\u00ab\u00a0les cigarettes \u00e9lectroniques contenant de la nicotine qui peuvent \u00eatre remplies \u00e0 nouveau avec un liquide et qui disposent d\u2019une batterie non rechargeable\u00a0\u00bb. <\/em>Pour le Comit\u00e9 national contre le tabagisme (CNCT), cela laisse la porte ouverte \u00e0 de possibles contournements de la part des industriels.<\/p>\n<p style=\"text-align: justify\">Anticipant l\u2019interdiction, les fabricants commercialisent du reste depuis des mois de nouveaux dispositifs de vapotage rechargeables un nombre limit\u00e9 de fois afin de contourner pr\u00e9cis\u00e9ment cette interdiction. Ces cigarettes \u00e9lectroniques se remplissent \u00e0 l\u2019aide d\u2019un e-liquide deux \u00e0 trois fois avant d\u2019\u00eatre jet\u00e9es. Selon le barom\u00e8tre<a href=\"#_ftn3\" name=\"_ftnref3\">[3]<\/a> du CNCT, ces nouveaux produits sont fortement promus chez les buralistes et font l\u2019objet d\u2019offres promotionnelles r\u00e9currentes. Ces produits sont dot\u00e9s d\u2019une batterie rechargeable \u00e9lectriquement qui pour sa part pourrait \u00eatre recharg\u00e9e environ 300 fois. Le caract\u00e8re jetable de ces produits aggrave la pollution plastique d\u00e9j\u00e0 importante.<\/p>\n<p style=\"text-align: justify\">De nombreux autres dispositifs, ill\u00e9gaux, se trouvent aussi facilement en ligne, notamment des dispositifs qui ne peuvent pas se recharger par liquide mais \u00e9lectriquement. Ces dispositifs contiennent des r\u00e9servoirs plus importants que la limite autoris\u00e9e, allant jusqu\u2019\u00e0 20ml (10 fois sup\u00e9rieur \u00e0 ce qui est autoris\u00e9) et un taux de nicotine allant jusqu\u2019\u00e0 50mg\/ml, soit 2,5 fois la limite l\u00e9gale autoris\u00e9e en France<a href=\"#_ftn4\" name=\"_ftnref4\">[4]<\/a>.<\/p>\n<p style=\"text-align: justify\"><strong><a href=\"https:\/\/www.generationsanstabac.org\/\">\u00a9G\u00e9n\u00e9ration Sans Tabac<\/a><\/strong><\/p>\n<p style=\"text-align: right\"><b><i>AE<\/i><\/b><\/p>\n<hr \/>\n<p style=\"text-align: justify\"><a href=\"#_ftnref1\" name=\"_ftn1\">[1]<\/a> <a href=\"https:\/\/www.francetvinfo.fr\/sante\/drogue-addictions\/cigarette-electronique\/cigarettes-electroniques-jetables-la-commission-europeenne-donne-raison-a-la-france-pour-les-interdire_6801688.html\">Cigarettes \u00e9lectroniques jetables : la Commission europ\u00e9enne donne raison \u00e0 la France pour les interdire<\/a>, France Info, publi\u00e9 le 25 septembre 2024, consult\u00e9 le 26 septembre 2024<\/p>\n<p style=\"text-align: justify\"><a href=\"#_ftnref2\" name=\"_ftn2\">[2]<\/a> G\u00e9n\u00e9ration sans tabac<a href=\"https:\/\/www.generationsanstabac.org\/fr\/actualites\/la-belgique-obtient-lautorisation-dinterdire-les-cigarettes-electroniques-jetables\/\">, La Belgique obtient l\u2019autorisation d\u2019interdire les cigarettes \u00e9lectroniques jetables<\/a>, publi\u00e9 le 21 mars 2024, consult\u00e9 le 26 septembre 2024<\/p>\n<p style=\"text-align: justify\"><a href=\"#_ftnref3\" name=\"_ftn3\">[3]<\/a> <a href=\"https:\/\/cnct.fr\/actualites\/barometres-de-la-publicite-des-produits-du-tabac-et-de-la-nicotine-sur-les-lieux-de-vente\/\">Barom\u00e8tre de la publicit\u00e9 des nouveaux produits du tabac et de la nicotine sur les lieux de vente<\/a>, CNCT<\/p>\n<p style=\"text-align: justify\"><a href=\"#_ftnref4\" name=\"_ftn4\">[4]<\/a> G\u00e9n\u00e9ration sans tabac, <a href=\"https:\/\/www.generationsanstabac.org\/fr\/actualites\/europe-vente-illegale-de-puffs-sur-internet\/\">Europe : vente ill\u00e9gale de puffs sur Internet<\/a>, publi\u00e9 le 17 septembre 2024, consult\u00e9 le 26 septembre 2024<\/p>\n<p><span style=\"color: #999999\"><strong><a style=\"color: #999999\" href=\"http:\/\/www.cnct.fr\/\" target=\"_blank\" rel=\"noopener noreferrer\">Comit\u00e9 national contre le tabagisme |<\/a><\/strong><\/span><\/p>\n","protected":false},"excerpt":{"rendered":"<p>Ce mercredi 25 septembre, la Commission europ\u00e9enne a annonc\u00e9 avoir valid\u00e9 l\u2019interdiction des cigarettes \u00e9lectroniques jetables en France. \u00a0Cette autorisation \u00e9tait n\u00e9cessaire dans le processus l\u00e9gislatif entam\u00e9 en d\u00e9cembre 2023 et r\u00e9clam\u00e9 depuis 2022 par les associations de lutte contre le tabagisme.<\/p>\n","protected":false},"featured_media":22516,"template":"","tags":[],"thematique":[491,474],"class_list":["post-22513","actualites","type-actualites","status-publish","has-post-thumbnail","hentry","thematique-politiques-publiques","thematique-sante"],"acf":[],"_links":{"self":[{"href":"https:\/\/www.generationsanstabac.org\/fr\/wp-json\/wp\/v2\/actualites\/22513","targetHints":{"allow":["GET"]}}],"collection":[{"href":"https:\/\/www.generationsanstabac.org\/fr\/wp-json\/wp\/v2\/actualites"}],"about":[{"href":"https:\/\/www.generationsanstabac.org\/fr\/wp-json\/wp\/v2\/types\/actualites"}],"version-history":[{"count":0,"href":"https:\/\/www.generationsanstabac.org\/fr\/wp-json\/wp\/v2\/actualites\/22513\/revisions"}],"wp:featuredmedia":[{"embeddable":true,"href":"https:\/\/www.generationsanstabac.org\/fr\/wp-json\/wp\/v2\/media\/22516"}],"wp:attachment":[{"href":"https:\/\/www.generationsanstabac.org\/fr\/wp-json\/wp\/v2\/media?parent=22513"}],"wp:term":[{"taxonomy":"post_tag","embeddable":true,"href":"https:\/\/www.generationsanstabac.org\/fr\/wp-json\/wp\/v2\/tags?post=22513"},{"taxonomy":"thematique","embeddable":true,"href":"https:\/\/www.generationsanstabac.org\/fr\/wp-json\/wp\/v2\/thematique?post=22513"}],"curies":[{"name":"wp","href":"https:\/\/api.w.org\/{rel}","templated":true}]}}