{"id":22405,"date":"2024-09-18T08:00:29","date_gmt":"2024-09-18T06:00:29","guid":{"rendered":"https:\/\/www.generationsanstabac.org\/?post_type=actualites&#038;p=22405"},"modified":"2024-09-17T10:45:55","modified_gmt":"2024-09-17T08:45:55","slug":"une-conseillere-du-ministere-de-la-sante-travaille-pour-le-lobbying-des-buralistes","status":"publish","type":"actualites","link":"https:\/\/www.generationsanstabac.org\/fr\/actualites\/une-conseillere-du-ministere-de-la-sante-travaille-pour-le-lobbying-des-buralistes\/","title":{"rendered":"Une conseill\u00e8re du minist\u00e8re de la Sant\u00e9 travaille pour le lobbying des buralistes"},"content":{"rendered":"<p style=\"text-align: justify\"><em>Apr\u00e8s trois ans pass\u00e9s au minist\u00e8re de la Sant\u00e9, Capucine Durieux-Rudigoz a \u00e9t\u00e9 recrut\u00e9e par l\u2019agence de communication et d\u2019affaires publiques Image 7, o\u00f9 l\u2019ancienne conseill\u00e8re de l\u2019avenue Duquesne sera amen\u00e9e \u00e0 travailler au service du lobbying de la Conf\u00e9d\u00e9ration des buralistes. Si une telle reconversion n\u2019est pas ill\u00e9gale, elle pose toutefois une question de d\u00e9ontologie, et soul\u00e8ve l\u2019enjeu de l\u2019influence du secteur tabac dans la d\u00e9cision publique. <\/em><\/p>\n<p style=\"text-align: justify\">Comme le rel\u00e8ve La Lettre, l\u2019agence Image 7, pr\u00e9sid\u00e9e par Anne M\u00e9aux, est parvenue \u00e0 d\u00e9baucher une ancienne conseill\u00e8re des trois derniers ministres de la Sant\u00e9\u00a0: Fran\u00e7ois Braun, Aur\u00e9lien Rousseau et Agn\u00e8s Firmin Le Bodo<a href=\"#_ftn1\" name=\"_ftnref1\">[1]<\/a>. Rest\u00e9e trois ans au minist\u00e8re, Capucine Durieux-Rudigoz a successivement offici\u00e9 en tant que \u00ab\u00a0charg\u00e9e d\u2019appui op\u00e9rationnel\u00a0\u00bb et \u00ab\u00a0conseill\u00e8re discours et sujets transversaux\u00a0\u00bb. D\u00e9sormais, elle travaillera notamment pour les affaires publiques de la Conf\u00e9d\u00e9ration des buralistes, qui compte parmi les nombreux gros clients de cette influente agence, avec Google, Capgemini, Pernod Ricard, Goldman Sachs, Herm\u00e8s ou encore Veolia Environnement<a href=\"#_ftn2\" name=\"_ftnref2\">[2]<\/a>.<\/p>\n<h2 style=\"text-align: justify\"><strong>Une pratique tol\u00e9r\u00e9e par la HATVP<\/strong><\/h2>\n<p style=\"text-align: justify\">Dans cette configuration, le journal rappelle que cette pratique des \u00ab\u00a0portes tournantes\u00a0\u00bb, tr\u00e8s courante dans le secteur du tabac, n\u2019est pas ill\u00e9gale.<\/p>\n<p style=\"text-align: justify\">En effet, si la Haute autorit\u00e9 pour la transparence de la vie publique (HATVP) emp\u00eache l\u2019ancienne conseill\u00e8re du minist\u00e8re de la Sant\u00e9 d\u2019\u00eatre embauch\u00e9e par la Conf\u00e9d\u00e9ration des buralistes, elle n\u2019interdit pas \u00e0 Capucine Durieux-Rudigoz de travailler pour l\u2019agence Image 7. Toutefois, il pourrait \u00eatre int\u00e9ressant de savoir si la HATVP a \u00e9t\u00e9 inform\u00e9e que l\u2019ancienne conseill\u00e8re serait sp\u00e9cialement affect\u00e9e pour la Conf\u00e9d\u00e9ration des buralistes.<\/p>\n<p style=\"text-align: justify\">D\u2019autres cas de portes tournantes ont pu \u00eatre identifi\u00e9es ces derni\u00e8res ann\u00e9es. Ainsi, Kevin Reva avait \u00e9t\u00e9 embauch\u00e9 par Philip Morris France apr\u00e8s avoir \u00e9t\u00e9 assistant parlementaire de Catherine Proccacia. L\u2019ancienne s\u00e9natrice Les R\u00e9publicains, d\u00e9veloppait un discours favorable au tabac chauff\u00e9, et avait \u00e9t\u00e9 nomm\u00e9e rapporteure d\u2019une mission parlementaire visant \u00e0 \u00ab\u00a0faire un point sur\u00a0les aspects scientifiques relatifs aux \u00ab\u00a0alternatives au tabac\u00a0\u00bb, en particulier sur leur dangerosit\u00e9\u00a0\u00bb. De la m\u00eame mani\u00e8re, Japan Tobacco International avait d\u00e9bauch\u00e9 Marine Sauce, ancienne collaboratrice du s\u00e9nateur LR Fran\u00e7ois Bonhomme.<\/p>\n<h2 style=\"text-align: justify\"><strong>Un enjeu de porosit\u00e9 entre la d\u00e9cision publique et le secteur tabac<\/strong><\/h2>\n<p style=\"text-align: justify\">Si elles ne sont pas jug\u00e9es ill\u00e9gales, ces pratiques des \u00ab\u00a0portes tournantes\u00a0\u00bb s\u2019opposent directement au principe de la Convention-cadre de l\u2019Organisation mondiale de la sant\u00e9 (CCLAT), ratifi\u00e9e par la France, et qui exige de ses Parties que leurs politiques publiques ne soient pas influenc\u00e9es par les int\u00e9r\u00eats de l\u2019industrie du tabac. Or, il est fortement probable que la bonne connaissance du minist\u00e8re de la Sant\u00e9 par l\u2019ancienne conseill\u00e8re ait en grande partie motiv\u00e9 l\u2019agence de\u00a0lobbying \u00e0 embaucher l\u2019ancienne conseill\u00e8re de l\u2019avenue Duquesne.<\/p>\n<h2 style=\"text-align: justify\"><strong>Image 7, un alli\u00e9 historique de l\u2019industrie du tabac<\/strong><\/h2>\n<p style=\"text-align: justify\">L\u2019agence Image 7 est un partenaire de longue date du secteur tabac. En 2014, l\u2019ouvrage <em>Ing\u00e9rence de l\u2019industrie du tabac dans les politiques publiques<\/em> mentionnait d\u00e9j\u00e0 que le cabinet de communication et de lobbying travaillait pour le compte de la Conf\u00e9d\u00e9ration des buralistes, mais \u00e9galement pour British American Tobacco, dont le budget pour la seule communication de crise \u00e9tait alors estim\u00e9 \u00e0 30 000 euros par mois<a href=\"#_ftn3\" name=\"_ftnref3\">[3]<\/a>. L\u2019association avec les fabricants pouvant passablement \u00e9corner la r\u00e9putation d\u2019une agence, British American Tobacco ne figure toutefois pas dans la liste des clients publi\u00e9e sur le site internet d\u2019Image 7. Le cabinet est par ailleurs habitu\u00e9 \u00e0 travailler avec des clients controvers\u00e9s mais lucratifs, comme le soulignait une enqu\u00eate de Challenges en 2018, indiquant que les agences Publicis, Havas et Image 7 travaillaient pour le compte de l\u2019Arabie saoudite<a href=\"#_ftn4\" name=\"_ftnref4\">[4]<\/a>.<\/p>\n<p style=\"text-align: justify\"><strong><a href=\"https:\/\/www.generationsanstabac.org\/\">\u00a9G\u00e9n\u00e9ration Sans Tabac<\/a><\/strong><\/p>\n<p style=\"text-align: right\"><em><strong>FT<\/strong><\/em><\/p>\n<p style=\"text-align: justify\"><a href=\"#_ftnref1\" name=\"_ftn1\">[1]<\/a> La Lettre, <a href=\"https:\/\/www.lalettre.fr\/fr\/action-publique_lobbying\/2024\/09\/05\/quand-une-ex-conseillere-du-ministere-de-la-sante-passe-dans-le-camp-des-buralistes,110282815-art\">Quand une ex-conseill\u00e8re du minist\u00e8re de la sant\u00e9 passe dans le camp des buralistes<\/a>, 05\/09\/2024, (consult\u00e9 le 11\/09\/2024)<\/p>\n<p style=\"text-align: justify\"><a href=\"#_ftnref2\" name=\"_ftn2\">[2]<\/a> Image Sept, <a href=\"https:\/\/www.image7.fr\/equipe\/anne-meaux-presidente\/\">Clients<\/a>, (consult\u00e9 le 11\/09\/2024)<\/p>\n<p style=\"text-align: justify\"><a href=\"#_ftnref3\" name=\"_ftn3\">[3]<\/a> Eker, B\u00e9guinot, Martinet, Ing\u00e9rence de l\u2019industrie du tabac dans les politiques de sant\u00e9 publiques, Etat des lieux et recommandations, 2014, (consult\u00e9 le 11\/09\/2024)<\/p>\n<p style=\"text-align: justify\"><a href=\"#_ftnref4\" name=\"_ftn4\">[4]<\/a> M\u00e9diapart, <a href=\"https:\/\/www.mediapart.fr\/journal\/international\/081118\/publicis-havas-image-7-des-communicants-pour-l-arabie-saoudite\">Publicis, Havas, Image 7: des communicants pour l\u2019Arabie saoudite<\/a>, 08\/11\/2018, (consult\u00e9 le 11\/09\/2024)<\/p>\n<p style=\"text-align: justify\"><span style=\"color: #999999\"><strong><a style=\"color: #999999\" href=\"http:\/\/www.cnct.fr\/\" target=\"_blank\" rel=\"noopener noreferrer\">Comit\u00e9 national contre le tabagisme |<\/a><\/strong><\/span><\/p>\n","protected":false},"excerpt":{"rendered":"<p>Apr\u00e8s trois ans pass\u00e9s au minist\u00e8re de la Sant\u00e9, Capucine Durieux-Rudigoz a \u00e9t\u00e9 recrut\u00e9e par l\u2019agence de communication et d\u2019affaires publiques Image 7, o\u00f9 l\u2019ancienne conseill\u00e8re de l\u2019avenue Duquesne sera amen\u00e9e \u00e0 travailler au service du lobbying de la Conf\u00e9d\u00e9ration des buralistes<\/p>\n","protected":false},"featured_media":22408,"template":"","tags":[],"thematique":[499],"class_list":["post-22405","actualites","type-actualites","status-publish","has-post-thumbnail","hentry","thematique-lobby"],"acf":[],"_links":{"self":[{"href":"https:\/\/www.generationsanstabac.org\/fr\/wp-json\/wp\/v2\/actualites\/22405","targetHints":{"allow":["GET"]}}],"collection":[{"href":"https:\/\/www.generationsanstabac.org\/fr\/wp-json\/wp\/v2\/actualites"}],"about":[{"href":"https:\/\/www.generationsanstabac.org\/fr\/wp-json\/wp\/v2\/types\/actualites"}],"version-history":[{"count":0,"href":"https:\/\/www.generationsanstabac.org\/fr\/wp-json\/wp\/v2\/actualites\/22405\/revisions"}],"wp:featuredmedia":[{"embeddable":true,"href":"https:\/\/www.generationsanstabac.org\/fr\/wp-json\/wp\/v2\/media\/22408"}],"wp:attachment":[{"href":"https:\/\/www.generationsanstabac.org\/fr\/wp-json\/wp\/v2\/media?parent=22405"}],"wp:term":[{"taxonomy":"post_tag","embeddable":true,"href":"https:\/\/www.generationsanstabac.org\/fr\/wp-json\/wp\/v2\/tags?post=22405"},{"taxonomy":"thematique","embeddable":true,"href":"https:\/\/www.generationsanstabac.org\/fr\/wp-json\/wp\/v2\/thematique?post=22405"}],"curies":[{"name":"wp","href":"https:\/\/api.w.org\/{rel}","templated":true}]}}