{"id":22237,"date":"2024-08-29T09:00:13","date_gmt":"2024-08-29T07:00:13","guid":{"rendered":"https:\/\/www.generationsanstabac.org\/?post_type=actualites&#038;p=22237"},"modified":"2024-08-26T16:49:46","modified_gmt":"2024-08-26T14:49:46","slug":"le-canada-introduit-des-mesures-plus-strictes-pour-les-sachets-de-nicotine","status":"publish","type":"actualites","link":"https:\/\/www.generationsanstabac.org\/fr\/actualites\/le-canada-introduit-des-mesures-plus-strictes-pour-les-sachets-de-nicotine\/","title":{"rendered":"Le Canada introduit des mesures plus strictes pour les sachets de nicotine"},"content":{"rendered":"<p style=\"text-align: justify\"><em>Le ministre canadien de la sant\u00e9, Mark Holland, a annonc\u00e9 que le gouvernement allait interdire tous les ar\u00f4mes dans les sachets de nicotine, \u00e0 l&rsquo;exception de la menthe et du menthol. Le gouvernement pr\u00e9voit \u00e9galement d\u2019apposer des avertissements sanitaires sur les emballages, d\u2019imposer des restrictions en mati\u00e8re de marketing et de conditionnement, et de limiter leur placement et acc\u00e8s derri\u00e8re le comptoir des pharmacies, et ce dans l\u2019ensemble du Canada. Certains de ces changements entreront en vigueur le 28 ao\u00fbt prochain et d&rsquo;autres six mois plus tard. Ces nouvelles mesures sont instaur\u00e9es par le biais d\u2019un d\u00e9cret minist\u00e9riel<a href=\"#_ftn1\" name=\"_ftnref1\"><strong>[1]<\/strong><\/a>.\u00a0<\/em><\/p>\n<p style=\"text-align: justify\">L&rsquo;\u00e9t\u00e9 dernier, Sant\u00e9 Canada a approuv\u00e9 la vente de sachets de nicotine. L\u2019industrie du tabac a alors profit\u00e9 d&rsquo;une lacune pour commercialiser agressivement ces sachets en en faisant la promotion chez les d\u00e9panneurs (d\u00e9bitants de tabac) et les stations-service, en les emballant dans de petits paquets color\u00e9s similaires \u00e0 des emballages de confiseries, et en faisant de la publicit\u00e9 ax\u00e9e sur la disponibilit\u00e9 des ar\u00f4mes et le style de vie et ciblant les jeunes.<\/p>\n<h2 style=\"text-align: justify\"><strong>Des produits qui ne sont pas interdits aux mineurs<\/strong><\/h2>\n<p style=\"text-align: justify\">Le 18 juillet 2023, Sant\u00e9 Canada a approuv\u00e9 la vente des sachets de nicotine de la marque Zonnic contenant 4mg de nicotine en tant que produit d\u2019aide \u00e0 l\u2019arr\u00eat du tabac dans le cadre du R\u00e8glement sur les produits de sant\u00e9 naturels, qui rel\u00e8ve de la Loi sur les aliments et drogues. L&rsquo;approbation a \u00e9t\u00e9 accord\u00e9e \u00e0 Nicoventures Trading Ltd. Imperial Tobacco Canada Ltd. et Nicoventures Trading Ltd. toutes deux des filiales de British American Tobacco.<\/p>\n<p style=\"text-align: justify\">Si les m\u00e9dicaments soumis \u00e0 prescription exigent que les produits contenant de la nicotine, autres que les produits du tabac, soient vendus sur ordonnance au Canada, il existe une exception concernant les sachets de nicotine.\u00a0Le R\u00e8glement sur les produits de sant\u00e9 naturels ne pr\u00e9voit pas non plus d&rsquo;\u00e2ge minimum de vente, et il s\u2019ensuit qu\u2019il n&rsquo;y a pas d&rsquo;\u00e2ge minimum de vente pour les sachets de nicotine. Pour \u00e9viter que ces produits soient ainsi accessibles aux adolescents, les provinces du Qu\u00e9bec et de la Colombie-Britannique ont d\u00e9cid\u00e9 d\u2019octroyer aux seuls pharmaciens le droit de vendre ces sachets de\u00a0nicotine. Les deux provinces ont \u00e9galement interdit leur vente aux moins de 19 ans<a href=\"#_ftn2\" name=\"_ftnref2\">[2]<\/a>.<\/p>\n<p style=\"text-align: justify\">Malgr\u00e9 ces restrictions, le m\u00e9dia qu\u00e9b\u00e9cois La Presse<a href=\"#_ftn3\" name=\"_ftnref3\">[3]<\/a> r\u00e9v\u00e9lait qu\u2019il \u00e9tait tr\u00e8s facile de se procurer des sachets de nicotine dans des d\u00e9bits de tabac au Qu\u00e9bec, \u00e0 des taux de nicotine sup\u00e9rieurs \u00e0 ceux autoris\u00e9s ou encore de marques non autoris\u00e9es (comme ZYN de Philip Morris). Ces produits sont aussi tr\u00e8s accessibles en ligne o\u00f9 des produits contenant jusqu\u2019\u00e0 50mg\/g de nicotine peuvent \u00eatre achet\u00e9s sans v\u00e9rification de l\u2019\u00e2ge de l\u2019acheteur.<\/p>\n<h2 style=\"text-align: justify\"><strong>Emp\u00eacher les jeunes de s\u2019initier \u00e0 la nicotine \u00e0 travers ce produit<\/strong><\/h2>\n<p style=\"text-align: justify\">\u00c0 compter du 28\u00a0ao\u00fbt, les sachets de la marque Zonnic seront donc bannis des rayons des d\u00e9panneurs et des stations-service partout dans le Canada et l\u2019ensemble des ar\u00f4mes autres que menthol et menthe ne seront plus autoris\u00e9s \u00e0 la vente. Seuls les pharmaciens seront autoris\u00e9s \u00e0 vendre les sachets de nicotine et ils devront \u00eatre plac\u00e9s derri\u00e8re le comptoir. Imperial Tobacco aura six mois pour modifier ses emballages. Un nouvel \u00e9tiquetage impose d\u2019apposer un avertissement relatif au risque de d\u00e9pendance \u00e0 la nicotine ainsi qu\u2019une indication claire de l\u2019utilisation restrictivement pr\u00e9vue pour l\u2019arr\u00eat du tabac chez les adultes. Toute publicit\u00e9 susceptible de s\u00e9duire les jeunes doit \u00eatre modifi\u00e9e d&rsquo;ici la fin f\u00e9vrier.<\/p>\n<p style=\"text-align: justify\">Le ministre de la sant\u00e9 Holland se dit \u00ab\u00a0pr\u00e9occup\u00e9\u00a0\u00bb par la consommation de ces produits par des enfants. Il accuse les fabricants de tabac d\u2019avoir exploit\u00e9 les failles des textes pour \u00ab\u00a0cibler les enfants\u00a0\u00bb et les rendre d\u00e9pendants \u00e0 la nicotine<a href=\"#_ftn4\" name=\"_ftnref4\">[4]<\/a>. Les nouvelles mesures n\u2019incluent toujours pas l\u2019interdiction de vente aux mineurs au niveau f\u00e9d\u00e9ral. Pour Doug Roth, directeur g\u00e9n\u00e9ral de Heart &amp; Stroke, il convient de surveiller attentivement la situation : <em>\u00ab\u00a0Il sera tr\u00e8s important que le gouvernement f\u00e9d\u00e9ral \u00e9value cette lacune dans six mois pour s&rsquo;assurer que l&rsquo;industrie ne l&rsquo;exploite pas \u00bb.<\/em><\/p>\n<p style=\"text-align: justify\"><strong><a href=\"https:\/\/www.generationsanstabac.org\/\">\u00a9G\u00e9n\u00e9ration Sans Tabac<\/a><\/strong><\/p>\n<p style=\"text-align: right\"><em><strong>AE<\/strong><\/em><\/p>\n<hr \/>\n<p style=\"text-align: justify\"><a href=\"#_ftnref1\" name=\"_ftn1\">[1]<\/a> Communiqu\u00e9, <a href=\"https:\/\/www.canada.ca\/fr\/sante-canada\/nouvelles\/2024\/08\/sante-canada-instaure-de-nouvelles-mesures-visant-a-prevenir-les-mefaits-des-therapies-de-remplacement-de-la-nicotine-chez-les-jeunes.html\">Sant\u00e9 Canada instaure de nouvelles mesures visant \u00e0 pr\u00e9venir les m\u00e9faits des th\u00e9rapies de remplacement de la nicotine chez les jeunes<\/a>, Sant\u00e9 Canada, publi\u00e9 le 22 ao\u00fbt 2024, consult\u00e9 le 23 ao\u00fbt 2024<\/p>\n<p style=\"text-align: justify\"><a href=\"#_ftnref2\" name=\"_ftn2\">[2]<\/a> G\u00e9n\u00e9ration sans tabac, Une faille r\u00e9glementaire conduit \u00e0<a href=\"https:\/\/www.generationsanstabac.org\/fr\/actualites\/une-faille-reglementaire-conduit-a-la-vente-de-sachets-de-nicotine-aux-mineurs-au-canada\/\"> la vente de sachets de nicotine aux mineurs au Canada<\/a>, publi\u00e9 le 19 novembre 2023, consult\u00e9 le 23 ao\u00fbt 2024<\/p>\n<p style=\"text-align: justify\"><a href=\"#_ftnref3\" name=\"_ftn3\">[3]<\/a> G\u00e9n\u00e9ration sans tabac, <a href=\"https:\/\/www.generationsanstabac.org\/fr\/actualites\/quebec-linterdiction-de-vente-des-sachets-de-nicotine-hors-des-pharmacies-nest-pas-respectee\/\">Qu\u00e9bec : l\u2019interdiction de vente des sachets de nicotine hors des pharmacies n\u2019est pas respect\u00e9e<\/a>, publi\u00e9 le 11 ao\u00fbt 2024, consult\u00e9 le 23 ao\u00fbt 2024<\/p>\n<p style=\"text-align: justify\"><a href=\"#_ftnref4\" name=\"_ftn4\">[4]<\/a> <a href=\"https:\/\/ici.radio-canada.ca\/nouvelle\/2098946\/sachets-nicotine-vendus-derriere-comptoir-pharmacie-imperial-tobacco-holland\">Les sachets de nicotine seront dor\u00e9navant vendus au comptoir des pharmacies<\/a>, Radio Canada, publi\u00e9 le 22 ao\u00fbt 2024, consult\u00e9 le 23 ao\u00fbt 2024<\/p>\n<p><span style=\"color: #999999\"><strong><a style=\"color: #999999\" href=\"http:\/\/www.cnct.fr\/\" target=\"_blank\" rel=\"noopener noreferrer\">Comit\u00e9 national contre le tabagisme |<\/a><\/strong><\/span><\/p>\n","protected":false},"excerpt":{"rendered":"<p>Le ministre canadien de la sant\u00e9, Mark Holland, a annonc\u00e9 que le gouvernement allait interdire tous les ar\u00f4mes dans les sachets de nicotine, \u00e0 l&rsquo;exception de la menthe et du menthol. Le gouvernement pr\u00e9voit \u00e9galement d\u2019apposer des avertissements sanitaires sur les emballages, d\u2019imposer des restrictions en mati\u00e8re de marketing et de conditionnement, et de limiter [&hellip;]<\/p>\n","protected":false},"featured_media":22241,"template":"","tags":[],"thematique":[516,491],"class_list":["post-22237","actualites","type-actualites","status-publish","has-post-thumbnail","hentry","thematique-nouveaux-produits","thematique-politiques-publiques"],"acf":[],"_links":{"self":[{"href":"https:\/\/www.generationsanstabac.org\/fr\/wp-json\/wp\/v2\/actualites\/22237","targetHints":{"allow":["GET"]}}],"collection":[{"href":"https:\/\/www.generationsanstabac.org\/fr\/wp-json\/wp\/v2\/actualites"}],"about":[{"href":"https:\/\/www.generationsanstabac.org\/fr\/wp-json\/wp\/v2\/types\/actualites"}],"version-history":[{"count":0,"href":"https:\/\/www.generationsanstabac.org\/fr\/wp-json\/wp\/v2\/actualites\/22237\/revisions"}],"wp:featuredmedia":[{"embeddable":true,"href":"https:\/\/www.generationsanstabac.org\/fr\/wp-json\/wp\/v2\/media\/22241"}],"wp:attachment":[{"href":"https:\/\/www.generationsanstabac.org\/fr\/wp-json\/wp\/v2\/media?parent=22237"}],"wp:term":[{"taxonomy":"post_tag","embeddable":true,"href":"https:\/\/www.generationsanstabac.org\/fr\/wp-json\/wp\/v2\/tags?post=22237"},{"taxonomy":"thematique","embeddable":true,"href":"https:\/\/www.generationsanstabac.org\/fr\/wp-json\/wp\/v2\/thematique?post=22237"}],"curies":[{"name":"wp","href":"https:\/\/api.w.org\/{rel}","templated":true}]}}