{"id":22169,"date":"2024-08-21T09:00:30","date_gmt":"2024-08-21T07:00:30","guid":{"rendered":"https:\/\/www.generationsanstabac.org\/?post_type=actualites&#038;p=22169"},"modified":"2024-08-20T09:58:32","modified_gmt":"2024-08-20T07:58:32","slug":"la-floride-souhaite-interdire-de-fumer-et-de-vapoter-dans-lensemble-des-espaces-publics","status":"publish","type":"actualites","link":"https:\/\/www.generationsanstabac.org\/fr\/actualites\/la-floride-souhaite-interdire-de-fumer-et-de-vapoter-dans-lensemble-des-espaces-publics\/","title":{"rendered":"La Floride souhaite interdire de fumer et de vapoter dans l\u2019ensemble des espaces publics"},"content":{"rendered":"<p style=\"text-align: justify\"><em>Trois l\u00e9gislateurs de Floride ont annonc\u00e9 une proposition de loi visant \u00e0 interdire le tabagisme, la consommation de cannabis et le vapotage dans les rues, sur les trottoirs et dans l\u2019ensemble des lieux fr\u00e9quent\u00e9s par le public. L&rsquo;interdiction \u00e9tendrait une loi de 2022 interdisant de fumer sur les plages et dans les parcs publics<a href=\"#_ftn1\" name=\"_ftnref1\"><strong>[1]<\/strong><\/a>. <\/em><\/p>\n<p style=\"text-align: justify\">Le s\u00e9nateur r\u00e9publicain Joe Gruters, de Sarasota, et deux autres \u00e9lus de l\u2019Etat ont pr\u00e9sent\u00e9 cette proposition de loi. Cette derni\u00e8re s\u2019inscrit dans la perspective de la l\u00e9galisation potentielle de la marijuana \u00e0 usage r\u00e9cr\u00e9atif en novembre prochain. Cette l\u00e9galisation &#8211; connue sous le nom d&rsquo;amendement 3 &#8211; concerne les adultes de plus de 21 ans de l&rsquo;\u00c9tat. La proposition de loi d\u2019interdiction de fumer et vapoter dans les espaces publics serait d\u00e9pos\u00e9e pour la session l\u00e9gislative de 2025, qui d\u00e9butera en mars prochain.<\/p>\n<h2 style=\"text-align: justify\"><strong>Une interdiction \u00e0 l\u2019\u00e9chelle de l\u2019Etat de Floride<\/strong><\/h2>\n<p style=\"text-align: justify\">Cette interdiction de consommation s&rsquo;appliquerait, sans s&rsquo;y limiter, aux rues, aux trottoirs, aux autoroutes, aux parcs publics et aux parties communes, tant \u00e0 l&rsquo;int\u00e9rieur qu&rsquo;\u00e0 l&rsquo;ext\u00e9rieur, des \u00e9coles, des h\u00f4pitaux, des b\u00e2timents publics, des immeubles d&rsquo;habitation, des immeubles de bureaux, des \u00e9tablissements d&rsquo;h\u00e9bergement, des restaurants, des installations de transport et des magasins de d\u00e9tail, selon une version pr\u00e9liminaire de la proposition, et ce, dans l\u2019ensemble de la Floride.<\/p>\n<p style=\"text-align: justify\">Actuellement, l&rsquo;\u00c9tat pr\u00e9empte la r\u00e9glementation sur le tabac et n&rsquo;autorise pas les comt\u00e9s ou les municipalit\u00e9s \u00e0 mettre en place des espaces sans tabac, \u00e0 l&rsquo;exception des districts scolaires qui peuvent restreindre davantage la consommation de tabac sur leur propri\u00e9t\u00e9. Une <a href=\"https:\/\/www.flsenate.gov\/Session\/Bill\/2022\/105\/Analyses\/h0105c.EAF.PDF\">ordonnance<\/a> publi\u00e9e en 2022 a autoris\u00e9 les municipalit\u00e9s \u00e0 mettre en place des interdictions de fumer\/vapoter sur les plages, les parcs publics et \u00e0 moins de 8 m\u00e8tres d&rsquo;une entr\u00e9e ou d&rsquo;une sortie publique d&rsquo;un commerce situ\u00e9 dans les limites de sa juridiction (\u00e0 l\u2019exception des bars, d\u00e9bits de tabac\/vapotage). De nombreuses municipalit\u00e9s avaient alors mis en place des interdictions de fumer dans ces endroits.<\/p>\n<p style=\"text-align: justify\">L&rsquo;American Lung Association soutient la proposition de loi et un r\u00e9cent sondage de la Florida Atlantic University montre que 56 % des habitants sont favorables \u00e0 la mise en place d\u2019une telle mesure.<\/p>\n<h2 style=\"text-align: justify\"><strong>L\u2019extension des espaces sans tabac prot\u00e8ge du tabagisme ainsi que l\u2019environnement<\/strong><\/h2>\n<p style=\"text-align: justify\">Les lieux publics sans tabac prot\u00e8gent notamment les non-fumeurs des effets nocifs du tabagisme passif mais ils permettent aussi d\u2019inciter fortement les fumeurs \u00e0 r\u00e9duire leur consommation ou \u00e0 arr\u00eater de fumer tout en dissuadant les jeunes de commencer \u00e0 fumer.<\/p>\n<p style=\"text-align: justify\">Les espaces sans tabac permettent \u00e9galement de prot\u00e9ger l\u2019environnement. Les m\u00e9gots des cigarettes sont les d\u00e9chets les plus retrouv\u00e9s dans la nature. Toxiques et non-biod\u00e9gradables, ils lib\u00e8rent des substances dangereuses dans l\u2019environnement. Les dispositifs \u00e9lectroniques jetables et les cartouches d&rsquo;e-cigarettes pr\u00e9sentent un risque aussi important que les m\u00e9gots de cigarettes. Ces d\u00e9chets contiennent du mercure, du plomb et d&rsquo;autres produits chimiques toxiques qui ne sont pas biod\u00e9gradables et pr\u00e9sentent un risque pour la faune et la flore.<\/p>\n<p style=\"text-align: justify\">En France, le nouveau Programme national de lutte contre le tabagisme 2023 &#8211; 2027 souhaite g\u00e9n\u00e9raliser les interdictions de fumer aux parcs, for\u00eats, \u00e9tablissements scolaires et plages dans un objectif de d\u00e9normalisation du tabagisme dans la soci\u00e9t\u00e9. Ces dispositions sont par ailleurs port\u00e9es par le Comit\u00e9 national contre le tabagisme (CNCT) et son partenaire Grand Est sans tabac (GEST) \u00e0 travers leur projet de <a href=\"https:\/\/villelibresanstabac.cnct.fr\/\">villes libres sans tabac<\/a> dans la r\u00e9gion Grand Est. Les villes engag\u00e9es dans le dispositif communiquent tout particuli\u00e8rement sur cette dimension environnementale de la lutte contre le tabagisme et elles mettent en place des espaces sans tabac dans les parcs, les jardins publics, autour des \u00e9tablissements scolaires, sportifs, culturels, autour des espaces de loisirs afin de d\u00e9normaliser la consommation de tabagisme et prot\u00e9ger la sant\u00e9 des habitants.<\/p>\n<p style=\"text-align: justify\"><strong><a href=\"https:\/\/www.generationsanstabac.org\/\">\u00a9G\u00e9n\u00e9ration Sans Tabac<\/a><\/strong><\/p>\n<p style=\"text-align: right\"><em><strong>AE<\/strong><\/em><\/p>\n<hr \/>\n<p style=\"text-align: justify\"><a href=\"#_ftnref1\" name=\"_ftn1\">[1]<\/a><a href=\"https:\/\/www.cdc.gov\/tobacco\/secondhand-smoke\/policy.html\"> Florida state senator floats ban on smoking in all public places<\/a>, NBC Miami, publi\u00e9 le 16 ao\u00fbt 2024, consult\u00e9 le 19 ao\u00fbt 2024<\/p>\n<p><span style=\"color: #999999\"><strong><a style=\"color: #999999\" href=\"http:\/\/www.cnct.fr\/\" target=\"_blank\" rel=\"noopener noreferrer\">Comit\u00e9 national contre le tabagisme |<\/a><\/strong><\/span><\/p>\n","protected":false},"excerpt":{"rendered":"<p>Trois l\u00e9gislateurs de Floride ont annonc\u00e9 une proposition de loi visant \u00e0 interdire le tabagisme, la consommation de cannabis et le vapotage dans les rues, sur les trottoirs et dans l\u2019ensemble des lieux fr\u00e9quent\u00e9s par le public. L&rsquo;interdiction \u00e9tendrait une loi de 2022 interdisant de fumer sur les plages et dans les parcs publics. <\/p>\n","protected":false},"featured_media":22172,"template":"","tags":[],"thematique":[491,474],"class_list":["post-22169","actualites","type-actualites","status-publish","has-post-thumbnail","hentry","thematique-politiques-publiques","thematique-sante"],"acf":[],"_links":{"self":[{"href":"https:\/\/www.generationsanstabac.org\/fr\/wp-json\/wp\/v2\/actualites\/22169","targetHints":{"allow":["GET"]}}],"collection":[{"href":"https:\/\/www.generationsanstabac.org\/fr\/wp-json\/wp\/v2\/actualites"}],"about":[{"href":"https:\/\/www.generationsanstabac.org\/fr\/wp-json\/wp\/v2\/types\/actualites"}],"version-history":[{"count":0,"href":"https:\/\/www.generationsanstabac.org\/fr\/wp-json\/wp\/v2\/actualites\/22169\/revisions"}],"wp:featuredmedia":[{"embeddable":true,"href":"https:\/\/www.generationsanstabac.org\/fr\/wp-json\/wp\/v2\/media\/22172"}],"wp:attachment":[{"href":"https:\/\/www.generationsanstabac.org\/fr\/wp-json\/wp\/v2\/media?parent=22169"}],"wp:term":[{"taxonomy":"post_tag","embeddable":true,"href":"https:\/\/www.generationsanstabac.org\/fr\/wp-json\/wp\/v2\/tags?post=22169"},{"taxonomy":"thematique","embeddable":true,"href":"https:\/\/www.generationsanstabac.org\/fr\/wp-json\/wp\/v2\/thematique?post=22169"}],"curies":[{"name":"wp","href":"https:\/\/api.w.org\/{rel}","templated":true}]}}