{"id":22059,"date":"2024-08-09T11:31:28","date_gmt":"2024-08-09T09:31:28","guid":{"rendered":"https:\/\/www.generationsanstabac.org\/?post_type=actualites&#038;p=22059"},"modified":"2025-01-16T15:20:27","modified_gmt":"2025-01-16T14:20:27","slug":"journee-internationale-de-la-jeunesse-loms-donne-la-parole-aux-jeunes-pour-denoncer-les-tactiques-de-lindustrie-du-tabac","status":"publish","type":"actualites","link":"https:\/\/www.generationsanstabac.org\/fr\/actualites\/journee-internationale-de-la-jeunesse-loms-donne-la-parole-aux-jeunes-pour-denoncer-les-tactiques-de-lindustrie-du-tabac\/","title":{"rendered":"Journ\u00e9e internationale de la jeunesse : l\u2019OMS donne la parole aux jeunes pour d\u00e9noncer les tactiques de l\u2019industrie du tabac"},"content":{"rendered":"<p style=\"text-align: justify\"><em>\u00c0 l\u2019occasion de la Journ\u00e9e internationale de la jeunesse qui se tiendra le 12 ao\u00fbt prochain, l\u2019Organisation mondiale de la sant\u00e9 (OMS) en collaboration avec\u00a0 Good Governance for Tobacco Control (GGTC), le secr\u00e9tariat de la Convention-Cadre pour la lutte antitabac (CCLAT), Global Youth Voices (GYV), et Stop Tobacco Pollution Alliance (STPA), organisent un webinaire afin de pr\u00e9senter et promouvoir les solutions num\u00e9riques et l\u2019utilisation de l\u2019intelligence artificielle pour contrer les tactiques de l&rsquo;industrie du tabac sur les m\u00e9dias num\u00e9riques.<\/em><\/p>\n<p style=\"text-align: justify\">Le webinaire annoncera \u00e9galement les gagnants du concours mondial des m\u00e9dias 2024 (<a href=\"https:\/\/ggtc.world\/actions\/global-media-competition\" target=\"_blank\" rel=\"noopener\">Global Media Competition<\/a>) organis\u00e9 par l&rsquo;OMS et le GGTC. Le concours demandait aux personnes de moins de 35 ans, de r\u00e9aliser de courtes vid\u00e9os pour les m\u00e9dias sociaux d\u00e9non\u00e7ant les tactiques trompeuses de l&rsquo;industrie du tabac et mettant en lumi\u00e8re les mesures efficaces qui prot\u00e8gent les enfants de son influence n\u00e9faste. Une centaine de jeunes issus de 50 pays ont soumis une vid\u00e9o.<\/p>\n<p style=\"text-align: justify\">De nombreux organismes internationaux et r\u00e9gionaux de lutte contre le tabagisme, \u00e0 l&rsquo;instar d\u2019Action on Smoking &amp; Health (ASH), Campaign for Tobacco-Free Kids (CTFK), l\u2019Alliance pour le contr\u00f4le du tabac en Afrique (ACTA), le Comit\u00e9 national contre le tabagisme (CNCT), SmokeFree Partnership (SFP), Southeast Asia Tobacco Control Alliance (SEATCA) et l\u2019Association suisse pour le contr\u00f4le du tabac AT Suisse, soutiennent cet \u00e9v\u00e9nement.<\/p>\n<h2 style=\"text-align: justify\"><strong>L\u2019implication de la jeunesse, n\u00e9cessaire pour lutter contre l\u2019\u00e9pid\u00e9mie tabagique <\/strong><\/h2>\n<p style=\"text-align: justify\">La Journ\u00e9e internationale de la jeunesse, c\u00e9l\u00e9br\u00e9e chaque ann\u00e9e le 12 ao\u00fbt, reconna\u00eet et promeut le r\u00f4le significatif jou\u00e9 par les jeunes dans le d\u00e9veloppement mondial. Le th\u00e8me de cette ann\u00e9e, \u00ab\u00a0Des clics au progr\u00e8s : Les voies num\u00e9riques de la jeunesse pour le d\u00e9veloppement durable\u00a0\u00bb, met en \u00e9vidence le lien crucial entre la num\u00e9risation et l&rsquo;acc\u00e9l\u00e9ration des objectifs de d\u00e9veloppement durable (ODD), en soulignant le r\u00f4le essentiel de la jeunesse dans cette transformation.<\/p>\n<p style=\"text-align: justify\">Le renforcement de la mise en \u0153uvre de la Convention-cadre de l&rsquo;OMS pour la lutte antitabac (CCLAT) est sp\u00e9cifiquement mentionn\u00e9 dans l&rsquo;objectif de d\u00e9veloppement durable n\u00b0 3a, mais les efforts concrets d\u00e9ploy\u00e9s dans le cadre de la lutte antitabac recoupent et influencent pratiquement aussi tous les autres objectifs de d\u00e9veloppement durable. Alors que les solutions num\u00e9riques ax\u00e9es sur les jeunes ont un potentiel de transformation pour faire progresser le d\u00e9veloppement durable, \u00e0 l\u2019oppos\u00e9, l&rsquo;industrie du tabac exploite les plateformes num\u00e9riques, de mani\u00e8re non r\u00e9glement\u00e9e, pour faire de la publicit\u00e9 pour ses produits de la nicotine aupr\u00e8s des jeunes et conqu\u00e9rir de nouveaux publics. En r\u00e9ponse, la COP10 de la CCLAT de l&rsquo;OMS a adopt\u00e9 des directives suppl\u00e9mentaires sur l&rsquo;article 13 afin d&rsquo;\u00e9tendre l&rsquo;interdiction de la publicit\u00e9 pour le tabac, et de la promotion et du parrainage aux plateformes de m\u00e9dias num\u00e9riques et invite les Parties \u00e0 collaborer entre elles pour agir sur la publicit\u00e9 transfrontali\u00e8re.<\/p>\n<p style=\"text-align: justify\">Pour l\u2019OMS et ses partenaires, la Journ\u00e9e internationale de la jeunesse offre ainsi une occasion unique de pr\u00e9senter et promouvoir des solutions num\u00e9riques propos\u00e9es par des jeunes pour contrer les man\u0153uvres de l&rsquo;industrie du tabac.<\/p>\n<h2 style=\"text-align: justify\"><strong>Sensibiliser la jeunesse aux pratiques trompeuses de l\u2019industrie du tabac<\/strong><\/h2>\n<p style=\"text-align: justify\">L\u2019OMS rappelle que l&rsquo;industrie du tabac cible depuis des d\u00e9cennies les jeunes pour recruter de nouveaux consommateurs. R\u00e9cemment, ce recrutement passe par des campagnes de collaboration avec des influenceurs, des m\u00e9dias sociaux, des festivals de musique et autres, et en commercialisant des nouveaux produits de la nicotine comme le tabac chauff\u00e9, des produits du vapotage et sachets de nicotine contenant de nombreux ar\u00f4mes attractifs. Par ce concours, l\u2019OMS et ses partenaires veulent sensibiliser aux nombreux effets d\u00e9l\u00e9t\u00e8res des activit\u00e9s de l\u2019industrie du tabac et plaider en faveur de politiques efficaces visant \u00e0 r\u00e9duire la consommation de tabac dans le monde entier.<\/p>\n<p style=\"text-align: justify\">Il \u00e9tait demand\u00e9 aux participants de r\u00e9aliser de courtes vid\u00e9os destin\u00e9es aux r\u00e9seaux sociaux exposant ces pratiques de l\u2019industrie, en mettant l&rsquo;accent sur une approche \u00ab\u00a0pour les jeunes par les jeunes\u00a0\u00bb. Plusieurs cat\u00e9gories de prix sont propos\u00e9es avec des r\u00e9compenses allant jusqu\u2019\u00e0 5 000 $ pour le grand gagnant\u00a0:<\/p>\n<ul style=\"text-align: justify\">\n<li>La vid\u00e9o qui expose le mieux l&rsquo;interf\u00e9rence de l&rsquo;industrie du tabac en interpr\u00e9tant les donn\u00e9es de l&rsquo;indice mondial d&rsquo;interf\u00e9rence de l&rsquo;industrie du tabac 2023\u00a0;<\/li>\n<li>La vid\u00e9o qui repr\u00e9sente vraiment le message \u00ab\u00a0pour les jeunes, par les jeunes\u00a0\u00bb sur les dangers des tactiques de l&rsquo;industrie du tabac\u00a0;<\/li>\n<li>La vid\u00e9o qui met l&rsquo;accent sur le r\u00f4le de l&rsquo;industrie du tabac dans la promotion de la pollution toxique ;<\/li>\n<li>La vid\u00e9o qui souligne le mieux la n\u00e9cessit\u00e9 de prot\u00e9ger les enfants des tactiques de l&rsquo;industrie du tabac pour pr\u00e9server leur sant\u00e9 respiratoire\u00a0;<\/li>\n<li>Et enfin, la vid\u00e9o qui pr\u00e9sente efficacement les politiques et pratiques gouvernementales visant \u00e0 prot\u00e9ger les jeunes des tactiques de l&rsquo;industrie du tabac.<\/li>\n<\/ul>\n<p>&nbsp;<\/p>\n<p style=\"text-align: justify\"><img fetchpriority=\"high\" decoding=\"async\" class=\"aligncenter wp-image-22062 size-medium\" src=\"https:\/\/www.generationsanstabac.org\/wp-content\/uploads\/2024\/08\/webinaire-300x300.png\" alt=\"journee-internationale-jeunesse-oms\" width=\"300\" height=\"300\" srcset=\"https:\/\/www.generationsanstabac.org\/wp-content\/uploads\/2024\/08\/webinaire-300x300.png 300w, https:\/\/www.generationsanstabac.org\/wp-content\/uploads\/2024\/08\/webinaire-150x150.png 150w, https:\/\/www.generationsanstabac.org\/wp-content\/uploads\/2024\/08\/webinaire-12x12.png 12w, https:\/\/www.generationsanstabac.org\/wp-content\/uploads\/2024\/08\/webinaire.png 639w\" sizes=\"(max-width: 300px) 100vw, 300px\" \/><\/p>\n<p style=\"text-align: justify\">Les vid\u00e9os sont soumises aux votes de jurys experts et au vote du public sur les r\u00e9seaux sociaux. Une vingtaine de finalistes ont \u00e9t\u00e9 pr\u00e9s\u00e9lectionn\u00e9s et leurs vid\u00e9os peuvent \u00eatre consult\u00e9es \u00e0 ce lien\u00a0: <a href=\"https:\/\/ggtc.world\/actions\/global-media-competition\/entries\/\">https:\/\/ggtc.world\/actions\/global-media-competition\/entries\/<\/a><\/p>\n<p style=\"text-align: justify\"><a href=\"https:\/\/ggtc.world\/actions\/webinars\/clicking-into-a-tobacco-free-future-youth-led-digital-solutions-and-global-media-competition-2024-awards\">Pour s\u2019inscrire \u00e0 au webinaire<\/a> (12 ao\u00fbt 2024 \u2013 14h)<\/p>\n<p style=\"text-align: justify\"><strong><a href=\"https:\/\/www.generationsanstabac.org\/\">\u00a9G\u00e9n\u00e9ration Sans Tabac<\/a><\/strong><\/p>\n<p style=\"text-align: right\"><em><strong>AE<\/strong><\/em><\/p>\n<hr \/>\n<p><span style=\"color: #999999\"><strong><a style=\"color: #999999\" href=\"http:\/\/www.cnct.fr\/\" target=\"_blank\" rel=\"noopener noreferrer\">Comit\u00e9 national contre le tabagisme |<\/a><\/strong><\/span><\/p>\n","protected":false},"excerpt":{"rendered":"<p>\u00c0 l\u2019occasion de la Journ\u00e9e internationale de la jeunesse qui se tiendra le 12 ao\u00fbt prochain, l\u2019Organisation mondiale de la sant\u00e9 (OMS) en collaboration avec\u00a0 Good Governance for Tobacco Control (GGTC), le secr\u00e9tariat de la Convention-Cadre pour la lutte antitabac (CCLAT), Global Youth Voices (GYV), et Stop Tobacco Pollution Alliance (STPA), organisent un webinaire afin de pr\u00e9senter et promouvoir les solutions num\u00e9riques et l\u2019utilisation de l\u2019intelligence artificielle pour contrer les tactiques de l&rsquo;industrie du tabac sur les m\u00e9dias num\u00e9riques.<\/p>\n","protected":false},"featured_media":22063,"template":"","tags":[],"thematique":[499,565],"class_list":["post-22059","actualites","type-actualites","status-publish","has-post-thumbnail","hentry","thematique-lobby","thematique-sensibilisation"],"acf":[],"_links":{"self":[{"href":"https:\/\/www.generationsanstabac.org\/fr\/wp-json\/wp\/v2\/actualites\/22059","targetHints":{"allow":["GET"]}}],"collection":[{"href":"https:\/\/www.generationsanstabac.org\/fr\/wp-json\/wp\/v2\/actualites"}],"about":[{"href":"https:\/\/www.generationsanstabac.org\/fr\/wp-json\/wp\/v2\/types\/actualites"}],"version-history":[{"count":0,"href":"https:\/\/www.generationsanstabac.org\/fr\/wp-json\/wp\/v2\/actualites\/22059\/revisions"}],"wp:featuredmedia":[{"embeddable":true,"href":"https:\/\/www.generationsanstabac.org\/fr\/wp-json\/wp\/v2\/media\/22063"}],"wp:attachment":[{"href":"https:\/\/www.generationsanstabac.org\/fr\/wp-json\/wp\/v2\/media?parent=22059"}],"wp:term":[{"taxonomy":"post_tag","embeddable":true,"href":"https:\/\/www.generationsanstabac.org\/fr\/wp-json\/wp\/v2\/tags?post=22059"},{"taxonomy":"thematique","embeddable":true,"href":"https:\/\/www.generationsanstabac.org\/fr\/wp-json\/wp\/v2\/thematique?post=22059"}],"curies":[{"name":"wp","href":"https:\/\/api.w.org\/{rel}","templated":true}]}}