{"id":21928,"date":"2024-07-27T09:00:52","date_gmt":"2024-07-27T07:00:52","guid":{"rendered":"https:\/\/www.generationsanstabac.org\/?post_type=actualites&#038;p=21928"},"modified":"2024-08-06T23:10:41","modified_gmt":"2024-08-06T21:10:41","slug":"royaume-uni-les-travaillistes-reintroduisent-linterdiction-de-vente-de-tabac-aux-personnes-nees-apres-2009","status":"publish","type":"actualites","link":"https:\/\/www.generationsanstabac.org\/fr\/actualites\/royaume-uni-les-travaillistes-reintroduisent-linterdiction-de-vente-de-tabac-aux-personnes-nees-apres-2009\/","title":{"rendered":"Royaume-Uni : les travaillistes r\u00e9introduisent l\u2019interdiction de vente de tabac aux personnes n\u00e9es apr\u00e8s 2009"},"content":{"rendered":"<p style=\"text-align: justify;\"><em>Le nouveau gouvernement travailliste du Royaume-Uni va r\u00e9introduire le projet visant \u00e0 interdire la vente de produits du tabac \u00e0 toute personne n\u00e9e apr\u00e8s janvier 2009. Le projet de loi sur le tabac et les produits de vapotage, qui avait re\u00e7u le soutien de tous les partis lors de la derni\u00e8re l\u00e9gislature, a \u00e9t\u00e9 inclus dans le discours du roi ce 17 juillet, lequel pr\u00e9sente les priorit\u00e9s du nouveau gouvernement pour la l\u00e9gislature \u00e0 venir.<\/em><\/p>\n<p style=\"text-align: justify;\">Le gouvernement conservateur de l&rsquo;ancien Premier ministre Rishi Sunak avait initialement pr\u00e9sent\u00e9 un projet de loi en mars dernier, mais qui n\u2019avait pas pu \u00eatre adopt\u00e9 en raison des \u00e9lections g\u00e9n\u00e9rales britanniques de juillet 2024 ayant conduit \u00e0 la d\u00e9faite du parti conservateur.  Plus de 1 400 personnes, dont des m\u00e9decins, des universitaires, des professionnels de la sant\u00e9 et des experts en sant\u00e9 publique, ont sign\u00e9 une lettre ouverte exhortant le nouveau Premier ministre Keir Starmer \u00e0 r\u00e9introduire le projet de loi<a href=\"#_ftn1\" name=\"_ftnref1\">[1]<\/a>.<\/p>\n<h2 style=\"text-align: justify;\"><strong>Une mesure sans pr\u00e9c\u00e9dent dans le monde<\/strong><\/h2>\n<p style=\"text-align: justify;\">Dans son <a href=\"https:\/\/www.gov.uk\/government\/speeches\/the-kings-speech-2024\">discours<\/a>, le roi Charles a d\u00e9clar\u00e9 qu&rsquo;un projet de loi sera introduit pour augmenter progressivement l&rsquo;\u00e2ge auquel il sera autoris\u00e9 de vendre aux personnes des produits du tabac. Le projet inclura \u00e9galement des dispositions pour limiter la vente et la commercialisation des dispositifs de vapotage et autres produits de la nicotine comme les sachets, notamment en restreignant les ar\u00f4mes attractifs et en rendant les emballages moins attrayants. L&rsquo;interdiction des vapes jetables fera \u00e9galement l&rsquo;objet d&rsquo;une r\u00e9glementation rattach\u00e9e \u00e0 la l\u00e9gislation sur l&rsquo;environnement. Elle devrait \u00eatre adopt\u00e9e sous peu. Les contr\u00f4les concernant l\u2019application de l\u2019interdiction de vente de produits du vapotage aux mineurs de moins de 18 ans seront renforc\u00e9s. Les pr\u00e9rogatives des agents responsables de ces contr\u00f4les seront \u00e9largies pour leur permettre de constater et verbaliser sur place tout responsable de magasin pris en flagrant d\u00e9lit.<\/p>\n<p style=\"text-align: justify;\">Cette l\u00e9gislation britannique sur le tabagisme sera parmi les plus strictes au monde. L\u2019approche britannique s\u2019inscrit dans le prolongement d\u2019une initiative similaire port\u00e9e pour la premi\u00e8re fois en Nouvelle-Z\u00e9lande mais qui a \u00e9t\u00e9 abandonn\u00e9e suite \u00e0 la venue au pouvoir d\u2019un gouvernement conservateur li\u00e9 au lobby du tabac.<\/p>\n<h2 style=\"text-align: justify;\"><strong>Le poids du tabagisme au Royaume-Uni et une forte consommation de produits du vapotage chez les adolescents<\/strong><\/h2>\n<p style=\"text-align: justify;\">Les <a href=\"https:\/\/ash.org.uk\/resources\/view\/facts-at-a-glance\">taux<\/a> de tabagisme ont consid\u00e9rablement diminu\u00e9 au Royaume-Uni au cours des derni\u00e8res d\u00e9cennies pour s\u2019\u00e9tablir \u00e0 moins de 13% de la population. Cependant le pays continue \u00e0 \u00eatre confront\u00e9e \u00e0 une mortalit\u00e9 \u00e9lev\u00e9e attribuable au tabagisme, notamment par cancer. Une analyse r\u00e9cente de l&rsquo;organisation caritative Cancer Research U.K. soulignait que les cas de cancers li\u00e9s au tabagisme \u00e9taient toujours en augmentation. Selon les donn\u00e9es \u00e9pid\u00e9miologiques du pays, quelques 160 cancers li\u00e9s au tabagisme sont diagnostiqu\u00e9s chaque jour. Cela repr\u00e9sente environ 20 cas de plus par jour qu&rsquo;il y a vingt ans<a href=\"#_ftn2\" name=\"_ftnref2\">[2]<\/a>. L\u2019incidence de la baisse de la consommation de tabac sur la mortalit\u00e9 est certes rapide sur les pathologies cardiovasculaires mais ses effets pour la diminution de la mortalit\u00e9 par cancer et certaines pathologies respiratoires exigent plus de temps ce qui explique ce d\u00e9calage actuel entre baisse de la consommation et progression de la mortalit\u00e9 attribuable au tabagisme.<\/p>\n<p style=\"text-align: justify;\">D\u2019autres pr\u00e9occupations de sant\u00e9 publique sont apparues plus r\u00e9cemment : la consommation des produits du vapotage augmente rapidement, en particulier chez les adolescents. En 2023, une enqu\u00eate<a href=\"#_ftn3\" name=\"_ftnref3\">[3]<\/a> men\u00e9e par l&rsquo;organisation Action on Smoking and Health (ASH) a r\u00e9v\u00e9l\u00e9 que 20,5 % des 11-17 ans avaient d\u00e9j\u00e0 essay\u00e9 de vapoter, contre 15,8 % en 2022 et 13,9 % en 2020 et 7,6% d\u2019entre eux sont des vapoteurs r\u00e9guliers. \u00c0 titre de comparaison, ils sont 3,6% \u00e0 fumer des cigarettes classiques.<\/p>\n<p>Credit photo : HOLLIE ADAMS\/POOL\/EPA\/MAXPPP<\/p>\n<p style=\"text-align: justify;\"><strong><a href=\"https:\/\/www.generationsanstabac.org\/\">\u00a9G\u00e9n\u00e9ration Sans Tabac<\/a><\/strong><\/p>\n<p style=\"text-align: right;\"><b><i>AE<\/i><\/b><\/p>\n<hr \/>\n<p style=\"text-align: justify;\"><a href=\"#_ftnref1\" name=\"_ftn1\">[1]<\/a> Rory O&rsquo;neill, <a href=\"https:\/\/www.politico.eu\/article\/uks-labour-to-reintroduce-tobacco-ban-but-backs-off-on-disposable-vapes\/\">UK\u2019s Labour to reintroduce tobacco ban<\/a>, Politico, publi\u00e9 le 17 juillet 2024, consult\u00e9 le 19 juillet 2024<\/p>\n<p style=\"text-align: justify;\"><a href=\"#_ftnref2\" name=\"_ftn2\">[2]<\/a> Jacob Smith, <a href=\"https:\/\/news.cancerresearchuk.org\/2024\/07\/09\/smoking-cancers-reach-all-time-high\/\">Cancers caused by smoking reach all time high<\/a>, Cancer Research UK, publi\u00e9 le 9 juillet 2024, consult\u00e9 le 19 juillet 2024<\/p>\n<p style=\"text-align: justify;\"><a href=\"#_ftnref3\" name=\"_ftn3\">[3]<\/a> Rapport, <a href=\"https:\/\/ash.org.uk\/resources\/view\/use-of-e-cigarettes-among-young-people-in-great-britain\">Use of e-cigarettes among young people in Great Britain<\/a>, ASH UK, publi\u00e9 en juin 2023, consult\u00e9 le 19 juillet 2024<\/p>\n<p><span style=\"color: #999999;\"><strong><a style=\"color: #999999;\" href=\"http:\/\/www.cnct.fr\/\" target=\"_blank\" rel=\"noopener noreferrer\">Comit\u00e9 national contre le tabagisme |<\/a><\/strong><\/span><\/p>\n","protected":false},"excerpt":{"rendered":"<p>Le nouveau gouvernement travailliste du Royaume-Uni va r\u00e9introduire le projet visant \u00e0 interdire la vente de produits du tabac \u00e0 toute personne n\u00e9e apr\u00e8s janvier 2009. Le projet de loi sur le tabac et les produits de vapotage, qui avait re\u00e7u le soutien de tous les partis lors de la derni\u00e8re l\u00e9gislature, a \u00e9t\u00e9 inclus dans le discours du roi ce 17 juillet, lequel pr\u00e9sente les priorit\u00e9s du nouveau gouvernement pour la l\u00e9gislature \u00e0 venir.<\/p>\n","protected":false},"featured_media":21976,"template":"","tags":[],"thematique":[474],"class_list":["post-21928","actualites","type-actualites","status-publish","has-post-thumbnail","hentry","thematique-sante"],"acf":[],"_links":{"self":[{"href":"https:\/\/www.generationsanstabac.org\/fr\/wp-json\/wp\/v2\/actualites\/21928","targetHints":{"allow":["GET"]}}],"collection":[{"href":"https:\/\/www.generationsanstabac.org\/fr\/wp-json\/wp\/v2\/actualites"}],"about":[{"href":"https:\/\/www.generationsanstabac.org\/fr\/wp-json\/wp\/v2\/types\/actualites"}],"version-history":[{"count":0,"href":"https:\/\/www.generationsanstabac.org\/fr\/wp-json\/wp\/v2\/actualites\/21928\/revisions"}],"wp:featuredmedia":[{"embeddable":true,"href":"https:\/\/www.generationsanstabac.org\/fr\/wp-json\/wp\/v2\/media\/21976"}],"wp:attachment":[{"href":"https:\/\/www.generationsanstabac.org\/fr\/wp-json\/wp\/v2\/media?parent=21928"}],"wp:term":[{"taxonomy":"post_tag","embeddable":true,"href":"https:\/\/www.generationsanstabac.org\/fr\/wp-json\/wp\/v2\/tags?post=21928"},{"taxonomy":"thematique","embeddable":true,"href":"https:\/\/www.generationsanstabac.org\/fr\/wp-json\/wp\/v2\/thematique?post=21928"}],"curies":[{"name":"wp","href":"https:\/\/api.w.org\/{rel}","templated":true}]}}