{"id":21921,"date":"2024-07-17T09:00:08","date_gmt":"2024-07-17T07:00:08","guid":{"rendered":"https:\/\/www.generationsanstabac.org\/?post_type=actualites&#038;p=21921"},"modified":"2024-08-06T23:13:17","modified_gmt":"2024-08-06T21:13:17","slug":"belgique-interdiction-des-etals-pour-les-produits-du-tabac-et-du-vapotage-en-2025","status":"publish","type":"actualites","link":"https:\/\/www.generationsanstabac.org\/fr\/actualites\/belgique-interdiction-des-etals-pour-les-produits-du-tabac-et-du-vapotage-en-2025\/","title":{"rendered":"Belgique : interdiction des \u00e9tals pour les produits du tabac et du vapotage en 2025"},"content":{"rendered":"<p style=\"text-align: justify;\"><em>\u00c0 partir du 1er avril 2025, les produits du tabac et du vapotage ne seront plus visibles dans les \u00e9tals des magasins en Belgique. Cette d\u00e9cision concernera tous les points de vente, y compris les supermarch\u00e9s, les marchands de journaux, les stations-service et les magasins en franchise de taxes.<\/em><\/p>\n<p style=\"text-align: justify;\">L\u2019interdiction des \u00e9tals des produits (display ban) signifie que les produits ne peuvent plus \u00eatre visibles aux yeux des clients dans les lieux de vente. Cette mesure s\u2019appliquera aux produits du tabac et \u00e0 leurs accessoires (filtres, papiers, etc.) ainsi qu\u2019aux produits et accessoires du vapotage.<\/p>\n<p style=\"text-align: justify;\">Une liste contenant le nom de la marque et le prix, pr\u00e9sent\u00e9e de mani\u00e8re normalis\u00e9e et neutre, sera \u00e0 la disposition du consommateur adulte lorsque celui-ci d\u00e9sirera avoir des informations concernant le produit qu\u2019il envisage d\u2019acheter. Toute autre mention sera interdite, conform\u00e9ment \u00e0 l\u2019interdiction de publicit\u00e9 qui pr\u00e9vaut.<\/p>\n<h2 style=\"text-align: justify;\"><strong>Renforcement du plan national contre le tabac<\/strong><\/h2>\n<p style=\"text-align: justify;\">Cette initiative est un des piliers du plan national contre le tabac lanc\u00e9 par le gouvernement belge en 2022, qui vise \u00e0 parvenir \u00e0 une g\u00e9n\u00e9ration sans tabac d&rsquo;ici 2032. Le but de cette disposition est de r\u00e9duire l&rsquo;attrait du tabagisme, en particulier parmi les jeunes, en limitant la visibilit\u00e9 des produits du tabac et de la nicotine dans les espaces de vente. D\u2019autres mesures embl\u00e9matiques ont concern\u00e9 les nouveaux produits de la nicotine comme l\u2019interdiction des sachets de nicotine et les cigarettes \u00e9lectroniques jetables (puffs).<\/p>\n<p style=\"text-align: justify;\">D\u2019autres dispositions concernent l&rsquo;augmentation des taxes sur le tabac pour en augmenter de mani\u00e8re importante le prix, le renforcement des contr\u00f4les relatifs \u00e0 l\u2019interdiction de vente aux mineurs et l&rsquo;extension des lieux o\u00f9 il est interdit de fumer.<\/p>\n<h2 style=\"text-align: justify;\"><strong>Enjeux et objectifs de la l\u00e9gislation<\/strong><\/h2>\n<p style=\"text-align: justify;\">Ce plan d\u2019ensemble apparait d\u2019autant plus important que la pr\u00e9valence tabagique demeure \u00e9lev\u00e9e dans le pays. Selon la Fondation contre le cancer, 24 % de la population belge fume, avec 19 % de fumeurs quotidiens. Le pays paye un lourd tribut au tabagisme : il demeure la premi\u00e8re cause \u00e9vitable de cancer et chaque jour pr\u00e8s de 40 Belges perdent la vie \u00e0 cause du tabagisme, tandis que 300 000 autres souffrent de maladies li\u00e9es au tabac. Les projections \u00e9tablies en 2018 pr\u00e9voyaient d\u2019atteindre un taux de tabagisme de 10% \u00e0 l&rsquo;horizon 2040 mais avec la nouvelle strat\u00e9gie f\u00e9d\u00e9rale le gouvernement entend atteindre cet objectif d&rsquo;ici 2028 \u00e0 travers cette politique volontariste.<a href=\"#_ftnref1\" name=\"_ftn1\">[1]<\/a><a href=\"#_ftn1\" name=\"_ftnref1\"><\/a><\/p>\n<p>Pour y parvenir, l\u2019effectivit\u00e9 de l\u2019ensemble des mesures, notamment celle de l\u2019interdiction des \u00e9tals, est jug\u00e9e par les acteurs de sant\u00e9 publique comme d\u00e9terminante.<\/p>\n<p style=\"text-align: justify;\"><strong><a href=\"https:\/\/www.generationsanstabac.org\/\">\u00a9G\u00e9n\u00e9ration Sans Tabac<\/a><\/strong><\/p>\n<p style=\"text-align: right;\"><em><strong>DT<\/strong><\/em><\/p>\n<hr \/>\n<p><a href=\"#_ftnref1\" name=\"_ftn1\">[1]<\/a> Sciensano Gisle, L., Demarest, S., &amp; Drieskens, S. (2018). <a href=\"https:\/\/www.sciensano.be\/en\/biblio\/enquete-de-sante-2018-consommation-de-tabac\">Enqu\u00eate de sant\u00e9 2018: Consommation de tabac<\/a> , Bruxelles, Belgique<\/p>\n<p><span style=\"color: #999999;\"><strong><a style=\"color: #999999;\" href=\"http:\/\/www.cnct.fr\/\" target=\"_blank\" rel=\"noopener noreferrer\">Comit\u00e9 national contre le tabagisme |<\/a><\/strong><\/span><\/p>\n","protected":false},"excerpt":{"rendered":"<p>\u00c0 partir du 1er avril 2025, les produits du tabac et du vapotage ne seront plus visibles dans les \u00e9talages des magasins. Cette d\u00e9cision concernera tous les points de vente, y compris les supermarch\u00e9s, les marchands de journaux, les stations-service et les magasins en franchise de taxes.<\/p>\n","protected":false},"featured_media":21962,"template":"","tags":[],"thematique":[491],"class_list":["post-21921","actualites","type-actualites","status-publish","has-post-thumbnail","hentry","thematique-politiques-publiques"],"acf":[],"_links":{"self":[{"href":"https:\/\/www.generationsanstabac.org\/fr\/wp-json\/wp\/v2\/actualites\/21921","targetHints":{"allow":["GET"]}}],"collection":[{"href":"https:\/\/www.generationsanstabac.org\/fr\/wp-json\/wp\/v2\/actualites"}],"about":[{"href":"https:\/\/www.generationsanstabac.org\/fr\/wp-json\/wp\/v2\/types\/actualites"}],"version-history":[{"count":0,"href":"https:\/\/www.generationsanstabac.org\/fr\/wp-json\/wp\/v2\/actualites\/21921\/revisions"}],"wp:featuredmedia":[{"embeddable":true,"href":"https:\/\/www.generationsanstabac.org\/fr\/wp-json\/wp\/v2\/media\/21962"}],"wp:attachment":[{"href":"https:\/\/www.generationsanstabac.org\/fr\/wp-json\/wp\/v2\/media?parent=21921"}],"wp:term":[{"taxonomy":"post_tag","embeddable":true,"href":"https:\/\/www.generationsanstabac.org\/fr\/wp-json\/wp\/v2\/tags?post=21921"},{"taxonomy":"thematique","embeddable":true,"href":"https:\/\/www.generationsanstabac.org\/fr\/wp-json\/wp\/v2\/thematique?post=21921"}],"curies":[{"name":"wp","href":"https:\/\/api.w.org\/{rel}","templated":true}]}}