{"id":21915,"date":"2024-07-10T09:00:29","date_gmt":"2024-07-10T07:00:29","guid":{"rendered":"https:\/\/www.generationsanstabac.org\/?post_type=actualites&#038;p=21915"},"modified":"2024-08-06T23:15:30","modified_gmt":"2024-08-06T21:15:30","slug":"pakistan-meconnaissance-et-consommation-elevee-de-tabac-chauffe-chez-les-adultes","status":"publish","type":"actualites","link":"https:\/\/www.generationsanstabac.org\/fr\/actualites\/pakistan-meconnaissance-et-consommation-elevee-de-tabac-chauffe-chez-les-adultes\/","title":{"rendered":"Pakistan : m\u00e9connaissance et consommation \u00e9lev\u00e9e de tabac chauff\u00e9 chez les adultes"},"content":{"rendered":"<p style=\"text-align: justify;\"><em>Une r\u00e9cente \u00e9tude publi\u00e9e dans BMC Public Health par l&rsquo;Universit\u00e9 Aga Khan et le Jinnah Medical and Dental College a \u00e9valu\u00e9 les connaissances, les attitudes et l&rsquo;utilisation des produits du tabac chauff\u00e9 en population g\u00e9n\u00e9rale au Pakistan. Men\u00e9e aupr\u00e8s d\u2019un \u00e9chantillon repr\u00e9sentatif de 1200 adultes, l\u2019\u00e9tude r\u00e9v\u00e8le que plus de la moiti\u00e9 d\u2019entre eux ont d\u00e9j\u00e0 entendu parler du tabac chauff\u00e9 et 13% en consomment r\u00e9guli\u00e8rement. Ils sont \u00e9galement <\/em>27,78%<em> \u00e0 ne pas savoir que ces produits contiennent du tabac. <\/em><\/p>\n<p style=\"text-align: justify;\">L\u2019\u00e9pid\u00e9mie tabagique au Pakistan reste majeure. Selon l&rsquo;Organisation mondiale de la sant\u00e9 (OMS), environ 19 % des adultes pakistanais consomment des produits du tabac, avec une pr\u00e9valence plus \u00e9lev\u00e9e chez les hommes (31,8 %) compar\u00e9e \u00e0 celle des femmes (5,8 %). Le tabagisme est responsable de plus de 160 000 d\u00e9c\u00e8s pr\u00e9matur\u00e9s par an dans le pays.<\/p>\n<h2 style=\"text-align: justify;\"><strong>Une m\u00e9connaissance sur la composition de ces produits et une sous-\u00e9valuation des risques<\/strong><\/h2>\n<p style=\"text-align: justify;\">Une \u00e9tude transversale a \u00e9t\u00e9 men\u00e9e par l\u2019Universit\u00e9 de Aga Khan et le Jinnah Medical and Dental College au Pakistan et publi\u00e9e le 16 mai 2024. Un \u00e9chantillon de 1 195 adultes de plus de 18 ans a r\u00e9pondu \u00e0 un questionnaire en ligne. L\u2019objectif de cette \u00e9tude \u00e9tait de mettre en lumi\u00e8re les connaissances, les attitudes et l&rsquo;usage des produits du tabac \u00e0 chauff\u00e9 au Pakistan.<\/p>\n<p style=\"text-align: justify;\">Elle r\u00e9v\u00e8le que 54,73 % des participants avaient entendu parler des produits du tabac \u00e0 chauffer et que pr\u00e8s de 17% en ont d\u00e9j\u00e0 consomm\u00e9 au moins une fois. 13,4% d\u2019entre eux d\u00e9clarent en consommer de mani\u00e8re r\u00e9guli\u00e8re.<\/p>\n<p style=\"text-align: justify;\">Pr\u00e8s de la moiti\u00e9 ont indiqu\u00e9 que ces produits contenaient \u00e0 la fois de la nicotine et du tabac tandis que 27,78% ont mentionn\u00e9 que selon eux ces produits ne contiennent que de la nicotine. Pour les auteurs de l\u2019\u00e9tude, ce pourcentage \u00e9lev\u00e9 montre l&rsquo;efficacit\u00e9 des campagnes de marketing des cigarettiers pour les produits du tabac chauff\u00e9. Concernant les risques sur la sant\u00e9, 31,63 % n\u2019\u00e9taient au courant des risques de la consommation de ces produits sur la sant\u00e9 comme le cancer et les accidents vasculaires c\u00e9r\u00e9braux. Cependant, une majorit\u00e9 des participants (59%) a exprim\u00e9 des inqui\u00e9tudes quant \u00e0 leur utilisation pendant la grossesse et pour les personnes souffrant de maladies chroniques telles que les maladies cardiaques, la tension art\u00e9rielle et le diab\u00e8te.<\/p>\n<p style=\"text-align: justify;\">Parmi les raisons \u00e9voqu\u00e9es de la consommation, les r\u00e9pondants ont indiqu\u00e9 qu\u2019il s\u2019agissait d\u2019une \u00ab exp\u00e9rience plaisante \u00bb, que le tabac chauff\u00e9 \u00e9tait une \u00ab bonne alternative \u00bb au tabagisme classique, qu\u2019il y a moins d\u2019odeur que les cigarettes manufactur\u00e9es et la disponibilit\u00e9 des ar\u00f4mes.<\/p>\n<h2 style=\"text-align: justify;\"><strong>Le Pakistan : Un march\u00e9 convoit\u00e9 par l\u2019industrie du tabac<\/strong><\/h2>\n<p style=\"text-align: justify;\">Malgr\u00e9 la ratification du Pakistan de la Convention-cadre de l&rsquo;OMS pour la lutte antitabac (CCLAT) en 2004, et l\u2019adoption de diff\u00e9rentes mesures par le pays, nombre d\u2019entre elles demeurent inappliqu\u00e9es. Les hausses de taxes demeurent faibles, les interdictions de publicit\u00e9 sont peu respect\u00e9es. Le pays a adopt\u00e9 une loi pour augmenter la taille des avertissements sanitaires illustr\u00e9s \u00e0 85 % de la surface des paquets de cigarettes (SRO 22(KE)\/2015). Cependant, cette loi n&rsquo;a jamais \u00e9t\u00e9 appliqu\u00e9e et a \u00e9t\u00e9 continuellement retard\u00e9e \u00e0 cause de la pression exerc\u00e9e par l&rsquo;industrie du tabac. Finalement, lorsqu&rsquo;elle a \u00e9t\u00e9 mise en \u0153uvre, la taille des avertissements n&rsquo;\u00e9tait que de 60 % de la surface des paquets.<a href=\"#_ftn1\" name=\"_ftnref1\">[1]<\/a> Ce compromis politique met en \u00e9vidence le pouvoir de l&rsquo;industrie dans le pays.<\/p>\n<p style=\"text-align: justify;\">Le Pakistan compte 208 millions d&rsquo;habitants, dont deux tiers ont moins de 30 ans, une cible privil\u00e9gi\u00e9e pour les fabricants. Ces derniers d\u00e9ploient des strat\u00e9gies de marketing agressives pour promouvoir leurs produits comme \u00e9tant moins nocifs et comme des alternatives \u00ab plus s\u00fbres \u00bb. Environ 10 % des jeunes de 13 \u00e0 15 ans consomment r\u00e9guli\u00e8rement des produits du tabac.<a href=\"https:\/\/www.generationsanstabac.org\/actualites\/pakistan-meconnaissance-et-consommation-elevee-de-tabac-chauffe-chez-les-adultes\/#_ftnref2\" name=\"_ftn2\">[2]<\/a><a href=\"#_ftn2\" name=\"_ftnref2\"><\/a><\/p>\n<h2 style=\"text-align: justify;\"><strong>Besoin de clarification et de sensibilisation sur les tabacs chauff\u00e9s<\/strong><\/h2>\n<p style=\"text-align: justify;\">Les auteurs de l&rsquo;\u00e9tude soulignent la n\u00e9cessit\u00e9 de clarifier le statut des tabacs chauff\u00e9s qui sont des produits du tabac et doivent \u00eatre r\u00e9glement\u00e9s comme tels. Ils appellent \u00e0 informer la population, notamment les jeunes, sur les dangers de ces nouveaux produits du tabac.<\/p>\n<p style=\"text-align: justify;\">En effet, malgr\u00e9 les all\u00e9gations des cigarettiers sur la pr\u00e9tendue nocivit\u00e9 r\u00e9duite des produits du tabac \u00e0 chauffer, aucune \u00e9tude scientifique ind\u00e9pendante n&rsquo;a valid\u00e9 ces produits comme une alternative saine aux cigarettes traditionnelles. Les recherches existantes soulignent que ces produits contiennent encore des substances toxiques et pr\u00e9sentent des risques pour la sant\u00e9. Les affirmations des fabricants reposent souvent sur leurs propres \u00e9tudes, qui manquent de transparence et sont susceptibles de biais.<\/p>\n<p><a href=\"#_ftnref1\" name=\"_ftn1\"><\/a><\/p>\n<p style=\"text-align: right;\"><b><i>DT<\/i><\/b><\/p>\n<p style=\"text-align: justify;\"><strong><a href=\"https:\/\/www.generationsanstabac.org\/\">\u00a9G\u00e9n\u00e9ration Sans Tabac<\/a><\/strong><\/p>\n<hr \/>\n<p style=\"text-align: justify;\"><a href=\"#_ftnref1\" name=\"_ftn1\">[1]<\/a> Journals, <a href=\"https:\/\/journals.lww.com\/ijnc\/fulltext\/2020\/05010\/tracking_progress_of_tobacco_control_in_pakistan.4.aspx\">Tracking progress of tobacco control in Pakistan against the MPOWER package of interventions<\/a><\/p>\n<p style=\"text-align: justify;\"><a href=\"https:\/\/journals.lww.com\/ijnc\/fulltext\/2020\/05010\/tracking_progress_of_tobacco_control_in_pakistan.4.aspx\">Challenges and opportunities<\/a>, publi\u00e9 en 2020, consult\u00e9 le 9 juillet 2024<\/p>\n<p style=\"text-align: justify;\"><a href=\"#_ftnref2\" name=\"_ftn2\">[2]<\/a> G\u00e9n\u00e9ration Sans tabac, <a href=\"https:\/\/www.generationsanstabac.org\/actualites\/pakistan-industrie-tabac-profite-pandemie-promouvoir-nouveaux-produits\/#:~:text=Au%20Pakistan%2C%20selon%20l'enqu%C3%AAte,r%C3%A9guli%C3%A8rement%20des%20produits%20du%20tabac.\">Pakistan : l\u2019industrie du tabac a profit\u00e9 de la pand\u00e9mie pour promouvoir ses nouveaux produits<\/a>, GST, publi\u00e9 le 29 juin 2021, consult\u00e9 le 8 juillet 2024<\/p>\n<p>&nbsp;<\/p>\n<p><span style=\"color: #999999;\"><strong><a style=\"color: #999999;\" href=\"http:\/\/www.cnct.fr\/\" target=\"_blank\" rel=\"noopener noreferrer\">Comit\u00e9 national contre le tabagisme |<\/a><\/strong><\/span><\/p>\n","protected":false},"excerpt":{"rendered":"<p>Une r\u00e9cente \u00e9tude publi\u00e9e dans BMC Public Health par l&rsquo;Universit\u00e9 Aga Khan et le Jinnah Medical and Dental College a \u00e9valu\u00e9 les connaissances, les attitudes et l&rsquo;utilisation des produits du tabac chauff\u00e9 en population g\u00e9n\u00e9rale au Pakistan. Men\u00e9e aupr\u00e8s d\u2019un \u00e9chantillon repr\u00e9sentatif de 1200 adultes, l\u2019\u00e9tude r\u00e9v\u00e8le que plus de la moiti\u00e9 d\u2019entre eux ont d\u00e9j\u00e0 entendu parler du tabac chauff\u00e9 et 13% en consomment r\u00e9guli\u00e8rement. Ils sont \u00e9galement 27.78% \u00e0 ne pas savoir que ces produits contiennent du tabac.<\/p>\n","protected":false},"featured_media":21954,"template":"","tags":[],"thematique":[474],"class_list":["post-21915","actualites","type-actualites","status-publish","has-post-thumbnail","hentry","thematique-sante"],"acf":[],"_links":{"self":[{"href":"https:\/\/www.generationsanstabac.org\/fr\/wp-json\/wp\/v2\/actualites\/21915","targetHints":{"allow":["GET"]}}],"collection":[{"href":"https:\/\/www.generationsanstabac.org\/fr\/wp-json\/wp\/v2\/actualites"}],"about":[{"href":"https:\/\/www.generationsanstabac.org\/fr\/wp-json\/wp\/v2\/types\/actualites"}],"version-history":[{"count":0,"href":"https:\/\/www.generationsanstabac.org\/fr\/wp-json\/wp\/v2\/actualites\/21915\/revisions"}],"wp:featuredmedia":[{"embeddable":true,"href":"https:\/\/www.generationsanstabac.org\/fr\/wp-json\/wp\/v2\/media\/21954"}],"wp:attachment":[{"href":"https:\/\/www.generationsanstabac.org\/fr\/wp-json\/wp\/v2\/media?parent=21915"}],"wp:term":[{"taxonomy":"post_tag","embeddable":true,"href":"https:\/\/www.generationsanstabac.org\/fr\/wp-json\/wp\/v2\/tags?post=21915"},{"taxonomy":"thematique","embeddable":true,"href":"https:\/\/www.generationsanstabac.org\/fr\/wp-json\/wp\/v2\/thematique?post=21915"}],"curies":[{"name":"wp","href":"https:\/\/api.w.org\/{rel}","templated":true}]}}