{"id":21913,"date":"2024-07-07T17:35:36","date_gmt":"2024-07-07T15:35:36","guid":{"rendered":"https:\/\/www.generationsanstabac.org\/?post_type=actualites&#038;p=21913"},"modified":"2024-08-06T23:16:32","modified_gmt":"2024-08-06T21:16:32","slug":"malte-soutien-a-lextension-des-interdictions-de-fumer","status":"publish","type":"actualites","link":"https:\/\/www.generationsanstabac.org\/fr\/actualites\/malte-soutien-a-lextension-des-interdictions-de-fumer\/","title":{"rendered":"Malte : soutien \u00e0 l\u2019extension des interdictions de fumer"},"content":{"rendered":"<p style=\"text-align: justify;\"><em>Vingt ans apr\u00e8s l&rsquo;introduction de l&rsquo;interdiction de fumer dans les bars et restaurants \u00e0 Malte, un r\u00e9cent sondage Eurobarom\u00e8tre r\u00e9v\u00e8le un soutien massif de la population pour une extension de l&rsquo;interdiction dans les espaces publics ext\u00e9rieurs tels que les parcs, les plages et les lieux de regroupement des personnes.<\/em><\/p>\n<h2 style=\"text-align: justify;\"><strong>Une interdiction de fumer pr\u00e9coce dans les lieux publics<\/strong><\/h2>\n<p style=\"text-align: justify;\">L&rsquo;interdiction initiale de fumer dans les bars et restaurants \u00e0 Malte a \u00e9t\u00e9 instaur\u00e9e en 2004. A cette \u00e9poque, la mesure b\u00e9n\u00e9ficiait d\u00e9j\u00e0 d\u2019un ample soutien de la population et avait \u00e9t\u00e9 adopt\u00e9e en d\u00e9pit de l\u2019opposition du secteur de l\u2019accueil et de la restauration<a href=\"#_ftn1\" name=\"_ftnref1\">[1]<\/a>. Ce dernier g\u00e9n\u00e9ralement li\u00e9 \u00e0 l\u2019industrie du tabac, craignait que la mesure ait des r\u00e9percussions \u00e9conomiques sur l\u2019activit\u00e9 des \u00e9tablissements. Mais 80% de la population appuyait la mesure, que les personnes soient non fumeuses comme fumeuses.<\/p>\n<p style=\"text-align: justify;\">A l\u2019instar des autres pays ayant adopt\u00e9 cette mesure d\u2019interdiction initialement dans les lieux int\u00e9rieurs, la population a alors demand\u00e9 au fil des ann\u00e9es que la mesure d\u2019extension soit \u00e9largie aux lieux publics ext\u00e9rieurs.<a href=\"#_ftn2\" name=\"_ftnref2\">[2]<\/a><\/p>\n<h2 style=\"text-align: justify;\"><strong>Soutien populaire et enjeu de la mesure<\/strong><\/h2>\n<p style=\"text-align: justify;\">Selon le sondage Eurobarom\u00e8tre r\u00e9alis\u00e9 le 5 juin 2023, 73% des Maltais soutiennent une extension de l\u2019interdiction de fumer. Cette proportion est plus \u00e9lev\u00e9e que la moyenne europ\u00e9enne qui est de 56%.<\/p>\n<h2 style=\"text-align: justify;\"><strong>Un soutien massif \u00e0 l\u2019extension des interdictions de fumer<\/strong><\/h2>\n<p style=\"text-align: justify;\">Si les Maltais approuvent l\u2019extension des interdictions de fumer, ils soulignent \u00e9galement que la mesure d\u2019interdiction d\u00e9j\u00e0 en vigueur n\u00e9cessiterait une meilleure application. En effet, une \u00e9crasante majorit\u00e9 (92%) d\u00e9clare avoir \u00e9t\u00e9 expos\u00e9e au tabagisme passif dans les lieux publics en ext\u00e9rieur. Cette proportion est sensiblement plus \u00e9lev\u00e9e que la moyenne de l&rsquo;UE (69%).<\/p>\n<p style=\"text-align: justify;\">L\u2019enjeu de ces mesures d\u2019interdiction de fumer est par ailleurs d\u2019autant plus important que l\u2019\u00e9volution de la pr\u00e9valence tabagique dans le pays se d\u00e9grade. La derni\u00e8re enqu\u00eate de pr\u00e9valence de 2023 indiquait qu\u2019environ 22% de la population maltaise fument, tandis que 3% utilisent des cigarettes \u00e9lectroniques, des chiffres l\u00e9g\u00e8rement inf\u00e9rieurs \u00e0 la moyenne de l&rsquo;UE. Cependant, le pourcentage de fumeurs a augment\u00e9 de 2 points par rapport \u00e0 l&rsquo;ann\u00e9e pr\u00e9c\u00e9dente, soulignant la progression particuli\u00e8rement inqui\u00e9tante de l\u2019\u00e9pid\u00e9mie tabagique dans le pays.<\/p>\n<p style=\"text-align: right;\"><b><i>DT<\/i><\/b><\/p>\n<p style=\"text-align: justify;\"><strong><a href=\"https:\/\/www.generationsanstabac.org\/\">\u00a9G\u00e9n\u00e9ration Sans Tabac<\/a><\/strong><\/p>\n<hr \/>\n<p style=\"text-align: justify;\"><a href=\"#_ftnref1\" name=\"_ftn1\">[1]<\/a> James Debono, <a href=\"https:\/\/www.maltatoday.com.mt\/news\/national\/129876\/73_of_maltese_want_smoking_ban_in_openair_places#.ZobFk3ZBw2w\">73% of Maltese want smoking ban in open-air places<\/a>, MaltaToday, publi\u00e9 le 29 juin 2024, consult\u00e9 le 5 juillet 2024<\/p>\n<p style=\"text-align: justify;\"><a href=\"#_ftnref2\" name=\"_ftn2\">[2]<\/a> James Debono, <a href=\"https:\/\/www.maltatoday.com.mt\/news\/national\/129876\/73_of_maltese_want_smoking_ban_in_openair_places#.ZobFk3ZBw2w\">73% of Maltese want smoking ban in open-air places<\/a>, MaltaToday, publi\u00e9 le 29 juin 2024, consult\u00e9 le 5 juillet 2024<\/p>\n<p>&nbsp;<\/p>\n<p><span style=\"color: #999999;\"><strong><a style=\"color: #999999;\" href=\"http:\/\/www.cnct.fr\/\" target=\"_blank\" rel=\"noopener noreferrer\">Comit\u00e9 national contre le tabagisme |<\/a><\/strong><\/span><\/p>\n","protected":false},"excerpt":{"rendered":"<p>Vingt ans apr\u00e8s l&rsquo;introduction de l&rsquo;interdiction de fumer dans les bars et restaurants \u00e0 Malte, un r\u00e9cent sondage Eurobarom\u00e8tre r\u00e9v\u00e8le un soutien massif de la population pour une extension de l&rsquo;interdiction dans les espaces publics ext\u00e9rieurs tels que les parcs, les plages et les lieux de regroupement des personnes.<\/p>\n","protected":false},"featured_media":21950,"template":"","tags":[],"thematique":[474],"class_list":["post-21913","actualites","type-actualites","status-publish","has-post-thumbnail","hentry","thematique-sante"],"acf":[],"_links":{"self":[{"href":"https:\/\/www.generationsanstabac.org\/fr\/wp-json\/wp\/v2\/actualites\/21913","targetHints":{"allow":["GET"]}}],"collection":[{"href":"https:\/\/www.generationsanstabac.org\/fr\/wp-json\/wp\/v2\/actualites"}],"about":[{"href":"https:\/\/www.generationsanstabac.org\/fr\/wp-json\/wp\/v2\/types\/actualites"}],"version-history":[{"count":0,"href":"https:\/\/www.generationsanstabac.org\/fr\/wp-json\/wp\/v2\/actualites\/21913\/revisions"}],"wp:featuredmedia":[{"embeddable":true,"href":"https:\/\/www.generationsanstabac.org\/fr\/wp-json\/wp\/v2\/media\/21950"}],"wp:attachment":[{"href":"https:\/\/www.generationsanstabac.org\/fr\/wp-json\/wp\/v2\/media?parent=21913"}],"wp:term":[{"taxonomy":"post_tag","embeddable":true,"href":"https:\/\/www.generationsanstabac.org\/fr\/wp-json\/wp\/v2\/tags?post=21913"},{"taxonomy":"thematique","embeddable":true,"href":"https:\/\/www.generationsanstabac.org\/fr\/wp-json\/wp\/v2\/thematique?post=21913"}],"curies":[{"name":"wp","href":"https:\/\/api.w.org\/{rel}","templated":true}]}}