{"id":21519,"date":"2024-07-03T07:00:03","date_gmt":"2024-07-03T05:00:03","guid":{"rendered":"https:\/\/www.generationsanstabac.org\/actualites\/le-gabon-lance-linitiative-administration-sans-tabac-pour-faire-appliquer-la-legislation-en-vigueur\/"},"modified":"2025-01-16T15:28:11","modified_gmt":"2025-01-16T14:28:11","slug":"le-gabon-lance-linitiative-administration-sans-tabac-pour-faire-appliquer-la-legislation-en-vigueur","status":"publish","type":"actualites","link":"https:\/\/www.generationsanstabac.org\/fr\/actualites\/le-gabon-lance-linitiative-administration-sans-tabac-pour-faire-appliquer-la-legislation-en-vigueur\/","title":{"rendered":"Le Gabon lance l&rsquo;initiative \u00ab Administration sans tabac \u00bb pour faire appliquer la l\u00e9gislation en vigueur"},"content":{"rendered":"<p style=\"text-align: justify\"><em>Mercredi 26 juin, le gouvernement gabonais a inaugur\u00e9 l&rsquo;initiative \u00ab Administration sans tabac \u00bb, visant \u00e0 donner l\u2019exemple et renforcer l&rsquo;application stricte de la loi interdisant la consommation de tabac dans les lieux publics. Cette d\u00e9marche s&rsquo;inscrit dans le cadre de la Journ\u00e9e internationale de lutte contre la drogue, soulignant l\u2019annonce du Gabon \u00e0 vouloir r\u00e9duire les m\u00e9faits du tabac.<\/em><\/p>\n<h2 style=\"text-align: justify\"><strong> L\u2019\u00e9pid\u00e9mie tabagique au Gabon<\/strong><\/h2>\n<p style=\"text-align: justify\">Bien que touch\u00e9 plus tardivement par l\u2019\u00e9pid\u00e9mie tabagique, cette derni\u00e8re repr\u00e9sente au Gabon un probl\u00e8me de sant\u00e9 publique significatif. Une enqu\u00eate men\u00e9e en 2009 par l&rsquo;OMS a r\u00e9v\u00e9l\u00e9 que 12,1 % des adultes \u00e2g\u00e9s de 16 \u00e0 64 ans fument, avec une pr\u00e9valence plus \u00e9lev\u00e9e chez les hommes (19,7 %) que chez les femmes (4,6 %). En milieu scolaire, l\u2019\u00e9cart de consommation entre les sexes est plus restreint. Une \u00e9tude de 2014 a montr\u00e9 que 10,4 % des jeunes de 13 \u00e0 15 ans fument, avec des taux de 15,1 % pour les gar\u00e7ons et 7,1 % pour les filles\u200b.<a href=\"#_ftn1\" name=\"_ftnref1\">[1]<\/a><\/p>\n<p style=\"text-align: justify\">Le Gabon a ratifi\u00e9 le trait\u00e9 de l\u2019OMS, la Convention cadre pour la lutte antitabac et a instaur\u00e9 une l\u00e9gislation qui repose sur plusieurs lois et d\u00e9crets visant \u00e0 prot\u00e9ger la sant\u00e9 publique contre les effets nocifs du tabac. La loi n\u00b0006\/2013 du 21 ao\u00fbt 2013 instaure diverses mesures de lutte antitabac, notamment l&rsquo;interdiction de fumer dans les lieux publics, la limitation de la publicit\u00e9 pour les produits du tabac, et de l\u2019interdiction de la vente de tabac aux mineurs\u200b. Mais cette l\u00e9gislation souffre de ne pas \u00eatre appliqu\u00e9e en raison notamment de l\u2019influence majeure des industries du tabac.<\/p>\n<p style=\"text-align: justify\">En 2021, l\u2019Index de l\u2019Interf\u00e9rence de l\u2019Industrie du tabac r\u00e9v\u00e8le que, sur 57 pays \u00e0 l\u2019\u00e9chelle mondiale analys\u00e9s, le Gabon se retrouve au 3eme rang des pays les plus influenc\u00e9s par l\u2019industrie du tabac.<a href=\"#_ftn2\" name=\"_ftnref2\">[2]<\/a><\/p>\n<p style=\"text-align: justify\">A cela s\u2019est ajout\u00e9e la probl\u00e9matique des nouveaux produits du tabac et de la nicotine. En 2022, pour contrer les risques associ\u00e9s \u00e0 leur utilisation chez les jeunes, le Programme national de sant\u00e9 mentale, de lutte contre le tabac, l\u2019alcool et les drogues (PNLT), en collaboration avec l&rsquo;Organisation mondiale de la sant\u00e9 (OMS), avait organis\u00e9 un atelier du 10 au 11 ao\u00fbt. Les parties prenantes s&rsquo;\u00e9taient r\u00e9unies pour r\u00e9fl\u00e9chir aux m\u00e9canismes de r\u00e9glementation de ces nouveaux produits.<a href=\"#_ftn3\" name=\"_ftnref3\">[3]<\/a><\/p>\n<h2 style=\"text-align: justify\"><strong>Une volont\u00e9 affich\u00e9e de lutter contre le tabagisme<\/strong><\/h2>\n<p style=\"text-align: justify\">Une rencontre s\u2019est tenue mercredi 26 juin 2024, au CHU Jeanne Ebori de Libreville, r\u00e9unissant, experts nationaux, responsables publics locaux et nationaux. A cette occasion ont notamment \u00e9t\u00e9 rappel\u00e9s les enjeux de la r\u00e9glementation nationale en vigueur. Ren\u00e9e Ndjaga Enombo, directrice du Programme national de lutte anti-tabac, a affirm\u00e9 \u00e0 cette occasion la volont\u00e9 du minist\u00e8re de la Sant\u00e9 du Gabon de promouvoir un environnement sans tabac dans les espaces ouverts au public et \u00e0 la n\u00e9cessit\u00e9 d\u2019appliquer la r\u00e9glementation prohibant toute consommation de tabac dans ces lieux \u00e0 usage collectif. Dans l\u2019application de ces dispositions, le Gabon peut compter sur le soutien du secr\u00e9tariat de la Convention cadre pour la lutte antitabac de l\u2019OMS et s\u2019appuyer sur les bonnes pratiques d\u00e9velopp\u00e9es dans d\u2019autres pays.<a href=\"#_ftn4\" name=\"_ftnref4\">[4]<\/a><\/p>\n<p>&nbsp;<\/p>\n<p style=\"text-align: right\"><b><i>DT<\/i><\/b><\/p>\n<p style=\"text-align: justify\"><strong><a href=\"https:\/\/www.generationsanstabac.org\/\">\u00a9G\u00e9n\u00e9ration Sans Tabac<\/a><\/strong><\/p>\n<hr \/>\n<p>&nbsp;<\/p>\n<p><a href=\"#_ftnref1\" name=\"_ftn1\">[1]<\/a> F\u00e9d\u00e9ration Atlantique des Agences de Presses Africaines<a href=\"https:\/\/www.faapa.info\/blog\/gabonlutte-contre-le-tabagisme-une-campagne-dinformation-et-de-sensibilisation-lancee-a-libreville\/\">, Gabon\/lutte contre le tabagisme : Une campagne d\u2019information et de sensibilisation lanc\u00e9e \u00e0 Libreville<\/a>, FAAPA, publi\u00e9 le 22 janvier 2021, consult\u00e9 le 01 juillet 2024<\/p>\n<p><a href=\"#_ftnref2\" name=\"_ftn2\">[2]<\/a> ATCA, <a href=\"https:\/\/atca-africa.org\/fr\/frein-a-la-lutte-antitabac-au-gabon-la-regie-gabonaise-des-tabacs-et-le-groupe-ceca-gadis-pointe-du-doigt\/\">Frein \u00e0 la lutte antitabac au Gabon, la r\u00e9gie Gabonaise des Tabacs et le groupe CECA-GADIS, point\u00e9s du doigt<\/a>, ATCA, publi\u00e9 le 23 novembre 2024, consult\u00e9 le 1 juillet 2024<\/p>\n<p><a href=\"#_ftnref3\" name=\"_ftn3\">[3]<\/a> Loic Ntoutoume, <a href=\"https:\/\/www.gabonreview.com\/lutte-antitabac-le-gabon-sattaque-a-la-nouvelle-strategie-des-marchands-de-cendres\/\">Lutte antitabac : Le Gabon s\u2019attaque \u00e0 la nouvelle strat\u00e9gie des marchands de cendres<\/a>, Gabon Review, publi\u00e9 le 10 ao\u00fbt 2022, consult\u00e9 le 1 juillet 2024<\/p>\n<p><a href=\"#_ftnref4\" name=\"_ftn4\">[4]<\/a> Griffin Ondo Nzuey, <a href=\"https:\/\/www.gabonreview.com\/consommation-du-tabac-le-gabon-nen-veut-plus-dans-ses-administrations\/\">Consommation du tabac : le Gabon n\u2019en veut plus dans ses administrations<\/a>, GabonReview, publi\u00e9 le 27 juin 2024, consult\u00e9 le 1 juillet 2024<\/p>\n<p><span style=\"color: #999999\"><strong><a style=\"color: #999999\" href=\"http:\/\/www.cnct.fr\/\" target=\"_blank\" rel=\"noopener noreferrer\">Comit\u00e9 national contre le tabagisme |<\/a><\/strong><\/span><\/p>\n","protected":false},"excerpt":{"rendered":"<p>Mercredi 26 juin, le gouvernement gabonais a inaugur\u00e9 l&rsquo;initiative \u00ab Administration sans tabac \u00bb, visant \u00e0 donner l\u2019exemple et renforcer l&rsquo;application stricte de la loi interdisant la consommation de tabac dans les lieux publics. Cette d\u00e9marche s&rsquo;inscrit dans le cadre de la Journ\u00e9e internationale de lutte contre la drogue, soulignant l\u2019annonce du Gabon \u00e0 vouloir r\u00e9duire les m\u00e9faits du tabac.<\/p>\n","protected":false},"featured_media":12194,"template":"","tags":[],"thematique":[491,565],"class_list":["post-21519","actualites","type-actualites","status-publish","has-post-thumbnail","hentry","thematique-politiques-publiques","thematique-sensibilisation"],"acf":[],"_links":{"self":[{"href":"https:\/\/www.generationsanstabac.org\/fr\/wp-json\/wp\/v2\/actualites\/21519","targetHints":{"allow":["GET"]}}],"collection":[{"href":"https:\/\/www.generationsanstabac.org\/fr\/wp-json\/wp\/v2\/actualites"}],"about":[{"href":"https:\/\/www.generationsanstabac.org\/fr\/wp-json\/wp\/v2\/types\/actualites"}],"version-history":[{"count":0,"href":"https:\/\/www.generationsanstabac.org\/fr\/wp-json\/wp\/v2\/actualites\/21519\/revisions"}],"wp:featuredmedia":[{"embeddable":true,"href":"https:\/\/www.generationsanstabac.org\/fr\/wp-json\/wp\/v2\/media\/12194"}],"wp:attachment":[{"href":"https:\/\/www.generationsanstabac.org\/fr\/wp-json\/wp\/v2\/media?parent=21519"}],"wp:term":[{"taxonomy":"post_tag","embeddable":true,"href":"https:\/\/www.generationsanstabac.org\/fr\/wp-json\/wp\/v2\/tags?post=21519"},{"taxonomy":"thematique","embeddable":true,"href":"https:\/\/www.generationsanstabac.org\/fr\/wp-json\/wp\/v2\/thematique?post=21519"}],"curies":[{"name":"wp","href":"https:\/\/api.w.org\/{rel}","templated":true}]}}