{"id":21508,"date":"2024-06-25T07:00:04","date_gmt":"2024-06-25T05:00:04","guid":{"rendered":"https:\/\/www.generationsanstabac.org\/actualites\/nouvelle-loi-antitabac-en-roumanie-des-mesures-plus-strictes-pour-proteger-la-sante-publique\/"},"modified":"2024-06-25T07:00:04","modified_gmt":"2024-06-25T05:00:04","slug":"nouvelle-loi-antitabac-en-roumanie-des-mesures-plus-strictes-pour-proteger-la-sante-publique","status":"publish","type":"actualites","link":"https:\/\/www.generationsanstabac.org\/fr\/actualites\/nouvelle-loi-antitabac-en-roumanie-des-mesures-plus-strictes-pour-proteger-la-sante-publique\/","title":{"rendered":"Nouvelle loi antitabac en Roumanie : des mesures plus strictes pour prot\u00e9ger la sant\u00e9 publique"},"content":{"rendered":"<p style=\"text-align: justify;\"><em>La Roumanie a r\u00e9cemment franchi une \u00e9tape significative dans sa politique de sant\u00e9 publique en adoptant une l\u00e9gislation stricte visant \u00e0 interdire la publicit\u00e9 pour l\u2019ensemble des produits du tabac, du vapotage et de la nicotine. Cette initiative, port\u00e9e par Gigel Stirbu, membre du Parlement europ\u00e9en affili\u00e9 au Parti National Lib\u00e9ral (PNL), vise \u00e0 prot\u00e9ger la jeunesse roumaine des dangers associ\u00e9s \u00e0 la consommation de tabac et des autres produits de la nicotine.<\/em><\/p>\n<p style=\"text-align: justify;\">Dans le pays, le tabagisme constitue la principale cause de maladie et de d\u00e9c\u00e8s pr\u00e9matur\u00e9e et \u00e9vitable. Plus d&rsquo;un quart de la population \u00e2g\u00e9e de 15 ans et plus consomme du tabac, dont 18,7% sont des fumeurs quotidiens selon l&rsquo;\u00e9tude \u00ab\u00a0Population Health Status\u00a0\u00bb r\u00e9alis\u00e9e par l&rsquo;Institut national de Statistiques, 2021. A cela s\u2019ajoute les consommateurs de cigarettes \u00e9lectroniques) -. La forte pr\u00e9valence du tabagisme chez les jeunes est inqui\u00e9tante. Selon la m\u00eame \u00e9tude la proportion de fumeurs, parmi les adolescents et les jeunes de 15 \u00e0 24 ans, qui fument quotidiennement est de 10,16%, tandis que 9,81% fument occasionnellement. Environ 1,7% de la population \u00e2g\u00e9e de 15 ans et plus ont d\u00e9clar\u00e9 utiliser des cigarettes \u00e9lectroniques, avec la plus forte proportion d&rsquo;utilisateurs dans la tranche d&rsquo;\u00e2ge 25-34 ans (3,3%). <a href=\"#_ftn1\" name=\"_ftnref1\">[1]<\/a><\/p>\n<h2 style=\"text-align: justify;\"><strong>Le retard de la Roumanie dans la mise en place de mesures antitabac<\/strong><\/h2>\n<p style=\"text-align: justify;\">La Roumanie, bien que Partie depuis 2006 au trait\u00e9 de l\u2019OMS la Convention-cadre de pour la lutte antitabac, a mis du temps \u00e0 adopter des mesures strictes pour lutter contre le tabagisme en raison d\u2019un lobby assez important de la part des fabricants de tabac. La prise de conscience croissante des dangers du tabagisme passif et la pression internationale ont finalement conduit \u00e0 des changements. En 2008<a href=\"#_ftn2\" name=\"_ftnref2\">[2]<\/a>, une loi relative \u00e0 la publicit\u00e9 et au parrainage des produits du tabac en Roumanie avait \u00e9t\u00e9 promulgu\u00e9e.<\/p>\n<p style=\"text-align: justify;\">Mais c\u2019est seulement en mars 2016, que le pays a adopt\u00e9 la loi interdisant de fumer dans les espaces publics ferm\u00e9s, les espaces de travail et les aires de jeux pour enfants\u200b. A cela s\u2019est ajout\u00e9e la transposition de la directive europ\u00e9enne sur les produits du tabac r\u00e9glementant les produits du tabac et du vapotage. Cette loi de 2016 a \u00e9t\u00e9 une \u00e9tape cruciale vers la protection de la sant\u00e9 publique.<a href=\"#_ftn3\" name=\"_ftnref3\">[3]<\/a> Le 28 mars 2024, avec le d\u00e9veloppement des nouveaux produits mis sur le march\u00e9, la Roumanie vient de promulguer la loi n\u00b0 64\/2024 modifiant et compl\u00e9tant certaines dispositions ant\u00e9rieures, Des restrictions sont introduites concernant la commercialisation, la vente et l&#8217;emballage des produits du tabac, des cigarettes \u00e9lectroniques, des produits du tabac chauff\u00e9s et des produits de la nicotine dans le pays tandis qu\u2019est introduite interdiction de vente de tous ces produits aux mineurs de moins de 18 ans.<\/p>\n<h2 style=\"text-align: justify;\"><strong>R\u00e9duire la visibilit\u00e9 et consommation des produits du tabac et de la nicotine<\/strong><\/h2>\n<p style=\"text-align: justify;\">C\u2019est dans cette continuit\u00e9 qu\u2019en juin 2024, la Roumanie a adopt\u00e9 une nouvelle loi antitabac<a href=\"#_ftn4\" name=\"_ftnref4\"><\/a> La loi de 2024 renforce le principe de l\u2019interdiction totale de la publicit\u00e9 jusqu\u2019alors partielle, quel que soit le support, y compris en ligne et sur les r\u00e9seaux sociaux. Elle int\u00e8gre en outre les publicit\u00e9s pour les nouveaux produits du tabac et de la nicotine dans le champ de l\u2019interdit. Le dispositif d\u2019affichage autoris\u00e9 sur les lieux de vente est strictement encadr\u00e9. De plus, le pays impose des emballages neutres pour tous les produits, visant \u00e0 r\u00e9duire leur attrait, en particulier parmi les jeunes.<\/p>\n<p style=\"text-align: justify;\">Par ailleurs, cette nouvelle l\u00e9gislation inclut des augmentations de taxes sur les produits du tabac et des campagnes de sensibilisation plus intensives sur les dangers du tabagisme.<\/p>\n<p style=\"text-align: justify;\">Cette interdiction vise \u00e0 r\u00e9duire l&rsquo;exposition des jeunes et du grand public aux messages marketing incitant \u00e0 la consommation de tabac.<\/p>\n<p style=\"text-align: justify;\">Ainsi, la Roumanie continue de renforcer son cadre l\u00e9gislatif pour lutter contre les effets n\u00e9fastes du tabagisme sur la sant\u00e9 publique. L\u2019enjeu est important pour le pays : o\u00f9 la morbidit\u00e9 et la mortalit\u00e9 attribuables au tabagisme sont \u00e9lev\u00e9es. Cet engagement du pays s\u2019inscrit \u00e9galement dans une optique de r\u00e9duction des maladies non transmissibles (les cancers, les maladies cardiovasculaires et les maladies respiratoires) dont une part importante est due aux comportements notamment le tabac.<\/p>\n<p><strong><a href=\"https:\/\/www.generationsanstabac.org\/\">\u00a9G\u00e9n\u00e9ration Sans Tabac<\/a><\/strong><\/p>\n<p style=\"text-align: right;\"><b><i>DT<\/i><\/b><\/p>\n<hr \/>\n<p style=\"text-align: justify;\"><a href=\"#_ftnref1\" name=\"_ftn1\">[1]<\/a>  l&rsquo;Institut National de la Statistique<a href=\"https:\/\/insp.gov.ro\/2024\/05\/30\/31-mai-ziua-mondiala-fara-tutun\/\">, \u00ab \u00c9tat de sant\u00e9 de la population \u00bb<\/a> , publi\u00e9 en 2021, consult\u00e9 le 24 juin 2024<\/p>\n<p style=\"text-align: justify;\"><a href=\"#_ftnref2\" name=\"_ftn2\">[2]<\/a> <a href=\"https:\/\/assets.tobaccocontrollaws.org\/uploads\/legislation\/Romania\/Romania-Law-No.-457.pdf\">https:\/\/assets.tobaccocontrollaws.org\/uploads\/legislation\/Romania\/Romania-Law-No.-457.pdf<\/a><\/p>\n<p style=\"text-align: justify;\"><a href=\"#_ftnref3\" name=\"_ftn3\">[3]<\/a> Christina Radulescu<a href=\"https:\/\/cafebabel.com\/en\/article\/up-in-smoke-the-impact-of-the-romanian-smoking-ban-5ae00b11f723b35a145e718a\/\">, Up in smoke: The impact of the Romanian smoking ban<\/a>, CafeBale, publi\u00e9 le 31 mai 2016, consult\u00e9 le 20 juin 2024<\/p>\n<p style=\"text-align: justify;\"><a href=\"#_ftnref4\" name=\"_ftn4\">[4]<\/a> Lulia Gherman, <a href=\"https:\/\/www.romania-actualitati.ro\/news-in-english\/the-chamber-of-deputies-adopted-the-bill-banning-the-advertising-of-several-tobacco-or-nicotine-products-id194748.html\">The Chamber of Deputies adopted the bill banning the advertising of several tobacco or nicotine products<\/a>, Radio Romania, publi\u00e9 le 18 juin 2024, consult\u00e9 le 20 juin 2024<\/p>\n<p><span style=\"color: #999999;\"><strong><a style=\"color: #999999;\" href=\"http:\/\/www.cnct.fr\/\" target=\"_blank\" rel=\"noopener noreferrer\">Comit\u00e9 national contre le tabagisme |<\/a><\/strong><\/span><\/p>\n","protected":false},"excerpt":{"rendered":"<p>La Roumanie a r\u00e9cemment franchi une \u00e9tape significative dans sa politique de sant\u00e9 publique en adoptant une l\u00e9gislation stricte visant \u00e0 interdire la publicit\u00e9 pour l\u2019ensemble des produits du tabac, du vapotage et de la nicotine. Cette initiative, port\u00e9e par Gigel Stirbu, membre du Parlement europ\u00e9en affili\u00e9 au Parti National Lib\u00e9ral (PNL), vise \u00e0 prot\u00e9ger la jeunesse roumaine des dangers associ\u00e9s \u00e0 la consommation de tabac et des autres produits de la nicotine.<\/p>\n","protected":false},"featured_media":12180,"template":"","tags":[],"thematique":[516,491],"class_list":["post-21508","actualites","type-actualites","status-publish","has-post-thumbnail","hentry","thematique-nouveaux-produits","thematique-politiques-publiques"],"acf":[],"_links":{"self":[{"href":"https:\/\/www.generationsanstabac.org\/fr\/wp-json\/wp\/v2\/actualites\/21508","targetHints":{"allow":["GET"]}}],"collection":[{"href":"https:\/\/www.generationsanstabac.org\/fr\/wp-json\/wp\/v2\/actualites"}],"about":[{"href":"https:\/\/www.generationsanstabac.org\/fr\/wp-json\/wp\/v2\/types\/actualites"}],"version-history":[{"count":0,"href":"https:\/\/www.generationsanstabac.org\/fr\/wp-json\/wp\/v2\/actualites\/21508\/revisions"}],"wp:featuredmedia":[{"embeddable":true,"href":"https:\/\/www.generationsanstabac.org\/fr\/wp-json\/wp\/v2\/media\/12180"}],"wp:attachment":[{"href":"https:\/\/www.generationsanstabac.org\/fr\/wp-json\/wp\/v2\/media?parent=21508"}],"wp:term":[{"taxonomy":"post_tag","embeddable":true,"href":"https:\/\/www.generationsanstabac.org\/fr\/wp-json\/wp\/v2\/tags?post=21508"},{"taxonomy":"thematique","embeddable":true,"href":"https:\/\/www.generationsanstabac.org\/fr\/wp-json\/wp\/v2\/thematique?post=21508"}],"curies":[{"name":"wp","href":"https:\/\/api.w.org\/{rel}","templated":true}]}}